{"id":12420,"date":"2017-07-01T12:17:51","date_gmt":"2017-07-01T10:17:51","guid":{"rendered":"http:\/\/buscounchollo.com\/blog\/?p=4541"},"modified":"2021-08-24T17:10:53","modified_gmt":"2021-08-24T15:10:53","slug":"vacaciones-en-la-montana-andorra-tambien-es-para-el-verano","status":"publish","type":"post","link":"https:\/\/www.buscounchollo.com\/blog\/vacaciones-en-la-montana-andorra-tambien-es-para-el-verano\/","title":{"rendered":"\u00bfVacaciones en la monta\u00f1a? Andorra tambi\u00e9n es para el verano"},"content":{"rendered":"<div id=\"toc_container\" class=\"no_bullets\"><p class=\"toc_title\">Contenido<\/p><ul class=\"toc_list\"><li><a href=\"#Relax_y_buena_temperatura\"><span class=\"toc_number toc_depth_1\">1<\/span> Relax y buena temperatura<\/a><\/li><li><a href=\"#Verano_en_Andorra_Si_es_posible\"><span class=\"toc_number toc_depth_1\">2<\/span> \u00bfVerano en Andorra? S\u00ed, es posible<\/a><\/li><li><a href=\"#Que_hacer_durante_tus_vacaciones_en_Andorra\"><span class=\"toc_number toc_depth_1\">3<\/span> \u00bfQu\u00e9 hacer durante tus vacaciones en Andorra?<\/a><\/li><li><a href=\"#El_Circo_del_Sol_un_espectaculo_unico_e_irrepetible\"><span class=\"toc_number toc_depth_1\">4<\/span> El Circo del Sol, un espect\u00e1culo \u00fanico e irrepetible<\/a><\/li><li><a href=\"#Y_por_supuesto_ir_de_compras\"><span class=\"toc_number toc_depth_1\">5<\/span> Y, por supuesto, ir de compras<\/a><\/li><\/ul><\/div>\n\n<p>Ponte en situaci\u00f3n. Tienes por delante un caluroso verano, pocos d\u00edas de vacaciones y unas ganas inmensas de desconectar de la rutina. \u00bfY qu\u00e9 mejor para ello que un destino no demasiado lejano? No busques m\u00e1s, en <a href=\"https:\/\/www.buscounchollo.com\/\" target=\"_blank\" rel=\"noreferrer noopener\"><strong>BuscoUnChollo.com<\/strong><\/a> tenemos la soluci\u00f3n.<\/p>\n\n\n\n<p>Si piensas en <strong>Andorra<\/strong>, seguramente tu mente se traslade al paisaje g\u00e9lido y al blanco reluciente de sus monta\u00f1as, pero el pa\u00eds de los Pirineos es mucho m\u00e1s que nieve y esqu\u00ed. Ya va siendo hora de dejar atr\u00e1s los clich\u00e9s y de lanzarse a la aventura. \u00bfNos acompa\u00f1as?<\/p>\n\n\n\n<div class=\"wp-block-image\"><figure class=\"aligncenter\"><img decoding=\"async\" src=\"https:\/\/buscounchollo.com\/blog\/wp-content\/uploads\/2017\/05\/andorra-verano.png\" alt=\"andorra-verano\" class=\"wp-image-4560\"\/><\/figure><\/div>\n\n\n\n<h2 class=\"wp-block-heading\"><span id=\"Relax_y_buena_temperatura\">Relax y buena temperatura<\/span><\/h2>\n\n\n\n<p>El verano es sin\u00f3nimo de vacaciones, pero no necesariamente de playa. Cada vez son m\u00e1s los viajeros que, en vez de ir al mar, prefieren acercarse a la monta\u00f1a a descansar y a estar en <a href=\"https:\/\/www.buscounchollo.com\/tematicos\/chollos-montana\/2\/\" target=\"_blank\" rel=\"noreferrer noopener\"><strong>contacto con la naturaleza<\/strong><\/a>, en un entorno que ofrece un sinf\u00edn de posibilidades y actividades. \u00bfEn verano? \u00a1Pues claro que s\u00ed! No todo en esta vida iba a ser esqu\u00ed, \u00bfno crees?<\/p>\n\n\n\n<p>Adem\u00e1s, el buen tiempo y las temperaturas agradables son la excusa perfecta para salir y descubrir parajes de ensue\u00f1o. \ud83d\ude42<\/p>\n\n\n\n<div class=\"wp-block-image\"><figure class=\"aligncenter\"><img decoding=\"async\" src=\"https:\/\/buscounchollo.com\/blog\/wp-content\/uploads\/2017\/05\/andorra-trekking.jpg\" alt=\"andorra-trekking\" class=\"wp-image-4551\"\/><\/figure><\/div>\n\n\n\n<h2 class=\"wp-block-heading\"><span id=\"Verano_en_Andorra_Si_es_posible\">\u00bfVerano en Andorra? S\u00ed, es posible<\/span><\/h2>\n\n\n\n<p>\u00bfTe preguntas qu\u00e9 se puede hacer en <a href=\"https:\/\/buscounchollo.com\/blog\/guia-viaje-sobre-andorra\/\" target=\"_blank\" rel=\"noreferrer noopener\"><strong>Andorra<\/strong><\/a>? El Principado es de esos destinos que sorprenden una y otra vez, especialmente, porque ofrece en muy poco espacio una gran variedad de lugares con encanto y actividades. <\/p>\n\n\n\n<p>Y es que, aunque no lo creas, a\u00fan quedan cosas por hacer en la monta\u00f1a: mucha vida y naturaleza, pueblos que visitar, restaurantes que probar, lugares que fotografiar y redescubrir despu\u00e9s de que la nieve los deje visibles&#8230; La lista es casi interminable, pero hemos seleccionado diferentes ideas sobre lo que puedes hacer cuando est\u00e1s de vacaciones en Andorra. Te encantar\u00e1n.<\/p>\n\n\n\n<h2 class=\"wp-block-heading\"><\/h2>\n\n\n\n<h2 class=\"wp-block-heading\"><span id=\"Que_hacer_durante_tus_vacaciones_en_Andorra\"><strong>\u00bfQu\u00e9 hacer durante tus vacaciones en Andorra?<\/strong><\/span><\/h2>\n\n\n\n<p>El Principado ofrece algunas actividades que, probablemente, ni siquiera sospechas que existen. La aventura en Andorra puede vivirse en funci\u00f3n del nivel de adrenalina que desees descargar: desde tranquilos paseos en bicicleta por la monta\u00f1a, entretenidos <strong>parques de multiaventura&nbsp;<\/strong>(como Naturlandia y su Tobotronc), divertidas caminatas y rutas a caballo, hasta practicar el barranquismo o hacer escalada.&nbsp;<\/p>\n\n\n\n<p>El siguiente v\u00eddeo resume las actividades que podr\u00e1s practicar a lo largo de tus vacaciones en Andorra. Ded\u00edcale un minuto, \u00a1es una pasada!<\/p>\n\n\n\n<figure><iframe loading=\"lazy\" src=\"https:\/\/www.youtube.com\/embed\/QcJNnecGu5s\" width=\"560\" height=\"315\" allowfullscreen=\"allowfullscreen\"><\/iframe><\/figure>\n\n\n\n<h2 class=\"wp-block-heading\"><span id=\"El_Circo_del_Sol_un_espectaculo_unico_e_irrepetible\"><strong>El Circo del Sol, un espect\u00e1culo \u00fanico e irrepetible<\/strong><\/span><\/h2>\n\n\n\n<p>Andorra es aventura de d\u00eda, pero tambi\u00e9n de noche. Desde hace un par de a\u00f1os, el Principado goza del privilegio de albergar diferentes espect\u00e1culos del prestigioso y m\u00e1gico <strong>Cirque du Soleil<\/strong>, una compa\u00f1\u00eda circense y canadiense que cambi\u00f3 el concepto de circo tradicional. \u00bfHas visto alguno de sus espect\u00e1culos? <\/p>\n\n\n\n<p>Si no es as\u00ed, o bien quieres repetir la experiencia, desde<strong> BuscoUnChollo.com<\/strong>&nbsp; te animamos a disfrutar de <strong>DIVA<\/strong><em>, <\/em>el novedoso&nbsp;espect\u00e1culo del Cirque du Soleil&nbsp;en Andorra. Una funci\u00f3n&nbsp;que rinde homenaje a&nbsp; a algunas de las divas m\u00e1s importantes de todos los tiempos (de ah\u00ed su nombre); como por ejemplo <strong>Madonna, Rihanna o Celine Dion<\/strong>. Durante la funci\u00f3n, volver\u00e1s a disfrutar de grandes \u00e9xitos musicales acompa\u00f1ados de alucinantes acrobacias in\u00e9ditas (que se est\u00e1n ensayando en Montreal, Canad\u00e1). Y todo ello, presentado bajo una inmensa carpa en el coraz\u00f3n de Andorra la Vella.<\/p>\n\n\n\n<figure><iframe loading=\"lazy\" src=\"https:\/\/www.youtube.com\/embed\/T0kKWJKLjrk\" width=\"560\" height=\"315\" allowfullscreen=\"allowfullscreen\"><\/iframe><\/figure>\n\n\n\n<p>Reservando <a href=\"https:\/\/www.buscounchollo.com\/reserva-chollo\/9812\/circo-del-sol-caldea-en-pleno-centro-de-andorra\/02072018\" target=\"_blank\" rel=\"noreferrer noopener\"><strong>nuestro chollo en Andorra<\/strong><\/a>, dispondr\u00e1s de 1 noches en el acogedor Hotel Espel (a 300m de Caldea), de&nbsp;tres estrellas y con 1 desayunos por persona. Pero eso no es todo: se te entregar\u00e1n 2 entradas muy especiales. <\/p>\n\n\n\n<p>La primera, te permitir\u00e1 acceder al <strong>centro termal Caldea<\/strong>, uno de los atractivos m\u00e1s reconocidos de Andorra; la segunda, efectivamente, se trata de un pase para el espect\u00e1culo del Circo del Sol, con un asiento por persona.<\/p>\n\n\n\n<div class=\"wp-block-image wp-image-4571 size-full\"><figure class=\"aligncenter\"><img decoding=\"async\" src=\"https:\/\/buscounchollo.com\/blog\/wp-content\/uploads\/2017\/05\/caldea.jpg\" alt=\"caldea\" class=\"wp-image-4571\"\/><figcaption>Caldea, el para\u00edso de las aguas termales<\/figcaption><\/figure><\/div>\n\n\n\n<p><br><strong>En Andorra, tambi\u00e9n hay lugar para el arte<\/strong><\/p>\n\n\n\n<p>Son muchas las<strong> joyas del Rom\u00e1nico<\/strong> que se encuentran en Andorra. De todas ellas, destacan especialmente las peque\u00f1as iglesias de arte rom\u00e1nico, que forman una preciosa ruta perfectamente disfrutable en un d\u00eda o, si lo prefieres, en peque\u00f1os sorbos.<\/p>\n\n\n\n<p>Es dif\u00edcil recomendar un itinerario y no otro, ya que todos son impresionantes, pero destacamos el pueblo de Pal, en la <strong>parroquia de la Massana<\/strong>, que permite adentrarse en el mundo del arte rom\u00e1nico; la iglesia de Santa Coloma, en la <strong>parroquia de Andorra la Vella<\/strong>, que cuenta con un hermoso campanario lombardo; y el <strong>Santuario Viejo de Meritxell<\/strong>, cuya visita incluye un repaso a la historia de la capilla, en una sala de exposiciones.<\/p>\n\n\n\n<div class=\"wp-block-image wp-image-4549 size-full\"><figure class=\"aligncenter\"><img decoding=\"async\" src=\"https:\/\/buscounchollo.com\/blog\/wp-content\/uploads\/2017\/05\/arte-rom\u00e1nico-andorra.jpg\" alt=\"arte rom\u00e1nico-andorra\" class=\"wp-image-4549\"\/><figcaption>La iglesia de Santa Coloma, uno de los monumentos m\u00e1s importantes de Andorra la Vella<\/figcaption><\/figure><\/div>\n\n\n\n<h2 class=\"wp-block-heading\"><span id=\"Y_por_supuesto_ir_de_compras\"><strong>Y, por supuesto, ir de compras<\/strong><\/span><\/h2>\n\n\n\n<p>Ir a Andorra sin salir de compras es hacer una visita incompleta. En especial, Andorra la Vella est\u00e1 repleta de <strong>peque\u00f1as y grandes tiendas para todos los gustos<\/strong>. Moda y complementos, perfumer\u00eda, m\u00fasica, gastronom\u00eda, deporte, <em>gadgets<\/em>, tecnolog\u00eda\u2026 hay de todo para perderse por las m\u00e1s de mil tiendas de la capital, Escaldes-Engordany y Pas de la Casa.<\/p>\n\n\n\n<p>Adem\u00e1s, ir de compras en Andorra es toda una oportunidad, ya que los precios son mucho m\u00e1s asequibles que en otros pa\u00edses, que destacan sobre todo en los art\u00edculos tecnol\u00f3gicos.<\/p>\n\n\n\n<div class=\"wp-block-image wp-image-4550 size-full\"><figure class=\"aligncenter\"><img decoding=\"async\" src=\"https:\/\/buscounchollo.com\/blog\/wp-content\/uploads\/2017\/05\/compras-en-andorra.jpg\" alt=\"compras en andorra\" class=\"wp-image-4550\"\/><figcaption>La Avenida Meritxell, el eje comercial de Andorra la Vella<\/figcaption><\/figure><\/div>\n\n\n\n<p><strong>Por todo ello, hoy por hoy, y a poco tiempo de que llegue el verano, recomendamos que te replantees esas vacaciones en la playa. \u00bfTe animar\u00edas? \ud83d\ude42<\/strong><\/p>\n","protected":false},"excerpt":{"rendered":"<p>Contenido1 Relax y buena temperatura2 \u00bfVerano en Andorra? S\u00ed, es posible3 \u00bfQu\u00e9 hacer durante tus vacaciones en Andorra?4 El Circo del Sol, un espect\u00e1culo \u00fanico e irrepetible5 Y, por supuesto, ir de compras Ponte en situaci\u00f3n. Tienes por delante un caluroso verano, pocos d\u00edas de vacaciones y unas ganas inmensas de desconectar de la rutina&#8230;.<\/p>\n","protected":false},"author":5,"featured_media":13531,"comment_status":"open","ping_status":"open","sticky":false,"template":"","format":"standard","meta":{"footnotes":""},"categories":[584],"tags":[805,806],"class_list":["post-12420","post","type-post","status-publish","format-standard","has-post-thumbnail","hentry","category-andorra","tag-vacaciones-en-andorra","tag-verano-en-andorra"],"yoast_head":"<!-- This site is optimized with the Yoast SEO plugin v23.1 - https:\/\/yoast.com\/wordpress\/plugins\/seo\/ -->\n<title>\u00bfVacaciones en la monta\u00f1a? Andorra tambi\u00e9n es para el verano - BuscoUnChollo Blog<\/title>\n<meta name=\"robots\" content=\"index, follow, max-snippet:-1, max-image-preview:large, max-video-preview:-1\" \/>\n<link rel=\"canonical\" href=\"https:\/\/www.buscounchollo.com\/blog\/vacaciones-en-la-montana-andorra-tambien-es-para-el-verano\/\" \/>\n<meta property=\"og:locale\" content=\"en_US\" \/>\n<meta property=\"og:type\" content=\"article\" \/>\n<meta property=\"og:title\" content=\"\u00bfVacaciones en la monta\u00f1a? Andorra tambi\u00e9n es para el verano - BuscoUnChollo Blog\" \/>\n<meta property=\"og:description\" content=\"Contenido1 Relax y buena temperatura2 \u00bfVerano en Andorra? S\u00ed, es posible3 \u00bfQu\u00e9 hacer durante tus vacaciones en Andorra?4 El Circo del Sol, un espect\u00e1culo \u00fanico e irrepetible5 Y, por supuesto, ir de compras Ponte en situaci\u00f3n. Tienes por delante un caluroso verano, pocos d\u00edas de vacaciones y unas ganas inmensas de desconectar de la rutina....\" \/>\n<meta property=\"og:url\" content=\"https:\/\/www.buscounchollo.com\/blog\/vacaciones-en-la-montana-andorra-tambien-es-para-el-verano\/\" \/>\n<meta property=\"og:site_name\" content=\"BuscoUnChollo Blog\" \/>\n<meta property=\"article:published_time\" content=\"2017-07-01T10:17:51+00:00\" \/>\n<meta property=\"article:modified_time\" content=\"2021-08-24T15:10:53+00:00\" \/>\n<meta property=\"og:image\" content=\"https:\/\/www.buscounchollo.com\/blog\/app\/uploads\/2017\/07\/andorra-verano.jpg\" \/>\n\t<meta property=\"og:image:width\" content=\"3580\" \/>\n\t<meta property=\"og:image:height\" content=\"1732\" \/>\n\t<meta property=\"og:image:type\" content=\"image\/jpeg\" \/>\n<meta name=\"author\" content=\"BuscoUnChollo.com\" \/>\n<meta name=\"twitter:card\" content=\"summary_large_image\" \/>\n<meta name=\"twitter:label1\" content=\"Written by\" \/>\n\t<meta name=\"twitter:data1\" content=\"BuscoUnChollo.com\" \/>\n\t<meta name=\"twitter:label2\" content=\"Est. reading time\" \/>\n\t<meta name=\"twitter:data2\" content=\"5 minutes\" \/>\n<script type=\"application\/ld+json\" class=\"yoast-schema-graph\">{\"@context\":\"https:\/\/schema.org\",\"@graph\":[{\"@type\":\"Article\",\"@id\":\"https:\/\/www.buscounchollo.com\/blog\/vacaciones-en-la-montana-andorra-tambien-es-para-el-verano\/#article\",\"isPartOf\":{\"@id\":\"https:\/\/www.buscounchollo.com\/blog\/vacaciones-en-la-montana-andorra-tambien-es-para-el-verano\/\"},\"author\":{\"name\":\"BuscoUnChollo.com\",\"@id\":\"https:\/\/www.buscounchollo.com\/blog\/#\/schema\/person\/f1d358d56b7a947fde4b03bdde7d493d\"},\"headline\":\"\u00bfVacaciones en la monta\u00f1a? Andorra tambi\u00e9n es para el verano\",\"datePublished\":\"2017-07-01T10:17:51+00:00\",\"dateModified\":\"2021-08-24T15:10:53+00:00\",\"mainEntityOfPage\":{\"@id\":\"https:\/\/www.buscounchollo.com\/blog\/vacaciones-en-la-montana-andorra-tambien-es-para-el-verano\/\"},\"wordCount\":961,\"commentCount\":0,\"publisher\":{\"@id\":\"https:\/\/www.buscounchollo.com\/blog\/#organization\"},\"image\":{\"@id\":\"https:\/\/www.buscounchollo.com\/blog\/vacaciones-en-la-montana-andorra-tambien-es-para-el-verano\/#primaryimage\"},\"thumbnailUrl\":\"https:\/\/www.buscounchollo.com\/blog\/app\/uploads\/2017\/07\/andorra-verano.jpg\",\"keywords\":[\"vacaciones en Andorra\",\"verano en Andorra\"],\"articleSection\":[\"Andorra\"],\"inLanguage\":\"en-US\",\"potentialAction\":[{\"@type\":\"CommentAction\",\"name\":\"Comment\",\"target\":[\"https:\/\/www.buscounchollo.com\/blog\/vacaciones-en-la-montana-andorra-tambien-es-para-el-verano\/#respond\"]}]},{\"@type\":\"WebPage\",\"@id\":\"https:\/\/www.buscounchollo.com\/blog\/vacaciones-en-la-montana-andorra-tambien-es-para-el-verano\/\",\"url\":\"https:\/\/www.buscounchollo.com\/blog\/vacaciones-en-la-montana-andorra-tambien-es-para-el-verano\/\",\"name\":\"\u00bfVacaciones en la monta\u00f1a? Andorra tambi\u00e9n es para el verano - BuscoUnChollo Blog\",\"isPartOf\":{\"@id\":\"https:\/\/www.buscounchollo.com\/blog\/#website\"},\"primaryImageOfPage\":{\"@id\":\"https:\/\/www.buscounchollo.com\/blog\/vacaciones-en-la-montana-andorra-tambien-es-para-el-verano\/#primaryimage\"},\"image\":{\"@id\":\"https:\/\/www.buscounchollo.com\/blog\/vacaciones-en-la-montana-andorra-tambien-es-para-el-verano\/#primaryimage\"},\"thumbnailUrl\":\"https:\/\/www.buscounchollo.com\/blog\/app\/uploads\/2017\/07\/andorra-verano.jpg\",\"datePublished\":\"2017-07-01T10:17:51+00:00\",\"dateModified\":\"2021-08-24T15:10:53+00:00\",\"breadcrumb\":{\"@id\":\"https:\/\/www.buscounchollo.com\/blog\/vacaciones-en-la-montana-andorra-tambien-es-para-el-verano\/#breadcrumb\"},\"inLanguage\":\"en-US\",\"potentialAction\":[{\"@type\":\"ReadAction\",\"target\":[\"https:\/\/www.buscounchollo.com\/blog\/vacaciones-en-la-montana-andorra-tambien-es-para-el-verano\/\"]}]},{\"@type\":\"ImageObject\",\"inLanguage\":\"en-US\",\"@id\":\"https:\/\/www.buscounchollo.com\/blog\/vacaciones-en-la-montana-andorra-tambien-es-para-el-verano\/#primaryimage\",\"url\":\"https:\/\/www.buscounchollo.com\/blog\/app\/uploads\/2017\/07\/andorra-verano.jpg\",\"contentUrl\":\"https:\/\/www.buscounchollo.com\/blog\/app\/uploads\/2017\/07\/andorra-verano.jpg\",\"width\":3580,\"height\":1732,\"caption\":\"famlia compuesta por madre, padre, 2 ni\u00f1os y una ni\u00f1a. Disfrutan sentados en una piscina con \u00e1rboles de fondo\"},{\"@type\":\"BreadcrumbList\",\"@id\":\"https:\/\/www.buscounchollo.com\/blog\/vacaciones-en-la-montana-andorra-tambien-es-para-el-verano\/#breadcrumb\",\"itemListElement\":[{\"@type\":\"ListItem\",\"position\":1,\"name\":\"Home\",\"item\":\"https:\/\/www.buscounchollo.com\/blog\/\"},{\"@type\":\"ListItem\",\"position\":2,\"name\":\"\u00bfVacaciones en la monta\u00f1a? Andorra tambi\u00e9n es para el verano\"}]},{\"@type\":\"WebSite\",\"@id\":\"https:\/\/www.buscounchollo.com\/blog\/#website\",\"url\":\"https:\/\/www.buscounchollo.com\/blog\/\",\"name\":\"BuscoUnChollo Blog\",\"description\":\"Consejos Para Viajar Y Curiosidades\",\"publisher\":{\"@id\":\"https:\/\/www.buscounchollo.com\/blog\/#organization\"},\"potentialAction\":[{\"@type\":\"SearchAction\",\"target\":{\"@type\":\"EntryPoint\",\"urlTemplate\":\"https:\/\/www.buscounchollo.com\/blog\/?s={search_term_string}\"},\"query-input\":\"required name=search_term_string\"}],\"inLanguage\":\"en-US\"},{\"@type\":\"Organization\",\"@id\":\"https:\/\/www.buscounchollo.com\/blog\/#organization\",\"name\":\"BuscoUnChollo Blog\",\"url\":\"https:\/\/www.buscounchollo.com\/blog\/\",\"logo\":{\"@type\":\"ImageObject\",\"inLanguage\":\"en-US\",\"@id\":\"https:\/\/www.buscounchollo.com\/blog\/#\/schema\/logo\/image\/\",\"url\":\"https:\/\/www.buscounchollo.com\/blog\/app\/uploads\/2021\/05\/logo_lg-1.png\",\"contentUrl\":\"https:\/\/www.buscounchollo.com\/blog\/app\/uploads\/2021\/05\/logo_lg-1.png\",\"width\":600,\"height\":185,\"caption\":\"BuscoUnChollo Blog\"},\"image\":{\"@id\":\"https:\/\/www.buscounchollo.com\/blog\/#\/schema\/logo\/image\/\"}},{\"@type\":\"Person\",\"@id\":\"https:\/\/www.buscounchollo.com\/blog\/#\/schema\/person\/f1d358d56b7a947fde4b03bdde7d493d\",\"name\":\"BuscoUnChollo.com\",\"image\":{\"@type\":\"ImageObject\",\"inLanguage\":\"en-US\",\"@id\":\"https:\/\/www.buscounchollo.com\/blog\/#\/schema\/person\/image\/\",\"url\":\"https:\/\/secure.gravatar.com\/avatar\/?s=96&d=mm&r=g\",\"contentUrl\":\"https:\/\/secure.gravatar.com\/avatar\/?s=96&d=mm&r=g\",\"caption\":\"BuscoUnChollo.com\"},\"url\":\"https:\/\/www.buscounchollo.com\/blog\/author\/buscounchollo-com\/\"}]}<\/script>\n<!-- \/ Yoast SEO plugin. -->","yoast_head_json":{"title":"\u00bfVacaciones en la monta\u00f1a? Andorra tambi\u00e9n es para el verano - BuscoUnChollo Blog","robots":{"index":"index","follow":"follow","max-snippet":"max-snippet:-1","max-image-preview":"max-image-preview:large","max-video-preview":"max-video-preview:-1"},"canonical":"https:\/\/www.buscounchollo.com\/blog\/vacaciones-en-la-montana-andorra-tambien-es-para-el-verano\/","og_locale":"en_US","og_type":"article","og_title":"\u00bfVacaciones en la monta\u00f1a? Andorra tambi\u00e9n es para el verano - BuscoUnChollo Blog","og_description":"Contenido1 Relax y buena temperatura2 \u00bfVerano en Andorra? S\u00ed, es posible3 \u00bfQu\u00e9 hacer durante tus vacaciones en Andorra?4 El Circo del Sol, un espect\u00e1culo \u00fanico e irrepetible5 Y, por supuesto, ir de compras Ponte en situaci\u00f3n. Tienes por delante un caluroso verano, pocos d\u00edas de vacaciones y unas ganas inmensas de desconectar de la rutina....","og_url":"https:\/\/www.buscounchollo.com\/blog\/vacaciones-en-la-montana-andorra-tambien-es-para-el-verano\/","og_site_name":"BuscoUnChollo Blog","article_published_time":"2017-07-01T10:17:51+00:00","article_modified_time":"2021-08-24T15:10:53+00:00","og_image":[{"width":3580,"height":1732,"url":"https:\/\/www.buscounchollo.com\/blog\/app\/uploads\/2017\/07\/andorra-verano.jpg","type":"image\/jpeg"}],"author":"BuscoUnChollo.com","twitter_card":"summary_large_image","twitter_misc":{"Written by":"BuscoUnChollo.com","Est. reading time":"5 minutes"},"schema":{"@context":"https:\/\/schema.org","@graph":[{"@type":"Article","@id":"https:\/\/www.buscounchollo.com\/blog\/vacaciones-en-la-montana-andorra-tambien-es-para-el-verano\/#article","isPartOf":{"@id":"https:\/\/www.buscounchollo.com\/blog\/vacaciones-en-la-montana-andorra-tambien-es-para-el-verano\/"},"author":{"name":"BuscoUnChollo.com","@id":"https:\/\/www.buscounchollo.com\/blog\/#\/schema\/person\/f1d358d56b7a947fde4b03bdde7d493d"},"headline":"\u00bfVacaciones en la monta\u00f1a? Andorra tambi\u00e9n es para el verano","datePublished":"2017-07-01T10:17:51+00:00","dateModified":"2021-08-24T15:10:53+00:00","mainEntityOfPage":{"@id":"https:\/\/www.buscounchollo.com\/blog\/vacaciones-en-la-montana-andorra-tambien-es-para-el-verano\/"},"wordCount":961,"commentCount":0,"publisher":{"@id":"https:\/\/www.buscounchollo.com\/blog\/#organization"},"image":{"@id":"https:\/\/www.buscounchollo.com\/blog\/vacaciones-en-la-montana-andorra-tambien-es-para-el-verano\/#primaryimage"},"thumbnailUrl":"https:\/\/www.buscounchollo.com\/blog\/app\/uploads\/2017\/07\/andorra-verano.jpg","keywords":["vacaciones en Andorra","verano en Andorra"],"articleSection":["Andorra"],"inLanguage":"en-US","potentialAction":[{"@type":"CommentAction","name":"Comment","target":["https:\/\/www.buscounchollo.com\/blog\/vacaciones-en-la-montana-andorra-tambien-es-para-el-verano\/#respond"]}]},{"@type":"WebPage","@id":"https:\/\/www.buscounchollo.com\/blog\/vacaciones-en-la-montana-andorra-tambien-es-para-el-verano\/","url":"https:\/\/www.buscounchollo.com\/blog\/vacaciones-en-la-montana-andorra-tambien-es-para-el-verano\/","name":"\u00bfVacaciones en la monta\u00f1a? Andorra tambi\u00e9n es para el verano - BuscoUnChollo Blog","isPartOf":{"@id":"https:\/\/www.buscounchollo.com\/blog\/#website"},"primaryImageOfPage":{"@id":"https:\/\/www.buscounchollo.com\/blog\/vacaciones-en-la-montana-andorra-tambien-es-para-el-verano\/#primaryimage"},"image":{"@id":"https:\/\/www.buscounchollo.com\/blog\/vacaciones-en-la-montana-andorra-tambien-es-para-el-verano\/#primaryimage"},"thumbnailUrl":"https:\/\/www.buscounchollo.com\/blog\/app\/uploads\/2017\/07\/andorra-verano.jpg","datePublished":"2017-07-01T10:17:51+00:00","dateModified":"2021-08-24T15:10:53+00:00","breadcrumb":{"@id":"https:\/\/www.buscounchollo.com\/blog\/vacaciones-en-la-montana-andorra-tambien-es-para-el-verano\/#breadcrumb"},"inLanguage":"en-US","potentialAction":[{"@type":"ReadAction","target":["https:\/\/www.buscounchollo.com\/blog\/vacaciones-en-la-montana-andorra-tambien-es-para-el-verano\/"]}]},{"@type":"ImageObject","inLanguage":"en-US","@id":"https:\/\/www.buscounchollo.com\/blog\/vacaciones-en-la-montana-andorra-tambien-es-para-el-verano\/#primaryimage","url":"https:\/\/www.buscounchollo.com\/blog\/app\/uploads\/2017\/07\/andorra-verano.jpg","contentUrl":"https:\/\/www.buscounchollo.com\/blog\/app\/uploads\/2017\/07\/andorra-verano.jpg","width":3580,"height":1732,"caption":"famlia compuesta por madre, padre, 2 ni\u00f1os y una ni\u00f1a. Disfrutan sentados en una piscina con \u00e1rboles de fondo"},{"@type":"BreadcrumbList","@id":"https:\/\/www.buscounchollo.com\/blog\/vacaciones-en-la-montana-andorra-tambien-es-para-el-verano\/#breadcrumb","itemListElement":[{"@type":"ListItem","position":1,"name":"Home","item":"https:\/\/www.buscounchollo.com\/blog\/"},{"@type":"ListItem","position":2,"name":"\u00bfVacaciones en la monta\u00f1a? Andorra tambi\u00e9n es para el verano"}]},{"@type":"WebSite","@id":"https:\/\/www.buscounchollo.com\/blog\/#website","url":"https:\/\/www.buscounchollo.com\/blog\/","name":"BuscoUnChollo Blog","description":"Consejos Para Viajar Y Curiosidades","publisher":{"@id":"https:\/\/www.buscounchollo.com\/blog\/#organization"},"potentialAction":[{"@type":"SearchAction","target":{"@type":"EntryPoint","urlTemplate":"https:\/\/www.buscounchollo.com\/blog\/?s={search_term_string}"},"query-input":"required name=search_term_string"}],"inLanguage":"en-US"},{"@type":"Organization","@id":"https:\/\/www.buscounchollo.com\/blog\/#organization","name":"BuscoUnChollo Blog","url":"https:\/\/www.buscounchollo.com\/blog\/","logo":{"@type":"ImageObject","inLanguage":"en-US","@id":"https:\/\/www.buscounchollo.com\/blog\/#\/schema\/logo\/image\/","url":"https:\/\/www.buscounchollo.com\/blog\/app\/uploads\/2021\/05\/logo_lg-1.png","contentUrl":"https:\/\/www.buscounchollo.com\/blog\/app\/uploads\/2021\/05\/logo_lg-1.png","width":600,"height":185,"caption":"BuscoUnChollo Blog"},"image":{"@id":"https:\/\/www.buscounchollo.com\/blog\/#\/schema\/logo\/image\/"}},{"@type":"Person","@id":"https:\/\/www.buscounchollo.com\/blog\/#\/schema\/person\/f1d358d56b7a947fde4b03bdde7d493d","name":"BuscoUnChollo.com","image":{"@type":"ImageObject","inLanguage":"en-US","@id":"https:\/\/www.buscounchollo.com\/blog\/#\/schema\/person\/image\/","url":"https:\/\/secure.gravatar.com\/avatar\/?s=96&d=mm&r=g","contentUrl":"https:\/\/secure.gravatar.com\/avatar\/?s=96&d=mm&r=g","caption":"BuscoUnChollo.com"},"url":"https:\/\/www.buscounchollo.com\/blog\/author\/buscounchollo-com\/"}]}},"_links":{"self":[{"href":"https:\/\/www.buscounchollo.com\/blog\/wp-json\/wp\/v2\/posts\/12420"}],"collection":[{"href":"https:\/\/www.buscounchollo.com\/blog\/wp-json\/wp\/v2\/posts"}],"about":[{"href":"https:\/\/www.buscounchollo.com\/blog\/wp-json\/wp\/v2\/types\/post"}],"author":[{"embeddable":true,"href":"https:\/\/www.buscounchollo.com\/blog\/wp-json\/wp\/v2\/users\/5"}],"replies":[{"embeddable":true,"href":"https:\/\/www.buscounchollo.com\/blog\/wp-json\/wp\/v2\/comments?post=12420"}],"version-history":[{"count":1,"href":"https:\/\/www.buscounchollo.com\/blog\/wp-json\/wp\/v2\/posts\/12420\/revisions"}],"predecessor-version":[{"id":13529,"href":"https:\/\/www.buscounchollo.com\/blog\/wp-json\/wp\/v2\/posts\/12420\/revisions\/13529"}],"wp:featuredmedia":[{"embeddable":true,"href":"https:\/\/www.buscounchollo.com\/blog\/wp-json\/wp\/v2\/media\/13531"}],"wp:attachment":[{"href":"https:\/\/www.buscounchollo.com\/blog\/wp-json\/wp\/v2\/media?parent=12420"}],"wp:term":[{"taxonomy":"category","embeddable":true,"href":"https:\/\/www.buscounchollo.com\/blog\/wp-json\/wp\/v2\/categories?post=12420"},{"taxonomy":"post_tag","embeddable":true,"href":"https:\/\/www.buscounchollo.com\/blog\/wp-json\/wp\/v2\/tags?post=12420"}],"curies":[{"name":"wp","href":"https:\/\/api.w.org\/{rel}","templated":true}]}}