{"id":12504,"date":"2020-12-22T16:31:50","date_gmt":"2020-12-22T15:31:50","guid":{"rendered":"https:\/\/www.buscounchollo.com\/blog\/?p=8757"},"modified":"2021-06-28T14:25:34","modified_gmt":"2021-06-28T12:25:34","slug":"como-se-celebra-la-navidad-en-el-mundo","status":"publish","type":"post","link":"https:\/\/www.buscounchollo.com\/blog\/como-se-celebra-la-navidad-en-el-mundo\/","title":{"rendered":"\u00bfC\u00f3mo se celebra la Navidad en el mundo?"},"content":{"rendered":"<div id=\"toc_container\" class=\"no_bullets\"><p class=\"toc_title\">Contenido<\/p><ul class=\"toc_list\"><li><a href=\"#El_Krampus_Austria_y_Alemania\"><span class=\"toc_number toc_depth_1\">1<\/span> El Krampus, Austria y Alemania<\/a><\/li><li><a href=\"#Christkind_Europa_central\"><span class=\"toc_number toc_depth_1\">2<\/span> Christkind, Europa central<\/a><\/li><li><a href=\"#La_cabra_de_Gavle_Suecia\"><span class=\"toc_number toc_depth_1\">3<\/span> La cabra de G\u00e4vle, Suecia<\/a><\/li><li><a href=\"#Troles_y_libros_Islandia\"><span class=\"toc_number toc_depth_1\">4<\/span> Troles y libros, Islandia<\/a><\/li><li><a href=\"#Ded_Moroz_y_Babushka_Rusia\"><span class=\"toc_number toc_depth_1\">5<\/span> Ded Moroz y Babushka, Rusia<\/a><\/li><li><a href=\"#Restaurantes_de_comida_rapida_Japon\"><span class=\"toc_number toc_depth_1\">6<\/span> Restaurantes de comida r\u00e1pida, Jap\u00f3n<\/a><\/li><li><a href=\"#Festival_de_los_Faroles_Gigantes_Filipinas\"><span class=\"toc_number toc_depth_1\">7<\/span> Festival de los Faroles Gigantes, Filipinas<\/a><\/li><li><a href=\"#Cabalgata_de_las_Luces_de_Toronto_Canada\"><span class=\"toc_number toc_depth_1\">8<\/span> Cabalgata de las Luces de Toronto, Canad\u00e1<\/a><\/li><li><a href=\"#Las_Posadas_Mexico\"><span class=\"toc_number toc_depth_1\">9<\/span> Las Posadas, M\u00e9xico<\/a><\/li><li><a href=\"#Dia_de_las_Velitas_Colombia\"><span class=\"toc_number toc_depth_1\">10<\/span> D\u00eda de las Velitas, Colombia<\/a><\/li><li><a href=\"#Navidades_en_la_playa_Brasil\"><span class=\"toc_number toc_depth_1\">11<\/span> Navidades en la playa, Brasil<\/a><\/li><li><a href=\"#La_Befana_Italia\"><span class=\"toc_number toc_depth_1\">12<\/span> La Befana, Italia<\/a><\/li><\/ul><\/div>\n\n<figure class=\"wp-block-image size-large\"><img decoding=\"async\" src=\"https:\/\/www.buscounchollo.com\/blog\/wp-content\/uploads\/2020\/12\/blog1.jpg\" alt=\"Cena de Navidad este 2020\" class=\"wp-image-8758\"\/><figcaption><em>Cena de Navidad este 2020<\/em><\/figcaption><\/figure>\n\n\n\n<p>Sin duda, estas navidades van a ser para muchos las m\u00e1s singulares de su vida. El panorama es poco halag\u00fce\u00f1o: restricciones en la movilidad, toques de queda, fiestas multitudinarias canceladas, encuentros en grupos reducidos \u2014no vamos a tocar el tema de las burbujas de convivencia, porque nos dar\u00edan las uvas, \ud83c\udf47 literalmente\u2014, distancia de seguridad, mascarillas y gel hidroalcoh\u00f3lico al lado del pavo o de los canelones\u2026&nbsp;<\/p>\n\n\n\n<p>Por eso, queremos aparcar por un momento los<a href=\"https:\/\/www.buscounchollo.com\/blog\/donde-viajar-este-otono-8-destinos-cercanos-y-seguros\/\"> <strong>efectos del COVID-19<\/strong><\/a> y ocuparnos de c\u00f3mo se celebra la Navidad en el mundo (en condiciones normales).<\/p>\n\n\n\n<p>Aunque todos tenemos muy claro c\u00f3mo se viven estas fechas en nuestro pueblo o ciudad, es probable que no sepamos cu\u00e1les son las costumbres en otras comunidades aut\u00f3nomas o en los pa\u00edses de nuestro entorno. Por eso, desde BuscoUnChollo te proponemos un <em>tour <\/em>virtual \u2014ya que viajar f\u00edsicamente puede no ser f\u00e1cil en los pr\u00f3ximos d\u00edas\u2014 para conocer algunos festejos que te van a sorprender. Incluso, es posible que te sirvan de inspiraci\u00f3n para planificar tu<a href=\"https:\/\/www.buscounchollo.com\/blog\/ciudades-en-las-que-pasar-el-mejor-fin-de-ano\/\"> <strong>escapada de fin de a\u00f1o<\/strong><\/a> en 2021. \ud83c\udf7e As\u00ed que\u2026 \u00a1apunta!<\/p>\n\n\n\n<figure class=\"wp-block-image\"><img decoding=\"async\" src=\"https:\/\/lh4.googleusercontent.com\/EZivAyMuNoZPs0e1nHMSSzQsEENzxfHtDLvheMfQOovAF_yluB6wXZ2gGKZqUHhcqdF2tY6BBeUrtiLtba8UogxM1MRjFIeymy3FZ24T4nP6tveUZrDXNeWh0HGygmFyTknNkbDS\" alt=\"Celebrando 2021\"\/><figcaption><em>Celebrando 2021<\/em><\/figcaption><\/figure>\n\n\n\n<h2 class=\"wp-block-heading\"><span id=\"El_Krampus_Austria_y_Alemania\"><strong>El Krampus, Austria y Alemania<\/strong><\/span><\/h2>\n\n\n\n<p>Comenzamos nuestro recorrido por las celebraciones navide\u00f1as en otros lugares del mundo deteni\u00e9ndonos en <strong>Austria<\/strong>, en Europa central. En la tierra de Mozart, nos aguarda el <strong>Krampus<\/strong>, una criatura de aspecto inquietante que, seg\u00fan la leyenda, se aparece durante el adviento para atemorizar a aquellos ni\u00f1os que no se hayan portado bien a lo largo del a\u00f1o.&nbsp;<\/p>\n\n\n\n<figure class=\"wp-block-image\"><img decoding=\"async\" src=\"https:\/\/lh6.googleusercontent.com\/dqYu5JxEjsBXZBRPqh5eU5MQAOsSt8or7nBJb8KXIK2NIaNtZgPnaqM2qhE7GtEbb7Dwb2x3GjMky6PMTsKx_yZ_w3i-Pq3PTzBsnEISItgDGcMKrsj1bvDVgJmFDrRSRTx92gxe\" alt=\"Krampus apareciendo en Navidad en Austria\"\/><figcaption><em>Krampus apareciendo en Navidad en Austria<\/em><\/figcaption><\/figure>\n\n\n\n<p>Es posible que su origen se halle en la mitolog\u00eda precristiana, en la que abundaban seres mitol\u00f3gicos como los faunos o los s\u00e1tiros. No obstante, ya en la Edad Media, esta figura se vincul\u00f3 a la de San Nicol\u00e1s de Bari, quien acabar\u00eda inspirando la figura de pap\u00e1 Noel o Santa Claus. \ud83c\udf85<\/p>\n\n\n\n<p><strong>Durante la primera semana de diciembre, los m\u00e1s peque\u00f1os se disfrazan de Krampus<\/strong> (sobre todo, en la v\u00edspera del 6 de diciembre, d\u00eda de San Nicol\u00e1s). Si a eso le sumamos los magn\u00edficos <strong>mercadillos de Navidad<\/strong> que salpican las calles de Viena, Salzburgo y otras ciudades austr\u00edacas, entenderemos por qu\u00e9 vale la pena viajar a Austria en estas fechas.<\/p>\n\n\n\n<figure class=\"wp-block-image\"><img decoding=\"async\" src=\"https:\/\/lh3.googleusercontent.com\/o2vcuFBybwuUuDAXXTZQLMrRFzDfp64h5z11nsbWqHr0G-DWTCVNbgepQvXz1vm-i6MoSfdH-oDMOQzc15lNMCjkXAyV-pPzrIanZnbL-3nxpHewKcPu74a9YAwjmobdNga2zka8\" alt=\"Mercadillo de Navidad en Viena delante del Rathaus, Ayuntamiento\"\/><figcaption><em>Mercadillo de Navidad en Viena delante del Rathaus, Ayuntamiento<\/em><\/figcaption><\/figure>\n\n\n\n<p>Tambi\u00e9n es posible encontrar variaciones de esta tradici\u00f3n en la vecina <strong>Alemania, donde el Krampus obsequia con hojas secas a los ni\u00f1os alemanes traviesos en la noche del 6 de diciembre. <\/strong>Por suerte, esas horas coinciden con la llegada de Santa Claus, quien trae regalos mucho m\u00e1s ilusionantes.<\/p>\n\n\n\n<h2 class=\"wp-block-heading\"><span id=\"Christkind_Europa_central\"><strong>Christkind, Europa central<\/strong><\/span><\/h2>\n\n\n\n<p>En los dos pa\u00edses mencionados, Santa Claus y el Krampus comparten protagonismo con otro personaje de lo m\u00e1s generoso: Christkind, tambi\u00e9n llamado Christkindl, que se traduce como \u2018Ni\u00f1o Jes\u00fas\u2019. \ud83e\uddda\ud83c\udffd<\/p>\n\n\n\n<figure class=\"wp-block-image size-large\"><img decoding=\"async\" src=\"https:\/\/www.buscounchollo.com\/blog\/wp-content\/uploads\/2020\/12\/blog7.jpg\" alt=\"Correo del Cielo con el Christkindl en un mercadillo alem\u00e1n\" class=\"wp-image-8759\"\/><figcaption><em>Correo del Cielo con el Christkindl en un mercadillo alem\u00e1n<\/em><\/figcaption><\/figure>\n\n\n\n<p>En esta ocasi\u00f3n, se trata de una<strong> muchacha de aspecto angelical,<\/strong> que hace so\u00f1ar una campanilla al entregar sus regalos a los ni\u00f1os y ni\u00f1as de Alemania, Austria, Suiza, Liechtenstein, Rep\u00fablica Checa, Eslovaquia y Hungr\u00eda. Si quieres conocer alguno de ellos, aprovecha la Navidad y, cuando la situaci\u00f3n sanitaria lo permita, reserva uno de nuestros<a href=\"https:\/\/www.buscounchollo.com\/destinos\/europa\/32\/\"> <strong>chollos de escapadas por Europa<\/strong><\/a>.<\/p>\n\n\n\n<h2 class=\"wp-block-heading\"><span id=\"La_cabra_de_Gavle_Suecia\"><strong>La cabra de G\u00e4vle, Suecia<\/strong><\/span><\/h2>\n\n\n\n<p>Recalamos ahora en los pa\u00edses n\u00f3rdicos; concretamente, en la ciudad sueca de G\u00e4vle, en el mar B\u00e1ltico. Es en esta localidad donde, <strong>cada 1 de diciembre, se instala una cabra de 13 m de altura y tres toneladas<\/strong> en la Slottstorget (plaza del Castillo). \ud83d\udc10&nbsp;<\/p>\n\n\n\n<figure class=\"wp-block-image\"><img decoding=\"async\" src=\"https:\/\/lh6.googleusercontent.com\/--I6F5fIjJLuJ7Zye3Wc3ZiHhxVuRHgigDgsjj664pTUjB25uq48mlpTS18Gx9taEps9wmUaCBavqVsMWQ_fhEXH2TZiv9NvW6bFnritAvEAeTH_64k8vech-CxNDMCVnZm9sI8q\" alt=\"La cabra de de G\u00e4vle en Slottstorget, Suecia\"\/><figcaption><em>La cabra de de G\u00e4vle en Slottstorget, Suecia<\/em><\/figcaption><\/figure>\n\n\n\n<p>El origen de esta tradici\u00f3n se remonta a 1966, cuando a un hombre llamado Stig Gavl\u00e9n se le ocurri\u00f3 crear una cabra similar para quemarla coincidiendo con las 12 campanadas del a\u00f1o nuevo. Si bien hoy est\u00e1 prohibido prender fuego a la cabra, lo cierto es que todos los a\u00f1os alguien consigue que arda parcial o totalmente, como ocurri\u00f3 en 2016.<\/p>\n\n\n\n<p>Sin embargo, esta no es la \u00fanica tradici\u00f3n navide\u00f1a en Suecia. Por ejemplo, el 13 de diciembre se celebra la <strong>noche de Santa Luc\u00eda,<\/strong> en la que casi todos los municipios, escuelas y familias del pa\u00eds escogen a una chica que representar\u00e1 a esta m\u00e1rtir cristiana.&nbsp;<\/p>\n\n\n\n<figure class=\"wp-block-image\"><img decoding=\"async\" src=\"https:\/\/lh6.googleusercontent.com\/lLz1jewZnleMHj-qgWiGs09pFFckJ74XE55-vyNnwfvplDlqfkoouBQvgxtukW1RuI5JPk4U40ih2dd7mJxHcKKC6xV8PbRq640D39ICwpoKvhfb92c6-IY0tDwfHH4zhoR-1cBC\" alt=\"Celebrando la noche de Santa Luc\u00eda en Suecia\"\/><figcaption><em>Celebrando la noche de Santa Luc\u00eda en Suecia<\/em><\/figcaption><\/figure>\n\n\n\n<p>La adolescente elegida, ataviada con una t\u00fanica blanca y una corona de velas, se pasea por las calles en compa\u00f1\u00eda de sus damas de honor y tambi\u00e9n de muchachos conocidos como <em>chicos estrella<\/em> (en sueco, <em>stj\u00e4rngossar<\/em>).<\/p>\n\n\n\n<h2 class=\"wp-block-heading\"><span id=\"Troles_y_libros_Islandia\"><strong>Troles y libros, Islandia<\/strong><\/span><\/h2>\n\n\n\n<p>Seguimos en Escandinavia para hablarte de otra tradici\u00f3n navide\u00f1a en la que los personajes de la <strong>mitolog\u00eda n\u00f3rdica<\/strong> (en concreto, los troles) y los m\u00e1s j\u00f3venes van de la mano. Durante los 13 d\u00edas previos a la Navidad, 13 troles, conocidos como los <strong>Yule,<\/strong> visitan las casas de los ni\u00f1os islandeses.&nbsp;<\/p>\n\n\n\n<figure class=\"wp-block-image\"><img decoding=\"async\" src=\"https:\/\/lh4.googleusercontent.com\/FlZH_4WRFWX3fnMJ9ishMKtJ5VENlr1kEAOcnoOICbCBJxfQ51eURMp7nThCYvUGk8VMDPyrRohtBQ07HBPML4rb6a89vQwjECu-A6TYNpJ7QJAjpz2gMv5un2tgzmUwbTuBapvk\" alt=\"Trols Yule en Navidad en Islandia\"\/><figcaption><em>Trols Yule en Navidad en Islandia<\/em><\/figcaption><\/figure>\n\n\n\n<p>Estos, como si de Pap\u00e1 Noel se tratara, ponen un calcet\u00edn o sus mejores zapatos en una ventana, para que los troles les dejen regalos. Eso s\u00ed: solo recibir\u00e1n la ansiada recompensa si han sido buenos a lo largo del a\u00f1o. De lo contrario, <strong>los m\u00e1s revoltosos se encontrar\u00e1n con patatas podridas en vez de juguetes.<\/strong><\/p>\n\n\n\n<figure class=\"wp-block-image\"><img decoding=\"async\" src=\"https:\/\/lh5.googleusercontent.com\/6wDICr-7pStgcqMGmUMcrlUsbsuJYVTq3biZhlAb-j-YIeXyWY5-j7p1CO4NihemKIv8OlPU39MAlnkM9ULg7OoEiWockKNmwe-XG_Waslh3AAgp8HZNH-3HZVUvqxWwXz4DUY3X\" alt=\"Tradici\u00f3n J\u00f3lab\u00f3kafl\u00f3d por Navidad\"\/><figcaption><em>Tradici\u00f3n J\u00f3lab\u00f3kafl\u00f3d por Navidad<\/em><\/figcaption><\/figure>\n\n\n\n<p>Tambi\u00e9n los adultos tienen sus propias costumbres en estas fechas. Por ejemplo, cada 24 de diciembre, tiene lugar la <strong>J\u00f3lab\u00f3kafl\u00f3d <\/strong>(en castellano, \u2018inundaci\u00f3n de libros\u2019), una tradici\u00f3n en la que todos los miembros de la familia se re\u00fanen para intercambiar libros que empiezan a leer juntos esa misma noche. \u00a1Un sue\u00f1o hecho realidad para cualquier lector\/a empedernido\/a! \ud83d\udcd9 \ud83d\udcda \ud83d\udcd6<\/p>\n\n\n\n<h2 class=\"wp-block-heading\"><span id=\"Ded_Moroz_y_Babushka_Rusia\"><strong>Ded Moroz y Babushka, Rusia<\/strong><\/span><\/h2>\n\n\n\n<p>No nos alejamos todav\u00eda de los rincones m\u00e1s g\u00e9lidos de la Tierra, ya que ahora toca viajar a Rusia. En el mayor pa\u00eds del mundo, la Navidad no se celebra el 24 de diciembre, sino la noche del 6 al 7 de enero, ya que esta es la fecha que marca el inicio de la Navidad ortodoxa en el calendario gregoriano.&nbsp;<\/p>\n\n\n\n<figure class=\"wp-block-image\"><img decoding=\"async\" src=\"https:\/\/lh5.googleusercontent.com\/aXCwyNS1_iBEorFevL2zWOxeeQ19UDrHDkrFHq5UEId4EZdWyrDv29J0nQkczeJH3aiUEthc1KWwdrJ4rPIyNWCXSQnmbYOthLCSatI6dz5owElvopBtkf-PqEapDll8XUJPtUbe\" alt=\"Ded Moroz y Babushka en Rusia\"\/><figcaption><em>Ded Moroz y Babushka en Rusia<\/em><\/figcaption><\/figure>\n\n\n\n<p>En cualquier caso, la primera fecha se\u00f1alada es el 31 de diciembre, v\u00edspera de nuevo a\u00f1o. Es entonces como <strong>Ded Moroz <\/strong>(una especie de Santa Claus, cuyo nombre significa \u2018Abuelo Fr\u00edo\u2019) y <strong>Babushka<\/strong> (que se traduce como \u2018Abuela\u2019) \ud83d\udc75 se encargan de repartir regalos a los ni\u00f1os.<\/p>\n\n\n\n<figure class=\"wp-block-image\"><img decoding=\"async\" src=\"https:\/\/lh6.googleusercontent.com\/7g0gQr6BnrC6Bh6NGEx7iEFWjZopV8CAE0PcFmofPpXBG6JdGcbau7-l2zmSYAd9YST7NSF13lRNAxz1mZ-tsH8DsgbGEQ5gXCTbePoynASiObGOjtIXnBKHA_L2MnB0_ayD6WlP\" alt=\"La Catedral Saint Basil de Mosc\u00fa nevando\"\/><figcaption><em>La Catedral Saint Basil de Mosc\u00fa nevando<\/em><\/figcaption><\/figure>\n\n\n\n<p>A su vez, <strong>el A\u00f1o Nuevo ruso se celebra tradicionalmente con la familia<\/strong> y no con los amigos, como ocurre en el resto de Europa. Estas reuniones son el pretexto para pasar largas horas en la cocina, elaborando platos t\u00edpicos del recetario ruso.<\/p>\n\n\n\n<h2 class=\"wp-block-heading\"><span id=\"Restaurantes_de_comida_rapida_Japon\"><strong>Restaurantes de comida r\u00e1pida, Jap\u00f3n<\/strong><\/span><\/h2>\n\n\n\n<p>Viajamos ahora por Asia para ver c\u00f3mo celebran estas fechas en el pa\u00eds del sol naciente. Al igual que ocurre en pr\u00e1cticamente el resto del planeta, los japoneses celebran la Nochebuena, la Navidad y el d\u00eda de San Esteban en familia. Esto no resulta sorprendente, pero s\u00ed d\u00f3nde pasan estas fiestas (atenci\u00f3n: si eres fan de la gastronom\u00eda japonesa te vas a llevar las manos a la cabeza): \u00a1en <strong>una conocida cadena de restaurantes de <\/strong><strong><em>fast food<\/em><\/strong><strong> a base de pollo <\/strong>\ud83c\udf57! Incluso, esta empresa ha creado un men\u00fa especial navide\u00f1o con el que ha conquistado al p\u00fablico nip\u00f3n.<\/p>\n\n\n\n<figure class=\"wp-block-image\"><img decoding=\"async\" src=\"https:\/\/lh3.googleusercontent.com\/PS63c-1msSSXDyl5kpcWoPZ9vBCiQpbCrrZAqSElRp9unWdnl1pUPtKswycayKxqfWfyneGd3DI6cnolyZMMkql-NRLxTLB9jLJBQ5gR3fjfY770Z0k7s10pCK_TkzsdVi2oIkKW\" alt=\"Japon\u00e9s comiendo pollo frito por Navidad\"\/><figcaption><em>Japon\u00e9s comiendo pollo frito por Navidad<\/em><\/figcaption><\/figure>\n\n\n\n<p>Por otro lado, el 25 de diciembre (una jornada muy especial para los enamorados en Jap\u00f3n), se consume un <strong>pastel de nata y fresas conocido como <em>Christmas cake<\/em><\/strong>. \ud83c\udf70 Normalmente, este dulce se compra y se come el mismo d\u00eda, ya que se echa a perder con facilidad. De ah\u00ed que, hasta hace poco, a las chicas solteras de m\u00e1s de 25 a\u00f1os (recordemos que las japonesas siempre se han casado muy j\u00f3venes) recibiesen el sexista y poco halagador calificativo de <em>Christmas cakes.<\/em><\/p>\n\n\n\n<figure class=\"wp-block-image\"><img decoding=\"async\" src=\"https:\/\/lh4.googleusercontent.com\/rmVsTS13FaL6SoRkrpux0FC8zis4vPU5U4bmUgR1cbH2Qdf7kM6jn9a9FartcWDakZgrZl1AocPokdGu5WxZCXFB-lnCiX-rn1PqD4mQwq66w-OdNLs_EyrLuH4u1hD0tNK5D3e8\" alt=\"Japonesa comiendo Japanese Strawberry Shortcake \"\/><figcaption><em>Japonesa comiendo Japanese Strawberry Shortcake&nbsp;<\/em><\/figcaption><\/figure>\n\n\n\n<p>A esto habr\u00eda que a\u00f1adir el <strong>\u014cmisoka <\/strong>(o \u014dtsugomori), la celebraci\u00f3n tradicional japonesa del \u00faltimo d\u00eda del a\u00f1o. Hist\u00f3ricamente, se celebraba el \u00faltimo d\u00eda del duod\u00e9cimo mes lunar, pero se conmemora el 31 de diciembre desde la adopci\u00f3n del calendario gregoriano, a comienzos de la era Meiji.<\/p>\n\n\n\n<h2 class=\"wp-block-heading\"><span id=\"Festival_de_los_Faroles_Gigantes_Filipinas\"><strong>Festival de los Faroles Gigantes, Filipinas<\/strong><\/span><\/h2>\n\n\n\n<p>Tiempo ahora de centrarnos en Filipinas, un destino en auge hasta que se inici\u00f3 la pandemia (esperemos que esto vuelva a ser as\u00ed el pr\u00f3ximo a\u00f1o). \u00bfEl motivo? El <strong>festival de los Faroles Gigantes<\/strong>, que cada a\u00f1o, cuando no hay coronavirus por medio, atrae hasta la ciudad filipina de <strong>San Fernando<\/strong> turistas de todo el planeta.&nbsp;<\/p>\n\n\n\n<figure class=\"wp-block-image\"><img decoding=\"async\" src=\"https:\/\/lh6.googleusercontent.com\/SF3pa3f3zSCLjmEsO4RaH4-A8ukkQK0RrCJXVq7P8B8sbMB31HXPWP8xuFoVG_tLSln7CBEy29qqW2ZLWvRt0lcpLV5FLaY-gsRQpnpqUXd-FxwIr-uWssl3ZcwIaPT6A-69-yNM\" alt=\" Festival de los Faroles Gigantes en San Fernando\"\/><figcaption><em>&nbsp;Festival de los Faroles Gigantes en San Fernando<\/em><\/figcaption><\/figure>\n\n\n\n<p>Durante la segunda quincena de diciembre y hasta principios de enero, <strong>11 <em>barangay <\/em>(aldeas) compiten entre ellas para crear el farolillo gigante de papel m\u00e1s espectacular.<\/strong> Algunos de ellos llegan a alcanzar los 6 m de altura, y han sustituido la iluminaci\u00f3n tradicional, a base de velas, por la luz de las bombillas. De todos modos, te aseguramos que el resultado es incre\u00edble.<\/p>\n\n\n\n<figure class=\"wp-block-image\"><img decoding=\"async\" src=\"https:\/\/lh6.googleusercontent.com\/LOP75xK6AxNkdijp-Kv6cbOBRNDHMdSUm7x2MVpN62-ys-88Y2A3XEIBNctbFuFXHSFTlivycHgGlSfyOcX6sNasBI_NVPQ_n255IL3MlE4J0PgttN3hEIs9ewucBnK_fAmfMvqg\" alt=\"Farolillo gigante en una aldea de Filipinas\"\/><figcaption><em>Farolillo gigante en una aldea de Filipinas<\/em><\/figcaption><\/figure>\n\n\n\n<p>Ahora bien: las costumbres navide\u00f1as en Filipinas \u2014un pa\u00eds con un 90% de poblaci\u00f3n cat\u00f3lica\u2014 no acaba aqu\u00ed. Los d\u00edas previos al 25 de diciembre, al caer la noche, se enciende una linterna en forma de estrella \u2b50 frente a cada casa para simbolizar el cometa que guio a los tres Reyes Magos. \ud83d\udc2b \ud83d\udc2b \ud83d\udc2b<\/p>\n\n\n\n<h2 class=\"wp-block-heading\"><span id=\"Cabalgata_de_las_Luces_de_Toronto_Canada\"><strong>Cabalgata de las Luces de Toronto, Canad\u00e1<\/strong><\/span><\/h2>\n\n\n\n<p>Por descontado, Norteam\u00e9rica tambi\u00e9n tiene sus propias celebraciones navide\u00f1as. Una de las m\u00e1s vistosas nos conduce hasta la ciudad canadiense de Toronto, donde tiene lugar la Cabalgata de las Luces de Toronto (Cavalcade of Lights), con m\u00e1s de medio siglo de historia.&nbsp;<\/p>\n\n\n\n<figure class=\"wp-block-image\"><img decoding=\"async\" src=\"https:\/\/lh4.googleusercontent.com\/xpyA0Oq__XTchtUwKuT4IA2tzJbmPts5yKNDzXiEh9_Xb_p8g-2L1pTR2-D9R2kdijVxvTtSb3K0LQUL2Jc1FXOwIw_sXjmG2lytepol8NdDi-gK0uQzo9CGZHD6NyfxRIbw28Hd\" alt=\"Toronto se viste de colores por Navidad\"\/><figcaption><em>Toronto se viste de colores por Navidad<\/em><\/figcaption><\/figure>\n\n\n\n<p>El evento se desarrolla a finales de noviembre en los alrededores de Nathan Philips Square, una plaza que exhibe una iluminaci\u00f3n de gala para la ocasi\u00f3n. All\u00ed se instala un vistoso <strong>\u00e1rbol de Navidad de unos 18 m de altura <\/strong>\ud83c\udf84<strong>, <\/strong>al tiempo que las fachadas vecinas se decoran con luces. Como colof\u00f3n, el desfile termina con m\u00fasica y con uno de los espect\u00e1culos de fuegos artificiales m\u00e1s bonitos del mundo. Como para perd\u00e9rselo, \u00bfverdad?<\/p>\n\n\n\n<figure class=\"wp-block-image size-large\"><img decoding=\"async\" src=\"https:\/\/www.buscounchollo.com\/blog\/wp-content\/uploads\/2020\/12\/maxresdefault-3.jpg\" alt=\"Gigantesco \u00e1rbol de Navidad en Toronto\" class=\"wp-image-8760\"\/><figcaption><em>Gigantesco \u00e1rbol de Navidad en Toronto<\/em><\/figcaption><\/figure>\n\n\n\n<h2 class=\"wp-block-heading\"><span id=\"Las_Posadas_Mexico\"><strong>Las Posadas, M\u00e9xico<\/strong><\/span><\/h2>\n\n\n\n<p>Seguramente, lo primero que te viene a la mente al referirnos a M\u00e9xico \ud83c\udf35 son ruinas mayas, playas de impresi\u00f3n o esa riqu\u00edsima comida picante que tanto te gusta. Sea como fuere, el pa\u00eds azteca tambi\u00e9n destaca por sus tradiciones navide\u00f1as.&nbsp;<\/p>\n\n\n\n<figure class=\"wp-block-image\"><img decoding=\"async\" src=\"https:\/\/lh4.googleusercontent.com\/qb19AJLDdUufcfMOHSGNOi-8FcorvydiNl8rxHeZYYlAR0f4hfrOCEAkC1ptLGRdI2pVc3PAF1O9HD-J_wY3ym7Z4Xi8r_CeEJraiH9isEAyPJEB93jgsCu44jFxPBXn40it6ZAD\" alt=\"Pi\u00f1ata de Navidad en M\u00e9xico\"\/><figcaption><em>Pi\u00f1ata de Navidad en M\u00e9xico<\/em><\/figcaption><\/figure>\n\n\n\n<p>De hecho, a lo largo de los nueve d\u00edas previos a Navidad, los mexicanos celebran Las Posadas, una fiesta de origen religioso en la que <strong>los ni\u00f1os tratan de romper una pi\u00f1ata llena de frutas, frutos secos y dulces de Navidad.<\/strong> \u00bfTe gustar\u00eda vivir de cerca esta costumbre? Si es as\u00ed, nuestros<a href=\"https:\/\/www.buscounchollo.com\/destinos\/caribe\/40\/\"> <strong>chollos en el Caribe mexicano<\/strong><\/a> ser\u00e1n la oportunidad perfecta cuando llegue el momento.<\/p>\n\n\n\n<h2 class=\"wp-block-heading\"><span id=\"Dia_de_las_Velitas_Colombia\"><strong>D\u00eda de las Velitas, Colombia<\/strong><\/span><\/h2>\n\n\n\n<p>Nos desplazamos a Am\u00e9rica Latina, concretamente a Colombia, para conocer otra tradici\u00f3n \u00fanica: el D\u00eda de las Velitas, que tiene lugar <strong>la noche del 7 de diciembre,<\/strong> horas antes de la festividad de la Inmaculada Concepci\u00f3n.&nbsp;<\/p>\n\n\n\n<figure class=\"wp-block-image\"><img decoding=\"async\" src=\"https:\/\/lh5.googleusercontent.com\/rq0H660dcG5y93zxFS-L3-pNmaQo2ltknU0k2TiKyk9fp_JgoGM8sYfWD-4_vezQO-TrrvH-VjCr27RbHHAgAg75Z99FMBl90Jtdl6U8H-IcZNdSStUyhZvqCVvzvDBHhBhHl2kw\" alt=\"D\u00eda de las velitas en Colombia\"\/><figcaption><em>D\u00eda de las velitas en Colombia<\/em><\/figcaption><\/figure>\n\n\n\n<p>Con la<a href=\"https:\/\/www.buscounchollo.com\/blog\/nuestra-coleccion-secreta-de-los-mejores-lugares-para-ver-atardeceres-en-espana\/\"> <strong>puesta de sol<\/strong><\/a>, las ventanas de las casas, las calles, las plazas y los parques de todos los municipios colombianos se llenan de velas, faroles y guirnaldas multicolores, as\u00ed como de villancicos. El origen de esta celebraci\u00f3n hay que buscarla en la figura del papa P\u00edo IX, quien en 1854 quiso recuperar una antiqu\u00edsima romer\u00eda, celebrada en el a\u00f1o 431 en honor de la Virgen Mar\u00eda. \ud83d\udd6f \ud83d\udd6f \ud83d\udd6f<\/p>\n\n\n\n<h2 class=\"wp-block-heading\"><span id=\"Navidades_en_la_playa_Brasil\"><strong>Navidades en la playa, Brasil<\/strong><\/span><\/h2>\n\n\n\n<p>De acuerdo: aunque instintivamente relacionemos la Navidad con paisajes helados, esto no ocurre entre quienes habitan en el hemisferio sur, donde el sol a raudales y las altas temperaturas son los grandes protagonistas. Veamos un ejemplo: en el pa\u00eds m\u00e1s grande de Latinoam\u00e9rica, Brasil, <strong>las playas de Ipanema y Copacabana, ambas situadas en R\u00edo de Janeiro, resplandecen durante la Nochebuena con fuegos artificiales.<\/strong> \ud83c\udf79<\/p>\n\n\n\n<figure class=\"wp-block-image\"><img decoding=\"async\" src=\"https:\/\/lh3.googleusercontent.com\/AabeH8nrAMB4pQYE9aT1PeTgOLjKZH2HErTeFJXyZOA3ttwDH4KZnI7tAm9TwhpmMF6LMGjAmRWaJAtHOHEdkcQgf28M4VaHQvowYnO0_L_GedMAF9-CY8EPJRkqtv_W0Avz9KmA\" alt=\"Fuegos artificiales en Rio\"\/><figcaption><em>Fuegos artificiales en Rio<\/em><\/figcaption><\/figure>\n\n\n\n<p>Tambi\u00e9n en Brasil, Papai Noel reparte los regalos en pleno verano austral, aunque ataviado con ropa de seda (mucho m\u00e1s ligera y fresca). El entra\u00f1able anciano visita a los peques tras la <em>ceia de Natal <\/em>(\u2018cena de Navidad),<em> <\/em>en la que el pavo es el plato estrella.<\/p>\n\n\n\n<figure class=\"wp-block-image\"><img decoding=\"async\" src=\"https:\/\/lh6.googleusercontent.com\/SzaO3lRWtZbdwF99b5necel8FuxUWTqTDkIyKMhqr3gJqzniwl8tofzfXMwsVcPhb63DlfOnEcevqEj_Bw_7MEIlCyWcsugeRCJ5ddfcbNZcGf5BkK3-H5XwIAj6t5LnvE2gwPkL\" alt=\"Papa Noel sustituyendo el trineo por una moto acu\u00e1tica en Brasil\"\/><figcaption><em>Papa Noel sustituyendo el trineo por una moto acu\u00e1tica en Brasil<\/em><\/figcaption><\/figure>\n\n\n\n<p>\u00bfQuieres una alternativa m\u00e1s pr\u00f3xima para pasar las navidades en la playa? En ese caso, prueba con nuestros<a href=\"https:\/\/www.buscounchollo.com\/destinos\/canarias\/25\/\"> <strong>chollos en Canarias<\/strong><\/a>.<\/p>\n\n\n\n<h2 class=\"wp-block-heading\"><span id=\"La_Befana_Italia\"><strong>La Befana, Italia<\/strong><\/span><\/h2>\n\n\n\n<p>Cerramos nuestro repaso a c\u00f3mo se celebra la Navidad en el mundo muy cerca de Espa\u00f1a: en Italia.&nbsp;<\/p>\n\n\n\n<figure class=\"wp-block-image\"><img decoding=\"async\" src=\"https:\/\/lh5.googleusercontent.com\/FYgJnx1J-E_t8rjCs477GFyrjPOF7IgoDkScFup3nL0HSxJthiDjJ5aeTDrVoF0XHEBfqwGXzDgEw3XHlzH0yQ6zfCGoFwkjHt23SoYSvQSYnj3kQCb3u0ryR6AcicmMRWUBetwo\" alt=\"La Befana recorriendo las calles en Italia\"\/><figcaption><em>La Befana recorriendo las calles en Italia<\/em><\/figcaption><\/figure>\n\n\n\n<p>Pese a que la inmensa mayor\u00eda de los italianos celebra la Navidad el 25 de diciembre, las tradiciones var\u00edan seg\u00fan la zona. Por ejemplo, en la regi\u00f3n del<strong> Lazio<\/strong> (cuya capital es Roma), las festividades navide\u00f1as comienzan el 8 de diciembre y acaban el 6 de enero, el d\u00eda de la Epifan\u00eda. La noche anterior, la que va del 5 al 6 de enero, <strong>una bruja buena, la Befana,<\/strong> recorre el Bel Paese montada en su escoba \ud83e\uddf9 para dejar regalos a los ni\u00f1os que han sido buenos el a\u00f1o anterior.<\/p>\n\n\n\n<figure class=\"wp-block-image\"><img decoding=\"async\" src=\"https:\/\/lh5.googleusercontent.com\/QiidNm_OaBlSCmr7JDTDvKzekYM1QtmSomCgGYA_E3lrKOSlInDbzAv59PlUfWeekfSfO8lQCZ2grQFIC0ovw7Fk_RazDCtWlqs1UTNeNd0xR0QJ94w8Z0L0qQXaz_f866x7OhsN\" alt=\"Disfraces de Befana en Italia\"\/><figcaption><em>Disfraces de Befana en Italia<\/em><\/figcaption><\/figure>\n\n\n\n<p>Tampoco pod\u00edamos olvidarnos de algunas tradiciones navide\u00f1as propias de nuestra geograf\u00eda. En <strong>Catalu\u00f1a,<\/strong> los m\u00e1s peque\u00f1os hacen <strong>cagar al<em> ti\u00f3<\/em><\/strong> en Nochebuena. Esta costumbre consiste en golpear con un palo un le\u00f1o cubierto con una manta, mientras los ni\u00f1os entonan una canci\u00f3n popular. Al retirar la tela que lo esconde, los peques descubren algunos obsequios y caramelos.&nbsp;<\/p>\n\n\n\n<figure class=\"wp-block-image\"><img decoding=\"async\" src=\"https:\/\/lh6.googleusercontent.com\/bBqAY0eCACekTjmdQYZfWHNApSw9lOW99iOOhA6vnhbdKleys2IgluiC90cfcRFHjn2VHfxRXWuRoJE0nZL1UcmqFN6ftNUiX3T_wdycRaOq_C1VrE2m2jwXTw47ANB-0EgtVB-C\" alt=\"Cagando al Ti\u00f3 en Catalu\u00f1a\"\/><figcaption><em>Cagando al Ti\u00f3 en Catalu\u00f1a<\/em><\/figcaption><\/figure>\n\n\n\n<p>Otra tradici\u00f3n catalana escatol\u00f3gica consiste colocar en colocar la figura de un <strong><em>caganer <\/em><\/strong>en el pesebre. Si bien puede parecer irreverente, en realidad es un s\u00edmbolo de fertilidad. Con nuestros<a href=\"https:\/\/www.buscounchollo.com\/destinos\/cataluna\/18\/\"><strong> chollos de viaje en Catalu\u00f1a<\/strong><\/a>, ser\u00e1s testigo de otras muchas tradiciones, como los coloridos <strong>mercadillos navide\u00f1os de Santa Ll\u00facia o la Sagrada Familia, <\/strong>repletos de paradas de pesebristas. Tambi\u00e9n podr\u00e1s saborear recetas tan irresistibles como la <em>escudella,<\/em> la sopa de <em>galets <\/em>o los canelones de Sant Esteve.<\/p>\n\n\n\n<figure class=\"wp-block-image\"><img decoding=\"async\" src=\"https:\/\/lh3.googleusercontent.com\/8GkrIGPDQX9mUXd79lnRpp_qJ_jGkgTDQhOR9Pjp-TaTjas0HQnWoMOLnvECdafPeZRKISEW9_Q0L-SQlKlDbK1qaVEfY2M1e5DNIc12IxSFppZdYeV58liZZV6mk6FQmqatIKiK\" alt=\"Caganer en el pesebre\"\/><figcaption><em>Caganer en el pesebre<\/em><\/figcaption><\/figure>\n\n\n\n<p>Por su parte, los ni\u00f1os y ni\u00f1as de <strong>Euskadi <\/strong>reciben sus regalos del <strong>Olentzero,<\/strong> un carbonero que baja de las monta\u00f1as vascas con su saco a rebosar de juguetes.<\/p>\n\n\n\n<figure class=\"wp-block-image\"><img decoding=\"async\" src=\"https:\/\/lh3.googleusercontent.com\/1dddqshDEXQ2ZR3gffIXXe8TvkewTvwEkzy_FLnn8qN15q91ZMICQUO_1cA6dVYCUmXi9ebDmFVnx4qFgPlcyb6zQKKI_Z8LO5drGC7Fh-8QA2MEyawz49bANOxLdeTGHDseRZ1f\" alt=\"Olentzero en Euskadi\"\/><figcaption><em>Olentzero en Euskadi<\/em><\/figcaption><\/figure>\n\n\n\n<p><strong>\u00bfConoces alguna otra tradici\u00f3n de Navidad curiosa? Si es as\u00ed, o bien si quieres contarnos c\u00f3mo vas a vivir los pr\u00f3ximos d\u00edas, no dudes en escribirnos. \u00a1Nos gustar\u00e1 saber de ti! \ud83d\ude42<\/strong><\/p>\n\n\n\n<figure class=\"wp-block-image size-large\"><img decoding=\"async\" src=\"https:\/\/www.buscounchollo.com\/blog\/wp-content\/uploads\/2020\/12\/AdobeStock_237477474.jpeg\" alt=\"\" class=\"wp-image-8761\"\/><\/figure>\n","protected":false},"excerpt":{"rendered":"<p>Contenido1 El Krampus, Austria y Alemania2 Christkind, Europa central3 La cabra de G\u00e4vle, Suecia4 Troles y libros, Islandia5 Ded Moroz y Babushka, Rusia6 Restaurantes de comida r\u00e1pida, Jap\u00f3n7 Festival de los Faroles Gigantes, Filipinas8 Cabalgata de las Luces de Toronto, Canad\u00e19 Las Posadas, M\u00e9xico10 D\u00eda de las Velitas, Colombia11 Navidades en la playa, Brasil12 La&#8230;<\/p>\n","protected":false},"author":5,"featured_media":12682,"comment_status":"open","ping_status":"open","sticky":false,"template":"","format":"standard","meta":{"footnotes":""},"categories":[21],"tags":[926,927,928],"class_list":["post-12504","post","type-post","status-publish","format-standard","has-post-thumbnail","hentry","category-curiosidades","tag-navidad-en-el-mundo","tag-navidad-internacional","tag-tradiciones-navidenas-en-el-mundo"],"yoast_head":"<!-- This site is optimized with the Yoast SEO plugin v23.1 - https:\/\/yoast.com\/wordpress\/plugins\/seo\/ -->\n<title>\u00bfC\u00f3mo se celebra la Navidad en el mundo? - BuscoUnChollo Blog<\/title>\n<meta name=\"robots\" content=\"index, follow, max-snippet:-1, max-image-preview:large, max-video-preview:-1\" \/>\n<link rel=\"canonical\" href=\"https:\/\/www.buscounchollo.com\/blog\/como-se-celebra-la-navidad-en-el-mundo\/\" \/>\n<meta property=\"og:locale\" content=\"en_US\" \/>\n<meta property=\"og:type\" content=\"article\" \/>\n<meta property=\"og:title\" content=\"\u00bfC\u00f3mo se celebra la Navidad en el mundo? - BuscoUnChollo Blog\" \/>\n<meta property=\"og:description\" content=\"Contenido1 El Krampus, Austria y Alemania2 Christkind, Europa central3 La cabra de G\u00e4vle, Suecia4 Troles y libros, Islandia5 Ded Moroz y Babushka, Rusia6 Restaurantes de comida r\u00e1pida, Jap\u00f3n7 Festival de los Faroles Gigantes, Filipinas8 Cabalgata de las Luces de Toronto, Canad\u00e19 Las Posadas, M\u00e9xico10 D\u00eda de las Velitas, Colombia11 Navidades en la playa, Brasil12 La...\" \/>\n<meta property=\"og:url\" content=\"https:\/\/www.buscounchollo.com\/blog\/como-se-celebra-la-navidad-en-el-mundo\/\" \/>\n<meta property=\"og:site_name\" content=\"BuscoUnChollo Blog\" \/>\n<meta property=\"article:published_time\" content=\"2020-12-22T15:31:50+00:00\" \/>\n<meta property=\"article:modified_time\" content=\"2021-06-28T12:25:34+00:00\" \/>\n<meta property=\"og:image\" content=\"https:\/\/www.buscounchollo.com\/blog\/app\/uploads\/2020\/12\/blog1-1.jpg\" \/>\n\t<meta property=\"og:image:width\" content=\"1500\" \/>\n\t<meta property=\"og:image:height\" content=\"1000\" \/>\n\t<meta property=\"og:image:type\" content=\"image\/jpeg\" \/>\n<meta name=\"author\" content=\"BuscoUnChollo.com\" \/>\n<meta name=\"twitter:card\" content=\"summary_large_image\" \/>\n<meta name=\"twitter:label1\" content=\"Written by\" \/>\n\t<meta name=\"twitter:data1\" content=\"BuscoUnChollo.com\" \/>\n\t<meta name=\"twitter:label2\" content=\"Est. reading time\" \/>\n\t<meta name=\"twitter:data2\" content=\"13 minutes\" \/>\n<script type=\"application\/ld+json\" class=\"yoast-schema-graph\">{\"@context\":\"https:\/\/schema.org\",\"@graph\":[{\"@type\":\"Article\",\"@id\":\"https:\/\/www.buscounchollo.com\/blog\/como-se-celebra-la-navidad-en-el-mundo\/#article\",\"isPartOf\":{\"@id\":\"https:\/\/www.buscounchollo.com\/blog\/como-se-celebra-la-navidad-en-el-mundo\/\"},\"author\":{\"name\":\"BuscoUnChollo.com\",\"@id\":\"https:\/\/www.buscounchollo.com\/blog\/#\/schema\/person\/f1d358d56b7a947fde4b03bdde7d493d\"},\"headline\":\"\u00bfC\u00f3mo se celebra la Navidad en el mundo?\",\"datePublished\":\"2020-12-22T15:31:50+00:00\",\"dateModified\":\"2021-06-28T12:25:34+00:00\",\"mainEntityOfPage\":{\"@id\":\"https:\/\/www.buscounchollo.com\/blog\/como-se-celebra-la-navidad-en-el-mundo\/\"},\"wordCount\":2575,\"commentCount\":0,\"publisher\":{\"@id\":\"https:\/\/www.buscounchollo.com\/blog\/#organization\"},\"image\":{\"@id\":\"https:\/\/www.buscounchollo.com\/blog\/como-se-celebra-la-navidad-en-el-mundo\/#primaryimage\"},\"thumbnailUrl\":\"https:\/\/www.buscounchollo.com\/blog\/app\/uploads\/2020\/12\/blog1-1.jpg\",\"keywords\":[\"navidad en el mundo\",\"navidad internacional\",\"tradiciones navide\u00f1as en el mundo\"],\"articleSection\":[\"Curiosidades\"],\"inLanguage\":\"en-US\",\"potentialAction\":[{\"@type\":\"CommentAction\",\"name\":\"Comment\",\"target\":[\"https:\/\/www.buscounchollo.com\/blog\/como-se-celebra-la-navidad-en-el-mundo\/#respond\"]}]},{\"@type\":\"WebPage\",\"@id\":\"https:\/\/www.buscounchollo.com\/blog\/como-se-celebra-la-navidad-en-el-mundo\/\",\"url\":\"https:\/\/www.buscounchollo.com\/blog\/como-se-celebra-la-navidad-en-el-mundo\/\",\"name\":\"\u00bfC\u00f3mo se celebra la Navidad en el mundo? - BuscoUnChollo Blog\",\"isPartOf\":{\"@id\":\"https:\/\/www.buscounchollo.com\/blog\/#website\"},\"primaryImageOfPage\":{\"@id\":\"https:\/\/www.buscounchollo.com\/blog\/como-se-celebra-la-navidad-en-el-mundo\/#primaryimage\"},\"image\":{\"@id\":\"https:\/\/www.buscounchollo.com\/blog\/como-se-celebra-la-navidad-en-el-mundo\/#primaryimage\"},\"thumbnailUrl\":\"https:\/\/www.buscounchollo.com\/blog\/app\/uploads\/2020\/12\/blog1-1.jpg\",\"datePublished\":\"2020-12-22T15:31:50+00:00\",\"dateModified\":\"2021-06-28T12:25:34+00:00\",\"breadcrumb\":{\"@id\":\"https:\/\/www.buscounchollo.com\/blog\/como-se-celebra-la-navidad-en-el-mundo\/#breadcrumb\"},\"inLanguage\":\"en-US\",\"potentialAction\":[{\"@type\":\"ReadAction\",\"target\":[\"https:\/\/www.buscounchollo.com\/blog\/como-se-celebra-la-navidad-en-el-mundo\/\"]}]},{\"@type\":\"ImageObject\",\"inLanguage\":\"en-US\",\"@id\":\"https:\/\/www.buscounchollo.com\/blog\/como-se-celebra-la-navidad-en-el-mundo\/#primaryimage\",\"url\":\"https:\/\/www.buscounchollo.com\/blog\/app\/uploads\/2020\/12\/blog1-1.jpg\",\"contentUrl\":\"https:\/\/www.buscounchollo.com\/blog\/app\/uploads\/2020\/12\/blog1-1.jpg\",\"width\":1500,\"height\":1000,\"caption\":\"Picture showing Christmas ham being served on the table people wering masks in the background\"},{\"@type\":\"BreadcrumbList\",\"@id\":\"https:\/\/www.buscounchollo.com\/blog\/como-se-celebra-la-navidad-en-el-mundo\/#breadcrumb\",\"itemListElement\":[{\"@type\":\"ListItem\",\"position\":1,\"name\":\"Home\",\"item\":\"https:\/\/www.buscounchollo.com\/blog\/\"},{\"@type\":\"ListItem\",\"position\":2,\"name\":\"\u00bfC\u00f3mo se celebra la Navidad en el mundo?\"}]},{\"@type\":\"WebSite\",\"@id\":\"https:\/\/www.buscounchollo.com\/blog\/#website\",\"url\":\"https:\/\/www.buscounchollo.com\/blog\/\",\"name\":\"BuscoUnChollo Blog\",\"description\":\"Consejos Para Viajar Y Curiosidades\",\"publisher\":{\"@id\":\"https:\/\/www.buscounchollo.com\/blog\/#organization\"},\"potentialAction\":[{\"@type\":\"SearchAction\",\"target\":{\"@type\":\"EntryPoint\",\"urlTemplate\":\"https:\/\/www.buscounchollo.com\/blog\/?s={search_term_string}\"},\"query-input\":\"required name=search_term_string\"}],\"inLanguage\":\"en-US\"},{\"@type\":\"Organization\",\"@id\":\"https:\/\/www.buscounchollo.com\/blog\/#organization\",\"name\":\"BuscoUnChollo Blog\",\"url\":\"https:\/\/www.buscounchollo.com\/blog\/\",\"logo\":{\"@type\":\"ImageObject\",\"inLanguage\":\"en-US\",\"@id\":\"https:\/\/www.buscounchollo.com\/blog\/#\/schema\/logo\/image\/\",\"url\":\"https:\/\/www.buscounchollo.com\/blog\/app\/uploads\/2021\/05\/logo_lg-1.png\",\"contentUrl\":\"https:\/\/www.buscounchollo.com\/blog\/app\/uploads\/2021\/05\/logo_lg-1.png\",\"width\":600,\"height\":185,\"caption\":\"BuscoUnChollo Blog\"},\"image\":{\"@id\":\"https:\/\/www.buscounchollo.com\/blog\/#\/schema\/logo\/image\/\"}},{\"@type\":\"Person\",\"@id\":\"https:\/\/www.buscounchollo.com\/blog\/#\/schema\/person\/f1d358d56b7a947fde4b03bdde7d493d\",\"name\":\"BuscoUnChollo.com\",\"image\":{\"@type\":\"ImageObject\",\"inLanguage\":\"en-US\",\"@id\":\"https:\/\/www.buscounchollo.com\/blog\/#\/schema\/person\/image\/\",\"url\":\"https:\/\/secure.gravatar.com\/avatar\/?s=96&d=mm&r=g\",\"contentUrl\":\"https:\/\/secure.gravatar.com\/avatar\/?s=96&d=mm&r=g\",\"caption\":\"BuscoUnChollo.com\"},\"url\":\"https:\/\/www.buscounchollo.com\/blog\/author\/buscounchollo-com\/\"}]}<\/script>\n<!-- \/ Yoast SEO plugin. -->","yoast_head_json":{"title":"\u00bfC\u00f3mo se celebra la Navidad en el mundo? - BuscoUnChollo Blog","robots":{"index":"index","follow":"follow","max-snippet":"max-snippet:-1","max-image-preview":"max-image-preview:large","max-video-preview":"max-video-preview:-1"},"canonical":"https:\/\/www.buscounchollo.com\/blog\/como-se-celebra-la-navidad-en-el-mundo\/","og_locale":"en_US","og_type":"article","og_title":"\u00bfC\u00f3mo se celebra la Navidad en el mundo? - BuscoUnChollo Blog","og_description":"Contenido1 El Krampus, Austria y Alemania2 Christkind, Europa central3 La cabra de G\u00e4vle, Suecia4 Troles y libros, Islandia5 Ded Moroz y Babushka, Rusia6 Restaurantes de comida r\u00e1pida, Jap\u00f3n7 Festival de los Faroles Gigantes, Filipinas8 Cabalgata de las Luces de Toronto, Canad\u00e19 Las Posadas, M\u00e9xico10 D\u00eda de las Velitas, Colombia11 Navidades en la playa, Brasil12 La...","og_url":"https:\/\/www.buscounchollo.com\/blog\/como-se-celebra-la-navidad-en-el-mundo\/","og_site_name":"BuscoUnChollo Blog","article_published_time":"2020-12-22T15:31:50+00:00","article_modified_time":"2021-06-28T12:25:34+00:00","og_image":[{"width":1500,"height":1000,"url":"https:\/\/www.buscounchollo.com\/blog\/app\/uploads\/2020\/12\/blog1-1.jpg","type":"image\/jpeg"}],"author":"BuscoUnChollo.com","twitter_card":"summary_large_image","twitter_misc":{"Written by":"BuscoUnChollo.com","Est. reading time":"13 minutes"},"schema":{"@context":"https:\/\/schema.org","@graph":[{"@type":"Article","@id":"https:\/\/www.buscounchollo.com\/blog\/como-se-celebra-la-navidad-en-el-mundo\/#article","isPartOf":{"@id":"https:\/\/www.buscounchollo.com\/blog\/como-se-celebra-la-navidad-en-el-mundo\/"},"author":{"name":"BuscoUnChollo.com","@id":"https:\/\/www.buscounchollo.com\/blog\/#\/schema\/person\/f1d358d56b7a947fde4b03bdde7d493d"},"headline":"\u00bfC\u00f3mo se celebra la Navidad en el mundo?","datePublished":"2020-12-22T15:31:50+00:00","dateModified":"2021-06-28T12:25:34+00:00","mainEntityOfPage":{"@id":"https:\/\/www.buscounchollo.com\/blog\/como-se-celebra-la-navidad-en-el-mundo\/"},"wordCount":2575,"commentCount":0,"publisher":{"@id":"https:\/\/www.buscounchollo.com\/blog\/#organization"},"image":{"@id":"https:\/\/www.buscounchollo.com\/blog\/como-se-celebra-la-navidad-en-el-mundo\/#primaryimage"},"thumbnailUrl":"https:\/\/www.buscounchollo.com\/blog\/app\/uploads\/2020\/12\/blog1-1.jpg","keywords":["navidad en el mundo","navidad internacional","tradiciones navide\u00f1as en el mundo"],"articleSection":["Curiosidades"],"inLanguage":"en-US","potentialAction":[{"@type":"CommentAction","name":"Comment","target":["https:\/\/www.buscounchollo.com\/blog\/como-se-celebra-la-navidad-en-el-mundo\/#respond"]}]},{"@type":"WebPage","@id":"https:\/\/www.buscounchollo.com\/blog\/como-se-celebra-la-navidad-en-el-mundo\/","url":"https:\/\/www.buscounchollo.com\/blog\/como-se-celebra-la-navidad-en-el-mundo\/","name":"\u00bfC\u00f3mo se celebra la Navidad en el mundo? - BuscoUnChollo Blog","isPartOf":{"@id":"https:\/\/www.buscounchollo.com\/blog\/#website"},"primaryImageOfPage":{"@id":"https:\/\/www.buscounchollo.com\/blog\/como-se-celebra-la-navidad-en-el-mundo\/#primaryimage"},"image":{"@id":"https:\/\/www.buscounchollo.com\/blog\/como-se-celebra-la-navidad-en-el-mundo\/#primaryimage"},"thumbnailUrl":"https:\/\/www.buscounchollo.com\/blog\/app\/uploads\/2020\/12\/blog1-1.jpg","datePublished":"2020-12-22T15:31:50+00:00","dateModified":"2021-06-28T12:25:34+00:00","breadcrumb":{"@id":"https:\/\/www.buscounchollo.com\/blog\/como-se-celebra-la-navidad-en-el-mundo\/#breadcrumb"},"inLanguage":"en-US","potentialAction":[{"@type":"ReadAction","target":["https:\/\/www.buscounchollo.com\/blog\/como-se-celebra-la-navidad-en-el-mundo\/"]}]},{"@type":"ImageObject","inLanguage":"en-US","@id":"https:\/\/www.buscounchollo.com\/blog\/como-se-celebra-la-navidad-en-el-mundo\/#primaryimage","url":"https:\/\/www.buscounchollo.com\/blog\/app\/uploads\/2020\/12\/blog1-1.jpg","contentUrl":"https:\/\/www.buscounchollo.com\/blog\/app\/uploads\/2020\/12\/blog1-1.jpg","width":1500,"height":1000,"caption":"Picture showing Christmas ham being served on the table people wering masks in the background"},{"@type":"BreadcrumbList","@id":"https:\/\/www.buscounchollo.com\/blog\/como-se-celebra-la-navidad-en-el-mundo\/#breadcrumb","itemListElement":[{"@type":"ListItem","position":1,"name":"Home","item":"https:\/\/www.buscounchollo.com\/blog\/"},{"@type":"ListItem","position":2,"name":"\u00bfC\u00f3mo se celebra la Navidad en el mundo?"}]},{"@type":"WebSite","@id":"https:\/\/www.buscounchollo.com\/blog\/#website","url":"https:\/\/www.buscounchollo.com\/blog\/","name":"BuscoUnChollo Blog","description":"Consejos Para Viajar Y Curiosidades","publisher":{"@id":"https:\/\/www.buscounchollo.com\/blog\/#organization"},"potentialAction":[{"@type":"SearchAction","target":{"@type":"EntryPoint","urlTemplate":"https:\/\/www.buscounchollo.com\/blog\/?s={search_term_string}"},"query-input":"required name=search_term_string"}],"inLanguage":"en-US"},{"@type":"Organization","@id":"https:\/\/www.buscounchollo.com\/blog\/#organization","name":"BuscoUnChollo Blog","url":"https:\/\/www.buscounchollo.com\/blog\/","logo":{"@type":"ImageObject","inLanguage":"en-US","@id":"https:\/\/www.buscounchollo.com\/blog\/#\/schema\/logo\/image\/","url":"https:\/\/www.buscounchollo.com\/blog\/app\/uploads\/2021\/05\/logo_lg-1.png","contentUrl":"https:\/\/www.buscounchollo.com\/blog\/app\/uploads\/2021\/05\/logo_lg-1.png","width":600,"height":185,"caption":"BuscoUnChollo Blog"},"image":{"@id":"https:\/\/www.buscounchollo.com\/blog\/#\/schema\/logo\/image\/"}},{"@type":"Person","@id":"https:\/\/www.buscounchollo.com\/blog\/#\/schema\/person\/f1d358d56b7a947fde4b03bdde7d493d","name":"BuscoUnChollo.com","image":{"@type":"ImageObject","inLanguage":"en-US","@id":"https:\/\/www.buscounchollo.com\/blog\/#\/schema\/person\/image\/","url":"https:\/\/secure.gravatar.com\/avatar\/?s=96&d=mm&r=g","contentUrl":"https:\/\/secure.gravatar.com\/avatar\/?s=96&d=mm&r=g","caption":"BuscoUnChollo.com"},"url":"https:\/\/www.buscounchollo.com\/blog\/author\/buscounchollo-com\/"}]}},"_links":{"self":[{"href":"https:\/\/www.buscounchollo.com\/blog\/wp-json\/wp\/v2\/posts\/12504"}],"collection":[{"href":"https:\/\/www.buscounchollo.com\/blog\/wp-json\/wp\/v2\/posts"}],"about":[{"href":"https:\/\/www.buscounchollo.com\/blog\/wp-json\/wp\/v2\/types\/post"}],"author":[{"embeddable":true,"href":"https:\/\/www.buscounchollo.com\/blog\/wp-json\/wp\/v2\/users\/5"}],"replies":[{"embeddable":true,"href":"https:\/\/www.buscounchollo.com\/blog\/wp-json\/wp\/v2\/comments?post=12504"}],"version-history":[{"count":1,"href":"https:\/\/www.buscounchollo.com\/blog\/wp-json\/wp\/v2\/posts\/12504\/revisions"}],"predecessor-version":[{"id":12683,"href":"https:\/\/www.buscounchollo.com\/blog\/wp-json\/wp\/v2\/posts\/12504\/revisions\/12683"}],"wp:featuredmedia":[{"embeddable":true,"href":"https:\/\/www.buscounchollo.com\/blog\/wp-json\/wp\/v2\/media\/12682"}],"wp:attachment":[{"href":"https:\/\/www.buscounchollo.com\/blog\/wp-json\/wp\/v2\/media?parent=12504"}],"wp:term":[{"taxonomy":"category","embeddable":true,"href":"https:\/\/www.buscounchollo.com\/blog\/wp-json\/wp\/v2\/categories?post=12504"},{"taxonomy":"post_tag","embeddable":true,"href":"https:\/\/www.buscounchollo.com\/blog\/wp-json\/wp\/v2\/tags?post=12504"}],"curies":[{"name":"wp","href":"https:\/\/api.w.org\/{rel}","templated":true}]}}