{"id":12506,"date":"2021-01-19T11:49:59","date_gmt":"2021-01-19T10:49:59","guid":{"rendered":"https:\/\/www.buscounchollo.com\/blog\/?p=8783"},"modified":"2021-06-28T14:24:27","modified_gmt":"2021-06-28T12:24:27","slug":"viajar-en-2021-asi-seran-nuestras-vacaciones-postcovid","status":"publish","type":"post","link":"https:\/\/www.buscounchollo.com\/blog\/viajar-en-2021-asi-seran-nuestras-vacaciones-postcovid\/","title":{"rendered":"Viajar en 2021: as\u00ed ser\u00e1n nuestras vacaciones postcovid"},"content":{"rendered":"<div id=\"toc_container\" class=\"no_bullets\"><p class=\"toc_title\">Contenido<\/p><ul class=\"toc_list\"><li><a href=\"#Pasaporte_y_pasaporte_COVID-19\"><span class=\"toc_number toc_depth_1\">1<\/span> Pasaporte y\u2026 \u00bfpasaporte COVID-19?<\/a><\/li><li><a href=\"#PCR_y_tests_de_antigenos_a_la_orden_del_dia\"><span class=\"toc_number toc_depth_1\">2<\/span> PCR y tests de ant\u00edgenos: a la orden del d\u00eda<\/a><\/li><li><a href=\"#Seguiremos_con_las_tres_emes_mascarilla_manos_y_metros_de_distancia\"><span class=\"toc_number toc_depth_1\">3<\/span> Seguiremos con las tres emes: mascarilla, manos y metros de distancia<\/a><\/li><li><a href=\"#Mas_movilidad_y_mas_viajes\"><span class=\"toc_number toc_depth_1\">4<\/span> M\u00e1s movilidad\u2026 y m\u00e1s viajes<\/a><\/li><li><a href=\"#Hoteles_para_disfrutar_y_trabajar\"><span class=\"toc_number toc_depth_1\">5<\/span> Hoteles para disfrutar \u00a1y trabajar!<\/a><\/li><li><a href=\"#Viajes_con_garantia_de_devolucion\"><span class=\"toc_number toc_depth_1\">6<\/span> Viajes con garant\u00eda de devoluci\u00f3n<\/a><\/li><li><a href=\"#Volvera_el_turismo_urbano_pero_como\"><span class=\"toc_number toc_depth_1\">7<\/span> Volver\u00e1 el turismo urbano, pero \u00bfc\u00f3mo?<\/a><\/li><li><a href=\"#Disfrutar_del_slow_travel\"><span class=\"toc_number toc_depth_1\">8<\/span> Disfrutar del slow travel<\/a><\/li><li><a href=\"#El_regreso_de_los_cruceros\"><span class=\"toc_number toc_depth_1\">9<\/span> El regreso de los cruceros<\/a><\/li><li><a href=\"#Un_Ano_Santo_Xacobeo_que_seran_dos\"><span class=\"toc_number toc_depth_1\">10<\/span> Un A\u00f1o Santo Xacobeo que ser\u00e1n dos<\/a><\/li><\/ul><\/div>\n\n<p>\u00bfHiciste tu lista de buenos prop\u00f3sitos de a\u00f1o nuevo? \ud83d\udcdd \u00a1Perfecto! No se nos ocurre una forma mejor de estrenar el calendario que con nuevas metas \ud83e\udd17: dejar de fumar, ponerse en serio con el ingl\u00e9s de una vez por todas, perder esos kilitos que nos dejaron de recuerdo los turrones y los mantecados, hacer m\u00e1s deporte\u2026 y, por supuesto, marcarse m\u00e1s escapadas que en las semanas anteriores, siempre que el <a href=\"https:\/\/www.buscounchollo.com\/blog\/5-preguntas-y-respuestas-sobre-nueva-normalidad-y-hoteles\/\" title=\"https:\/\/www.buscounchollo.com\/blog\/5-preguntas-y-respuestas-sobre-nueva-normalidad-y-hoteles\/\">COVID-19<\/a> lo permita.&nbsp;<\/p>\n\n\n\n<figure class=\"wp-block-image\"><img decoding=\"async\" src=\"https:\/\/lh6.googleusercontent.com\/LXYgjKKinv5W3CzA3qh-qRw05r6gnukOaVfOi-scyNVlsn2WJBHctiu46bkpgmgmWdZx9BppiFXcr6WFfmkLRzIqM_GL9F7mCLaIocxFc_ZutxvyDQb7n5VFVtSwNRGEG3juJouF\" alt=\"\"\/><\/figure>\n\n\n\n<p>Ahora bien, <strong>\u00bfc\u00f3mo ser\u00e1 viajar en 2021? <\/strong>\u00bfQu\u00e9 protocolos se implantar\u00e1n para contener la pandemia? \u00bfCu\u00e1les van a ser los destinos m\u00e1s demandados?<\/p>\n\n\n\n<p>Aunque no tenemos una bola de cristal \u2014y pese a que el coronavirus ha demostrado repetidamente su capacidad de echar por tierra nuestros planes a \u00faltima hora\u2014, las empresas del sector tur\u00edstico de todo el mundo llevan meses trabajando para tratar de adaptarse a este escenario at\u00edpico y ayudarnos, al menos en parte, a recuperar la movilidad geogr\u00e1fica.&nbsp;<\/p>\n\n\n\n<div class=\"wp-block-image\"><figure class=\"aligncenter size-large\"><img decoding=\"async\" src=\"https:\/\/www.buscounchollo.com\/blog\/wp-content\/uploads\/2021\/01\/Captura.png\" alt=\"Arki nuestra compa\u00f1era de calidad con su maleta bola de cristal \ud83d\ude02\" class=\"wp-image-8799\"\/><figcaption><em>Arki nuestra compa\u00f1era de calidad con su maleta bola de cristal<\/em> \ud83d\ude02<\/figcaption><\/figure><\/div>\n\n\n\n<div class=\"wp-block-group is-layout-flow wp-block-group-is-layout-flow\"><div class=\"wp-block-group__inner-container\"><\/div><\/div>\n\n\n\n<figure class=\"wp-block-image\"><img decoding=\"async\" src=\"https:\/\/lh6.googleusercontent.com\/pzks6CsBlmvnDfMiSsLgSOlj-HqUUbVSdw7Stba7WG4BRm9Obnk5TnnpVaZYUbvJ8i4EjvYMo1kJkflp3AYzoTAXpJ-X9qiKTYMFL2AXhmvSKA2M_Xl3J-MQ6csZuIRUaQS3EjP_\" alt=\"Las oficinas de BuscounChollo.com\"\/><figcaption><em>Las oficinas de BuscounChollo.com<\/em><\/figcaption><\/figure>\n\n\n\n<p>\u00bfQuieres saber c\u00f3mo vamos a viajar en 2021? \u00bfTe mueres de ganas de hacer las maletas y de recuperar el tiempo perdido? Si es as\u00ed, \u00a1sigue leyendo!<\/p>\n\n\n\n<h2 class=\"wp-block-heading\"><span id=\"Pasaporte_y_pasaporte_COVID-19\"><strong>Pasaporte y\u2026 \u00bfpasaporte COVID-19?<\/strong><\/span><\/h2>\n\n\n\n<p>Las pasadas Navidades nos regalaron una de las noticias m\u00e1s esperadas: el inicio de la campa\u00f1a de vacunaci\u00f3n contra el COVID-19 en Espa\u00f1a. Seg\u00fan el Ministerio de Sanidad, se prev\u00e9 que <strong>habr\u00e1 una gran parte de la poblaci\u00f3n vacunada en mayo<\/strong>, justo antes del inicio de las vacaciones de verano, en la l\u00ednea de lo que pronostican nuestros vecinos europeos.&nbsp;<\/p>\n\n\n\n<figure class=\"wp-block-image\"><img decoding=\"async\" src=\"https:\/\/lh6.googleusercontent.com\/HGgNdZ4x6Lc6sPOE8vq6skAmMzuouPJFJpuiRiG-Dzc7sYibOcGZVzrHSxmBA1hH9HFgRChZ00GTK1V3paM00IhuLYbAWZCgixA4K3Uvn1r0Ay9jiCYa8PpeldlA5BVlIJm_-XwY\" alt=\"Pasaporte COVID\"\/><\/figure>\n\n\n\n<p>De ah\u00ed que, dentro del sector tur\u00edstico, ya empiece a hablarse de la posible <strong>creaci\u00f3n de un pasaporte COVID-19 <\/strong>\ud83d\udec2<strong>,<\/strong> que acredite que el viajero ha recibido la correspondiente vacuna. De llevarse a cabo esta idea, lo cierto es que no ser\u00eda algo novedoso: por ejemplo, desde hace d\u00e9cadas, existe la Carte Jaune (\u2018Tarjeta Amarilla\u2019), una cartilla que recoge el estado de vacunaci\u00f3n contra la fiebre amarilla del pasajero.<\/p>\n\n\n\n<p>Hay otros casos parecidos. Sin ir m\u00e1s lejos, la Comunidad de Madrid plante\u00f3 hace meses una propuesta similar: expedir un documento que acreditase que el viajero hab\u00eda pasado el COVID-19. No obstante, el proyecto se descart\u00f3 casi de inmediato por dos motivos: por la posibilidad de un segundo contagio (como sabes, haber superado el virus \ud83e\udda0 no garantiza la inmunidad) y porque esto podr\u00eda incitar a algunas personas a contagiarse deliberadamente para no sufrir posibles restricciones de movilidad.<\/p>\n\n\n\n<p>Y ya que hablamos de pasaportes, no est\u00e1 de m\u00e1s referirse al Reino Unido. Con su salida efectiva de la Uni\u00f3n Europea en 2021, <strong>a partir de ahora ser\u00e1 obligatorio presentar este documento al aterrizar en el aeropuerto de Londres<\/strong>, o en cualquier otro de Inglaterra, Gales, Escocia o Irlanda del Norte. \ud83d\udc82\ud83c\udffc\u200d Cosas del Brexit.<\/p>\n\n\n\n<figure class=\"wp-block-image\"><img decoding=\"async\" src=\"https:\/\/lh4.googleusercontent.com\/iJRKjIsQl74EbH9_GbbeH3thWLM5Iv6-Qw1-vm-LQLu5jtHrxBlWYCfXObiZY01gR1YOW9lgDh9jZe1sfHrhsSfwQxol-0Ybp-H2N1lUnYIRG22gj-TtOOnHNebtZbYiEQV6UyCX\" alt=\"Brexit\"\/><\/figure>\n\n\n\n<h2 class=\"wp-block-heading\"><span id=\"PCR_y_tests_de_antigenos_a_la_orden_del_dia\"><strong>PCR y <\/strong><strong><em>tests<\/em><\/strong><strong> de ant\u00edgenos: a la orden del d\u00eda<\/strong><\/span><\/h2>\n\n\n\n<p>Independientemente de si el pasaporte sanitario sale adelante o no, las fiestas navide\u00f1as ya nos han dado pistas acerca de la importancia que adquirir\u00e1n las <strong>pruebas diagn\u00f3sticas r\u00e1pidas (PCR y <\/strong><strong><em>tests<\/em><\/strong><strong> de ant\u00edgenos)<\/strong> a la hora de viajar en 2021. Estas ser\u00e1n una constante en aeropuertos \u2708\ufe0f, estaciones de tren y eventos importantes (cuando se puedan retomar), para minimizar riesgos.<\/p>\n\n\n\n<figure class=\"wp-block-image\"><img decoding=\"async\" src=\"https:\/\/lh6.googleusercontent.com\/HX_CYZT4snyPLFxMVW9ocgQ5e5Gd29ua8ciI6xFtx5fhilI29H7TZAY8jJIdNmpiX3Ju79Xl0PgzW65YLczTjkrz6__5PfzsnvXB_rsHRFdiyYYhAK51xnlR6QRgYoHpa-1EXAOI\" alt=\"PCR\"\/><\/figure>\n\n\n\n<p>Por su mayor fiabilidad, una PCR con resultado negativo es lo que est\u00e1n exigiendo muchos pa\u00edses para permitir el acceso de las personas reci\u00e9n llegadas. Adem\u00e1s, es necesario que esta se haya realizado como m\u00e1ximo 72 horas atr\u00e1s. En cualquier caso, el elevado precio de la prueba y la disponibilidad de cl\u00ednicas y laboratorios donde la efect\u00faen \ud83c\udfe5 pueden hacer que muchos viajeros acaben tirando la toalla. Cuando eso ocurra, siempre nos quedar\u00e1\u2026 \u00bfPar\u00eds? No: el <a href=\"https:\/\/www.buscounchollo.com\/blog\/donde-viajar-este-otono-8-destinos-cercanos-y-seguros\/\" title=\"https:\/\/www.buscounchollo.com\/blog\/donde-viajar-este-otono-8-destinos-cercanos-y-seguros\/\"><strong>turismo de proximidad<\/strong><\/a> (volveremos a ello m\u00e1s adelante).<\/p>\n\n\n\n<h2 class=\"wp-block-heading\"><span id=\"Seguiremos_con_las_tres_emes_mascarilla_manos_y_metros_de_distancia\"><strong>Seguiremos con las <\/strong><strong><em>tres emes<\/em><\/strong><strong>: mascarilla, manos y metros de distancia<\/strong><\/span><\/h2>\n\n\n\n<p>Una lecci\u00f3n importante que nos ha brindado el COVID-19 \u2014algo bueno ten\u00eda que tener todo este embrollo, \u00bfno?\u2014es la importancia de la higiene: <strong>lavarse las manos con frecuencia, llevar siempre la mascarilla y mantener la distancia de seguridad (2 metros)<\/strong>, lo que contribuye a frenar la propagaci\u00f3n del virus. Igualmente, es posible que se pongan en marcha medidas de higiene m\u00e1s estrictas, que se convertir\u00e1n en la norma en los espacios p\u00fablicos y modos de transporte: compa\u00f1\u00edas a\u00e9reas, metro, trenes, autobuses, etc.<\/p>\n\n\n\n<figure class=\"wp-block-image size-large\"><img decoding=\"async\" src=\"https:\/\/www.buscounchollo.com\/blog\/wp-content\/uploads\/2021\/01\/AdobeStock_370320317.jpeg\" alt=\"Las 3 emes: Mascarilla, manos y metros de distancia\" class=\"wp-image-8784\"\/><figcaption><em>Las 3 emes: Mascarilla, manos y metros de distancia<\/em><\/figcaption><\/figure>\n\n\n\n<p>La duraci\u00f3n de la vigencia de estos protocolos depender\u00e1 de c\u00f3mo evolucione la pandemia. De todos modos, expertos como el doctor Pedro Cavadas han pronosticado que <strong>el uso de la mascarilla ser\u00e1 obligatorio hasta finales de 2021.<\/strong> \ud83d\ude37 Paciencia, no nos queda otra.<\/p>\n\n\n\n<h2 class=\"wp-block-heading\"><span id=\"Mas_movilidad_y_mas_viajes\"><strong>M\u00e1s movilidad\u2026 y m\u00e1s viajes<\/strong><\/span><\/h2>\n\n\n\n<p>S\u00ed, s\u00ed, has le\u00eddo bien. De acuerdo: es posible pienses que pequemos de optimistas (en el momento de escribir estas l\u00edneas, los datos epidemiol\u00f3gicos son para echar a correr). No obstante, hay tres factores por los que es muy probable que sea as\u00ed:&nbsp;<\/p>\n\n\n\n<figure class=\"wp-block-image\"><img decoding=\"async\" src=\"https:\/\/lh5.googleusercontent.com\/um5e7vxoDYXaY96qmXWhJ9eFFET4IcfIgAajBEcpYmB7bJfzd-wK3yy5ps7jWwynI4QTWvEmxp1dYwbBPG83mdSVLhEHXLbfnFxEgUAu3ImAlpyRIUskqb5Gqd3oZU6rmxnIZc2c\" alt=\"Viajar con mascarilla\"\/><\/figure>\n\n\n\n<p>\u2714 La disponibilidad de la vacuna.<br><br>\u2714 Un incremento en el ahorro de los hogares (\u00a1el mayor en los \u00faltimos 16 a\u00f1os!).<br><br>\u2714 El mono de muchos por lanzarse de nuevo a hacer kil\u00f3metros, despu\u00e9s de meses de confinamiento y de restricciones, que en muchas ocasiones han impedido hacer un viaje <em>comment il faut<\/em>. \ud83d\ude97<\/p>\n\n\n\n<p>Eso s\u00ed: no esperemos cambios de la noche a la ma\u00f1ana. Si bien los viajes de placer aumentar\u00e1n respecto a 2020, se prev\u00e9 que <strong>los viajes de negocios habituales tendr\u00e1n una recuperaci\u00f3n m\u00e1s lenta,<\/strong> ya que las reuniones virtuales se han convertido en la norma.<br><\/p>\n\n\n\n<p><img loading=\"lazy\" decoding=\"async\" src=\"https:\/\/lh3.googleusercontent.com\/JjBuu1-4J31RvFn-rNT1jpESKQcNrQfd5rcRM3zu4bIFBoBcEYHOPIflDy8LVLZ0oCr9srgzcIc343XCsY39cYIzYouvm8mpY4BbKk0jRD4lzuiYJDJhQ-D-oNIhSfNzcwc0QX8m\" width=\"602\" height=\"279\"><br><br>Adem\u00e1s, teniendo en cuenta que las empresas cada vez est\u00e1n m\u00e1s preocupadas en reducir costes, ser\u00eda extra\u00f1o que estas promovieran m\u00e1s desplazamientos, lo que podr\u00eda suponer un riesgo adicional para la salud de sus trabajadores (al menos, durante los primeros meses de 2021, hasta que se doblegue la curva de contagios y el alcance de la vacuna sea mayor).<\/p>\n\n\n\n<h2 class=\"wp-block-heading\"><span id=\"Hoteles_para_disfrutar_y_trabajar\"><strong>Hoteles para disfrutar \u00a1y trabajar!<\/strong><\/span><\/h2>\n\n\n\n<p>Hace unas semanas, hablamos en este blog de las cada vez m\u00e1s populares <a href=\"https:\/\/www.buscounchollo.com\/blog\/turismo-de-proximidad-durante-el-confinamiento-donde-ir\/\" title=\"https:\/\/www.buscounchollo.com\/blog\/turismo-de-proximidad-durante-el-confinamiento-donde-ir\/\"><strong>workations<\/strong><\/a>. Se trata de una tendencia al alza que, favorecida por el teletrabajo, ofrece la posibilidad de hacer viajes que combinan la jornada laboral a distancia con el turismo y el ocio (suena de maravilla, \u00bfa que s\u00ed?).&nbsp;<\/p>\n\n\n\n<figure class=\"wp-block-image size-large\"><img decoding=\"async\" src=\"https:\/\/www.buscounchollo.com\/blog\/wp-content\/uploads\/2021\/01\/AdobeStock_298291307.jpeg\" alt=\"Teletrabajo en el hotel\" class=\"wp-image-8785\"\/><figcaption><em>Teletrabajo en el hotel<\/em><\/figcaption><\/figure>\n\n\n\n<p>Por eso, son muchos los hoteles que est\u00e1n haciendo los deberes, habilitando servicios y espacios con conexi\u00f3n a Internet de alta velocidad en los que poder realizar las tareas diarias desde el m\u00f3vil, la <em>tablet <\/em>o un ordenador port\u00e1til. \ud83d\udcbb Por descontado, <strong>adoptando siempre todas las medidas de seguridad e higiene contra el COVID-19,<\/strong> para que tu tranquilidad y tu salud sean lo primero.<\/p>\n\n\n\n<figure class=\"wp-block-image size-large\"><img decoding=\"async\" src=\"https:\/\/www.buscounchollo.com\/blog\/wp-content\/uploads\/2021\/01\/AdobeStock_364122672.jpeg\" alt=\"Protocolo COVID en el hotel\" class=\"wp-image-8786\"\/><figcaption>W<em>Protocolo COVID en el hotel<\/em><\/figcaption><\/figure>\n\n\n\n<p>En definitiva, esta nueva generaci\u00f3n de alojamiento ha hecho <strong>que el trabajo desde casa sea en realidad el trabajo desde cualquier lugar. <\/strong>Un dato que hay que considerar, sin duda, cuando vayas a viajar en 2021.<\/p>\n\n\n\n<h2 class=\"wp-block-heading\"><span id=\"Viajes_con_garantia_de_devolucion\"><strong>Viajes con garant\u00eda de devoluci\u00f3n<\/strong><\/span><\/h2>\n\n\n\n<p>Como hemos dicho anteriormente, los vaivenes del coronavirus empujan a las autoridades sanitarias a cambiar las limitaciones en la movilidad dentro del estado de alarma. Las perspectivas para los viajes siguen siendo inciertas, y las reglas de entrada y cuarentena, as\u00ed como los confinamientos perimetrales o totales, cambian constantemente.<\/p>\n\n\n\n<figure class=\"wp-block-image\"><img decoding=\"async\" src=\"https:\/\/lh4.googleusercontent.com\/WhzmQtHDjbaay7qtl3PsAGhvOthlC8pxycxKszSL1hJF5EWync9rwM0QiqibhWoTK0MoP1ScMZZdOuti1PRxT13d4WQ1mNApVxHu0qnAw6yJNjGVD9wy382RcVaWd75indP2e7p0\" alt=\"\"\/><\/figure>\n\n\n\n<p>Esta realidad puede significar posponer o renunciar a sus vacaciones a los pocos d\u00edas de iniciarlas. En BuscoUnChollo, somos conscientes de ello: por eso, en la gran mayor\u00eda de nuestros viajes, disfrutar\u00e1s de la opci\u00f3n de <strong>cancelaci\u00f3n gratuita cuando no puedas desplazarte al lugar elegido debido a las restricciones<\/strong>. De este modo, recuperar\u00e1s todo el dinero que hayas pagado por tu viaje. \u2705 \u00a1Inf\u00f3rmate al reservar uno de nuestros <strong><a href=\"https:\/\/www.buscounchollo.com\/\" title=\"https:\/\/www.buscounchollo.com\/\">chollos de vacaciones<\/a><\/strong>!<\/p>\n\n\n\n<h2 class=\"wp-block-heading\"><span id=\"Volvera_el_turismo_urbano_pero_como\"><strong>Volver\u00e1 el turismo urbano, pero \u00bfc\u00f3mo?<\/strong><\/span><\/h2>\n\n\n\n<p>Lo reconocemos: echamos de menos las <a href=\"https:\/\/www.buscounchollo.com\/destinos\/europa\/32\/\"><strong>escapadas por Europa<\/strong><\/a><strong> <\/strong>tanto como t\u00fa. Y aunque es muy probable que a lo largo de este a\u00f1o podamos volver a movernos con mayor libertad por el Viejo Continente, ya te adelantamos que las reglas del juego van a cambiar. Ciudades que hasta 2019 hab\u00edan estado masificadas, como Venecia, Barcelona, Dubrovnik, Santorini o Mikonos, <strong>deber\u00e1n replantearse su estrategia para volver a atraer turistas\u2026 de manera sostenible.&nbsp;<\/strong><\/p>\n\n\n\n<figure class=\"wp-block-image\"><img decoding=\"async\" src=\"https:\/\/lh3.googleusercontent.com\/LGhl4yXVDGzMX1Mt4EZJrACZceo8l2daCGtBL7WkPJvSt-bHeUjUaIHsdIkzbOPT9TthLidBaw2VV_vjsbDh3uCygFMR1jytOq6of8xubVUnJPYHuok0vsTQkpAi2jkfyhkmpM95\" alt=\"Park G\u00fcell, Barcelona\"\/><figcaption><em>Park G\u00fcell, Barcelona<\/em><\/figcaption><\/figure>\n\n\n\n<p>En este sentido, apostar por el turismo gastron\u00f3mico, cultural y de <em>alto standing <\/em>puede ser una apuesta segura para seducir a visitantes que generen un impacto social y econ\u00f3mico positivo en el entorno.<\/p>\n\n\n\n<figure class=\"wp-block-image size-large\"><img decoding=\"async\" src=\"https:\/\/www.buscounchollo.com\/blog\/wp-content\/uploads\/2021\/01\/AdobeStock_199751059.jpeg\" alt=\"Santorini, Grecia\" class=\"wp-image-8787\"\/><figcaption><em>Santorini, Grecia<\/em><\/figcaption><\/figure>\n\n\n\n<p>Seguramente, los primeros en beneficiarse de este golpe de tim\u00f3n ser\u00e1 el <strong>turismo <em>senior <\/em><\/strong>\ud83d\udc75\ud83c\udffb \ud83e\uddd3\ud83c\udffb<strong><em>,<\/em><\/strong> ya que la poblaci\u00f3n de m\u00e1s edad est\u00e1 siendo tambi\u00e9n la primera en recibir la vacuna contra el COVID-19. Por eso, no estar\u00eda de m\u00e1s que las grandes capitales europeas empiecen a dise\u00f1ar propuestas y actividades que puedan resultar adecuadas para los m\u00e1s veteranos: <a href=\"https:\/\/www.buscounchollo.com\/tematicos\/chollos-spa\/10\/\"><strong>balnearios y hoteles con <em>spa<\/em><\/strong><\/a>, visitas guiadas, hoteles accesibles y en r\u00e9gimen de todo incluido\u2026 Algo que, sin embargo, gusta a personas de cualquier edad, \u00bfo no? \ud83d\ude09<\/p>\n\n\n\n<figure class=\"wp-block-image\"><img decoding=\"async\" src=\"https:\/\/lh5.googleusercontent.com\/5muP6F_19L6LicfvSUeq2WG5KE5KrqmxMZhXyGlLOSYMaQOSpfjeeLaxk4lndrMt4gfZHNr2jtg2cWu0Dt4UzXTtHaTQv6Qv0oMKtBz3wnliACJXD29hbQAkUsegzxtPGrWXm1cB\" alt=\"Balneario para la Tercera edad\"\/><figcaption><em>Balneario para la Tercera edad<\/em><\/figcaption><\/figure>\n\n\n\n<p><strong>Turismo rural y de proximidad: nunca falla<\/strong><\/p>\n\n\n\n<p>A medida que las fronteras se cerraron en 2020, muchos pa\u00edses experimentaron un incremento en los viajes nacionales. De ah\u00ed que, como ocurri\u00f3 el verano pasado, muchos volvieran a las vacaciones propias de los a\u00f1os setenta, priorizando los <strong>destinos cercanos, los <\/strong><a href=\"https:\/\/www.buscounchollo.com\/tematicos\/chollos-playa\/1\/\"><strong>hoteles en la playa<\/strong><\/a><strong> y los desplazamientos en veh\u00edculo privado<\/strong>. \ud83c\udfd6&nbsp;<\/p>\n\n\n\n<figure class=\"wp-block-image\"><img decoding=\"async\" src=\"https:\/\/lh6.googleusercontent.com\/mjKCnQik-LvQlQcNzb6vN73XlFAoUTtHpgY4HOtdKukW5MmyqNeM0ATolxQXYVhcN2MPE-yISDqhxPQQerGqSey56JmKIiX4Fxy6QNuBzl-0JlBbTER0GQQUkeU4HLU7qzrmbslW\" alt=\"Alcocebre, Castell\u00f3n\"\/><figcaption><em>Alcocebre, Castell\u00f3n<\/em><\/figcaption><\/figure>\n\n\n\n<p>As\u00ed fue c\u00f3mo el turismo local ayud\u00f3 a salvar los muebles en una temporada en la que la ausencia de visitantes extranjeros fue la protagonista. Otro tanto se puede decir del turismo rural. Por ejemplo, en el caso de las <a href=\"https:\/\/www.buscounchollo.com\/destinos\/cataluna\/18\/\"><strong>escapadas por Catalu\u00f1a<\/strong><\/a>, las casas rurales y hoteles de monta\u00f1a o en plena naturaleza registraron una ocupaci\u00f3n de en torno al 80% el pasado mes de julio y de un 90% en agosto.<\/p>\n\n\n\n<figure class=\"wp-block-image\"><img decoding=\"async\" src=\"https:\/\/lh5.googleusercontent.com\/CMUin_C6kkEFmTOck433BmLHUcuzb7P1ifLOBw0AKs1Fwht80eZ0iqnZiSp7XxRBwmsZge8h0NI0Jpi5chFhmZFoYfC_wH_dbQJWldd_QiCKfAQEz-0D1oaBALrJm6upSRKb6tDG\" alt=\"Rupit, Osona, Catalu\u00f1a\"\/><figcaption><em>Rupit, Osona, Catalu\u00f1a<\/em><\/figcaption><\/figure>\n\n\n\n<p>Pues bien: seguramente, mientras duren las medidas para revertir la tercera ola del coronavirus, es probable que esta siga siendo la t\u00f3nica. \u00bfPor qu\u00e9 no <strong>aprovechar 2021 para seguir descubriendo esos rincones m\u00e1gicos que tenemos cerca de casa<\/strong>, y a los que no acostumbramos a prestar la atenci\u00f3n que se merecen?<\/p>\n\n\n\n<figure class=\"wp-block-image\"><img decoding=\"async\" src=\"https:\/\/lh5.googleusercontent.com\/l5bQKCVVlyR-8cxApl-JVFjz5ZcGfiKcRJvxJctXIMc8osGxF1M3Fdn2lkgqIVtd2irisaEY5dckRYeX8RAKsWyWc3Qf_9-MIxQ4GK9qB3kistb0jf6WfN-CmDEk8uzS4pigYAQ0\" alt=\"Potes, Cantabria\"\/><figcaption><em>Potes, Cantabria<\/em><\/figcaption><\/figure>\n\n\n\n<p><\/p>\n\n\n\n<h2 class=\"wp-block-heading\"><span id=\"Disfrutar_del_slow_travel\"><strong>Disfrutar del <\/strong><strong><em>slow travel<\/em><\/strong><\/span><\/h2>\n\n\n\n<p>Aunque esta palabra lleva escuch\u00e1ndose desde hace algunos a\u00f1os, todo apunta a que el<em> slow travel<\/em> ser\u00e1 una de las formas de viajar en 2021 m\u00e1s socorridas. La idea es simple: <strong>reservar menos per\u00edodos vacacionales, pero m\u00e1s largos.<\/strong> Esta decisi\u00f3n comporta muchas ventajas: por ejemplo, un menor volumen de emisiones de CO<sub>2<\/sub>, al reducir el n\u00famero de desplazamientos, o la posibilidad de conocer a fondo el destino elegido y su cultura, sin prisas. Por lo tanto, pasaremos menos tiempo en los aeropuertos y dispondremos de m\u00e1s tiempo para relajarnos.<\/p>\n\n\n\n<figure class=\"wp-block-image\"><img decoding=\"async\" src=\"https:\/\/lh6.googleusercontent.com\/6yAUy7EGUITA6FxX2JQ4cNNxdAYRcoM86lKaN8T8fyGcZx2yyVDxStRnbTAhDliy3D03CpLKFlfNeQpch57k5ny7EKDws_LyfYSxVCK6QJDveol3HYKVaJ35m-W9BEx529zPieH6\" alt=\"Maspalomas, Gran Canaria\"\/><figcaption><em>Maspalomas, Gran Canaria<\/em><\/figcaption><\/figure>\n\n\n\n<p>\u00bfY qu\u00e9 mejor que con una estancia en islas? Si eliges uno de nuestros <a href=\"https:\/\/www.buscounchollo.com\/destinos\/canarias\/25\/\"><strong>chollos en Canarias<\/strong><\/a> o en Baleares (ya sea reservando tu hotel en Mallorca, Menorca o Ibiza), tendr\u00e1s en tus manos destinos con un ritmo de vida mucho m\u00e1s pausado, un clima excelente e infinidad de playas y calas en las que aparcar las preocupaciones. \ud83c\udfdd \u00a1Ideal para ni\u00f1os y adultos!<\/p>\n\n\n\n<figure class=\"wp-block-image size-large\"><img decoding=\"async\" src=\"https:\/\/www.buscounchollo.com\/blog\/wp-content\/uploads\/2021\/01\/AdobeStock_373765633.jpeg\" alt=\"Poris de Candelaria, La Palma, Islas Canarias\" class=\"wp-image-8788\"\/><figcaption><em>Poris de Candelaria, La Palma, Islas Canarias<\/em><\/figcaption><\/figure>\n\n\n\n<h2 class=\"wp-block-heading\"><span id=\"El_regreso_de_los_cruceros\"><strong>El regreso de los cruceros<\/strong><\/span><\/h2>\n\n\n\n<p>Los expertos se\u00f1alan que, conforme vayan mejorando los datos epidemiol\u00f3gicos, tambi\u00e9n aumentar\u00e1n las<strong> <a href=\"https:\/\/www.buscounchollo.com\/tematicos\/chollos-crucero\/47\/\">ofertas de cruceros<\/a><\/strong>, ya sean por el Mediterr\u00e1neo, los fiordos noruegos o el Caribe. \ud83d\udea4 Asimismo, se consolidar\u00e1 una tendencia que ya empez\u00f3 a observarse en 2020: un aumento de los alquileres de <strong>barcos de recreo privados.<\/strong>&nbsp;<\/p>\n\n\n\n<p><img loading=\"lazy\" decoding=\"async\" src=\"https:\/\/lh4.googleusercontent.com\/u13Z-yb5mKWUOi-1P6eBvBzzMXUF7pQ7HSrrjSIRwQzpmgCT-rfNgVHHNRJV_3MmDn5ROu6c-2kOCmLsbqhUica9Pq6va7sR74ZG8PXqO___Mq11SoFbxHHYw1nbxIA8bkx9C03v\" width=\"602\" height=\"604\"><br>Una opci\u00f3n que t\u00fa y los tuyos tambi\u00e9n podr\u00e9is probar con nuestros <a href=\"https:\/\/www.buscounchollo.com\/destinos\/cerdena\/81\/\"><strong>chollos en Cerde\u00f1a<\/strong><\/a>. Cierra los ojos e imag\u00ednate surcando las aguas de la Costa Esmeralda con los tuyos (cuando acabe la obligatoriedad del distanciamiento social, claro est\u00e1). Ahora, \u00e1brelos: \u00bfa qu\u00e9 esperas para vivir esta experiencia \u00fanica?<\/p>\n\n\n\n<figure class=\"wp-block-image size-large\"><img decoding=\"async\" src=\"https:\/\/www.buscounchollo.com\/blog\/wp-content\/uploads\/2021\/01\/AdobeStock_287808867.jpeg\" alt=\"Cabo Caccia, Cerde\u00f1a\" class=\"wp-image-8789\"\/><figcaption><em>Cabo Caccia, Cerde\u00f1a<\/em><\/figcaption><\/figure>\n\n\n\n<h2 class=\"wp-block-heading\"><span id=\"Un_Ano_Santo_Xacobeo_que_seran_dos\"><strong>Un A\u00f1o Santo Xacobeo que ser\u00e1n dos<\/strong><\/span><\/h2>\n\n\n\n<p>\u00bfTe apetecer\u00eda<strong> <\/strong><a href=\"https:\/\/www.buscounchollo.com\/blog\/como-preparar-el-camino-de-santiago\/\"><strong>hacer el Camino de Santiago<\/strong><\/a> en los pr\u00f3ximos meses? Te felicitamos por tu elecci\u00f3n, ya que este 2021 es el A\u00f1o Santo Xacobeo o Jacobeo, dado que el 25 de julio, d\u00eda de Santiago ap\u00f3stol, cae en domingo. Por eso, la catedral de Santiago de Compostela ya ha abierto la Puerta Santa para recibir a los peregrinos que visiten la tumba del santo este a\u00f1o\u2026 o el que viene, ya que el papa Francisco ha decidido <strong>prorrogar este evento durante todo el 2022<\/strong> debido a la incidencia del COVID-19. \u00bfC\u00f3mo lo ves?<\/p>\n\n\n\n<figure class=\"wp-block-image size-large\"><img decoding=\"async\" src=\"https:\/\/www.buscounchollo.com\/blog\/wp-content\/uploads\/2021\/01\/AdobeStock_54370889-1.jpeg\" alt=\"camino de Santiago\" class=\"wp-image-8793\"\/><figcaption>Camino de Santiago<\/figcaption><\/figure>\n\n\n\n<p>Si te tienta esta idea y vas a por todas, te invitamos a echar un vistazo a nuestros <a href=\"https:\/\/www.buscounchollo.com\/destinos\/cantabria-asturias-galicia\/21\/\"><strong>chollos en Cantabria, Asturias y Galicia<\/strong><\/a>, algunos de los cuales combinan una estancia en una casa rural u hotel con encanto con etapas de la m\u00edtica ruta de peregrinaci\u00f3n. \u00bfTe atreves a calzarte las botas, echarte la mochila a la espalda y hacerte con tu Compostela? \u00a1Pues ahora es el momento! \ud83c\udf92\ud83e\udd7e<\/p>\n\n\n\n<p><strong>Hasta aqu\u00ed las tendencias m\u00e1s importantes para viajar en 2021. De todos modos, nos encantar\u00e1 conocer cu\u00e1les son tus planes y qu\u00e9 destinos has incluido en tu <em>to-do-list<\/em> para este a\u00f1o. As\u00ed que\u2026 \u00a1no te cortes y comp\u00e1rtelos con nosotros!<\/strong><\/p>\n\n\n\n<figure class=\"wp-block-image size-large\"><img decoding=\"async\" src=\"https:\/\/www.buscounchollo.com\/blog\/wp-content\/uploads\/2021\/01\/AdobeStock_393105853-1.jpeg\" alt=\"\" class=\"wp-image-8792\"\/><\/figure>\n\n\n\n<p><strong><br><br><\/strong><\/p>\n","protected":false},"excerpt":{"rendered":"<p>Contenido1 Pasaporte y\u2026 \u00bfpasaporte COVID-19?2 PCR y tests de ant\u00edgenos: a la orden del d\u00eda3 Seguiremos con las tres emes: mascarilla, manos y metros de distancia4 M\u00e1s movilidad\u2026 y m\u00e1s viajes5 Hoteles para disfrutar \u00a1y trabajar!6 Viajes con garant\u00eda de devoluci\u00f3n7 Volver\u00e1 el turismo urbano, pero \u00bfc\u00f3mo?8 Disfrutar del slow travel9 El regreso de los&#8230;<\/p>\n","protected":false},"author":5,"featured_media":12678,"comment_status":"open","ping_status":"open","sticky":false,"template":"","format":"standard","meta":{"footnotes":""},"categories":[21],"tags":[916,933,934,935,936],"class_list":["post-12506","post","type-post","status-publish","format-standard","has-post-thumbnail","hentry","category-curiosidades","tag-destinos-seguros","tag-escapadas-2021","tag-medidas-covid-viajes","tag-vacaciones-postcovid","tag-viajar-2021"],"yoast_head":"<!-- This site is optimized with the Yoast SEO plugin v23.1 - https:\/\/yoast.com\/wordpress\/plugins\/seo\/ -->\n<title>Viajar en 2021: as\u00ed ser\u00e1n nuestras vacaciones postcovid - BuscoUnChollo Blog<\/title>\n<meta name=\"robots\" content=\"index, follow, max-snippet:-1, max-image-preview:large, max-video-preview:-1\" \/>\n<link rel=\"canonical\" href=\"https:\/\/www.buscounchollo.com\/blog\/viajar-en-2021-asi-seran-nuestras-vacaciones-postcovid\/\" \/>\n<meta property=\"og:locale\" content=\"en_US\" \/>\n<meta property=\"og:type\" content=\"article\" \/>\n<meta property=\"og:title\" content=\"Viajar en 2021: as\u00ed ser\u00e1n nuestras vacaciones postcovid - BuscoUnChollo Blog\" \/>\n<meta property=\"og:description\" content=\"Contenido1 Pasaporte y\u2026 \u00bfpasaporte COVID-19?2 PCR y tests de ant\u00edgenos: a la orden del d\u00eda3 Seguiremos con las tres emes: mascarilla, manos y metros de distancia4 M\u00e1s movilidad\u2026 y m\u00e1s viajes5 Hoteles para disfrutar \u00a1y trabajar!6 Viajes con garant\u00eda de devoluci\u00f3n7 Volver\u00e1 el turismo urbano, pero \u00bfc\u00f3mo?8 Disfrutar del slow travel9 El regreso de los...\" \/>\n<meta property=\"og:url\" content=\"https:\/\/www.buscounchollo.com\/blog\/viajar-en-2021-asi-seran-nuestras-vacaciones-postcovid\/\" \/>\n<meta property=\"og:site_name\" content=\"BuscoUnChollo Blog\" \/>\n<meta property=\"article:published_time\" content=\"2021-01-19T10:49:59+00:00\" \/>\n<meta property=\"article:modified_time\" content=\"2021-06-28T12:24:27+00:00\" \/>\n<meta property=\"og:image\" content=\"https:\/\/www.buscounchollo.com\/blog\/app\/uploads\/2021\/01\/AdobeStock_374882906.jpeg\" \/>\n\t<meta property=\"og:image:width\" content=\"1500\" \/>\n\t<meta property=\"og:image:height\" content=\"1017\" \/>\n\t<meta property=\"og:image:type\" content=\"image\/jpeg\" \/>\n<meta name=\"author\" content=\"BuscoUnChollo.com\" \/>\n<meta name=\"twitter:card\" content=\"summary_large_image\" \/>\n<meta name=\"twitter:label1\" content=\"Written by\" \/>\n\t<meta name=\"twitter:data1\" content=\"BuscoUnChollo.com\" \/>\n\t<meta name=\"twitter:label2\" content=\"Est. reading time\" \/>\n\t<meta name=\"twitter:data2\" content=\"11 minutes\" \/>\n<script type=\"application\/ld+json\" class=\"yoast-schema-graph\">{\"@context\":\"https:\/\/schema.org\",\"@graph\":[{\"@type\":\"Article\",\"@id\":\"https:\/\/www.buscounchollo.com\/blog\/viajar-en-2021-asi-seran-nuestras-vacaciones-postcovid\/#article\",\"isPartOf\":{\"@id\":\"https:\/\/www.buscounchollo.com\/blog\/viajar-en-2021-asi-seran-nuestras-vacaciones-postcovid\/\"},\"author\":{\"name\":\"BuscoUnChollo.com\",\"@id\":\"https:\/\/www.buscounchollo.com\/blog\/#\/schema\/person\/f1d358d56b7a947fde4b03bdde7d493d\"},\"headline\":\"Viajar en 2021: as\u00ed ser\u00e1n nuestras vacaciones postcovid\",\"datePublished\":\"2021-01-19T10:49:59+00:00\",\"dateModified\":\"2021-06-28T12:24:27+00:00\",\"mainEntityOfPage\":{\"@id\":\"https:\/\/www.buscounchollo.com\/blog\/viajar-en-2021-asi-seran-nuestras-vacaciones-postcovid\/\"},\"wordCount\":2282,\"commentCount\":0,\"publisher\":{\"@id\":\"https:\/\/www.buscounchollo.com\/blog\/#organization\"},\"image\":{\"@id\":\"https:\/\/www.buscounchollo.com\/blog\/viajar-en-2021-asi-seran-nuestras-vacaciones-postcovid\/#primaryimage\"},\"thumbnailUrl\":\"https:\/\/www.buscounchollo.com\/blog\/app\/uploads\/2021\/01\/AdobeStock_374882906.jpeg\",\"keywords\":[\"destinos seguros\",\"escapadas 2021\",\"medidas covid viajes\",\"Vacaciones postcovid\",\"viajar 2021\"],\"articleSection\":[\"Curiosidades\"],\"inLanguage\":\"en-US\",\"potentialAction\":[{\"@type\":\"CommentAction\",\"name\":\"Comment\",\"target\":[\"https:\/\/www.buscounchollo.com\/blog\/viajar-en-2021-asi-seran-nuestras-vacaciones-postcovid\/#respond\"]}]},{\"@type\":\"WebPage\",\"@id\":\"https:\/\/www.buscounchollo.com\/blog\/viajar-en-2021-asi-seran-nuestras-vacaciones-postcovid\/\",\"url\":\"https:\/\/www.buscounchollo.com\/blog\/viajar-en-2021-asi-seran-nuestras-vacaciones-postcovid\/\",\"name\":\"Viajar en 2021: as\u00ed ser\u00e1n nuestras vacaciones postcovid - BuscoUnChollo Blog\",\"isPartOf\":{\"@id\":\"https:\/\/www.buscounchollo.com\/blog\/#website\"},\"primaryImageOfPage\":{\"@id\":\"https:\/\/www.buscounchollo.com\/blog\/viajar-en-2021-asi-seran-nuestras-vacaciones-postcovid\/#primaryimage\"},\"image\":{\"@id\":\"https:\/\/www.buscounchollo.com\/blog\/viajar-en-2021-asi-seran-nuestras-vacaciones-postcovid\/#primaryimage\"},\"thumbnailUrl\":\"https:\/\/www.buscounchollo.com\/blog\/app\/uploads\/2021\/01\/AdobeStock_374882906.jpeg\",\"datePublished\":\"2021-01-19T10:49:59+00:00\",\"dateModified\":\"2021-06-28T12:24:27+00:00\",\"breadcrumb\":{\"@id\":\"https:\/\/www.buscounchollo.com\/blog\/viajar-en-2021-asi-seran-nuestras-vacaciones-postcovid\/#breadcrumb\"},\"inLanguage\":\"en-US\",\"potentialAction\":[{\"@type\":\"ReadAction\",\"target\":[\"https:\/\/www.buscounchollo.com\/blog\/viajar-en-2021-asi-seran-nuestras-vacaciones-postcovid\/\"]}]},{\"@type\":\"ImageObject\",\"inLanguage\":\"en-US\",\"@id\":\"https:\/\/www.buscounchollo.com\/blog\/viajar-en-2021-asi-seran-nuestras-vacaciones-postcovid\/#primaryimage\",\"url\":\"https:\/\/www.buscounchollo.com\/blog\/app\/uploads\/2021\/01\/AdobeStock_374882906.jpeg\",\"contentUrl\":\"https:\/\/www.buscounchollo.com\/blog\/app\/uploads\/2021\/01\/AdobeStock_374882906.jpeg\",\"width\":1500,\"height\":1017},{\"@type\":\"BreadcrumbList\",\"@id\":\"https:\/\/www.buscounchollo.com\/blog\/viajar-en-2021-asi-seran-nuestras-vacaciones-postcovid\/#breadcrumb\",\"itemListElement\":[{\"@type\":\"ListItem\",\"position\":1,\"name\":\"Home\",\"item\":\"https:\/\/www.buscounchollo.com\/blog\/\"},{\"@type\":\"ListItem\",\"position\":2,\"name\":\"Viajar en 2021: as\u00ed ser\u00e1n nuestras vacaciones postcovid\"}]},{\"@type\":\"WebSite\",\"@id\":\"https:\/\/www.buscounchollo.com\/blog\/#website\",\"url\":\"https:\/\/www.buscounchollo.com\/blog\/\",\"name\":\"BuscoUnChollo Blog\",\"description\":\"Consejos Para Viajar Y Curiosidades\",\"publisher\":{\"@id\":\"https:\/\/www.buscounchollo.com\/blog\/#organization\"},\"potentialAction\":[{\"@type\":\"SearchAction\",\"target\":{\"@type\":\"EntryPoint\",\"urlTemplate\":\"https:\/\/www.buscounchollo.com\/blog\/?s={search_term_string}\"},\"query-input\":\"required name=search_term_string\"}],\"inLanguage\":\"en-US\"},{\"@type\":\"Organization\",\"@id\":\"https:\/\/www.buscounchollo.com\/blog\/#organization\",\"name\":\"BuscoUnChollo Blog\",\"url\":\"https:\/\/www.buscounchollo.com\/blog\/\",\"logo\":{\"@type\":\"ImageObject\",\"inLanguage\":\"en-US\",\"@id\":\"https:\/\/www.buscounchollo.com\/blog\/#\/schema\/logo\/image\/\",\"url\":\"https:\/\/www.buscounchollo.com\/blog\/app\/uploads\/2021\/05\/logo_lg-1.png\",\"contentUrl\":\"https:\/\/www.buscounchollo.com\/blog\/app\/uploads\/2021\/05\/logo_lg-1.png\",\"width\":600,\"height\":185,\"caption\":\"BuscoUnChollo Blog\"},\"image\":{\"@id\":\"https:\/\/www.buscounchollo.com\/blog\/#\/schema\/logo\/image\/\"}},{\"@type\":\"Person\",\"@id\":\"https:\/\/www.buscounchollo.com\/blog\/#\/schema\/person\/f1d358d56b7a947fde4b03bdde7d493d\",\"name\":\"BuscoUnChollo.com\",\"image\":{\"@type\":\"ImageObject\",\"inLanguage\":\"en-US\",\"@id\":\"https:\/\/www.buscounchollo.com\/blog\/#\/schema\/person\/image\/\",\"url\":\"https:\/\/secure.gravatar.com\/avatar\/?s=96&d=mm&r=g\",\"contentUrl\":\"https:\/\/secure.gravatar.com\/avatar\/?s=96&d=mm&r=g\",\"caption\":\"BuscoUnChollo.com\"},\"url\":\"https:\/\/www.buscounchollo.com\/blog\/author\/buscounchollo-com\/\"}]}<\/script>\n<!-- \/ Yoast SEO plugin. -->","yoast_head_json":{"title":"Viajar en 2021: as\u00ed ser\u00e1n nuestras vacaciones postcovid - BuscoUnChollo Blog","robots":{"index":"index","follow":"follow","max-snippet":"max-snippet:-1","max-image-preview":"max-image-preview:large","max-video-preview":"max-video-preview:-1"},"canonical":"https:\/\/www.buscounchollo.com\/blog\/viajar-en-2021-asi-seran-nuestras-vacaciones-postcovid\/","og_locale":"en_US","og_type":"article","og_title":"Viajar en 2021: as\u00ed ser\u00e1n nuestras vacaciones postcovid - BuscoUnChollo Blog","og_description":"Contenido1 Pasaporte y\u2026 \u00bfpasaporte COVID-19?2 PCR y tests de ant\u00edgenos: a la orden del d\u00eda3 Seguiremos con las tres emes: mascarilla, manos y metros de distancia4 M\u00e1s movilidad\u2026 y m\u00e1s viajes5 Hoteles para disfrutar \u00a1y trabajar!6 Viajes con garant\u00eda de devoluci\u00f3n7 Volver\u00e1 el turismo urbano, pero \u00bfc\u00f3mo?8 Disfrutar del slow travel9 El regreso de los...","og_url":"https:\/\/www.buscounchollo.com\/blog\/viajar-en-2021-asi-seran-nuestras-vacaciones-postcovid\/","og_site_name":"BuscoUnChollo Blog","article_published_time":"2021-01-19T10:49:59+00:00","article_modified_time":"2021-06-28T12:24:27+00:00","og_image":[{"width":1500,"height":1017,"url":"https:\/\/www.buscounchollo.com\/blog\/app\/uploads\/2021\/01\/AdobeStock_374882906.jpeg","type":"image\/jpeg"}],"author":"BuscoUnChollo.com","twitter_card":"summary_large_image","twitter_misc":{"Written by":"BuscoUnChollo.com","Est. reading time":"11 minutes"},"schema":{"@context":"https:\/\/schema.org","@graph":[{"@type":"Article","@id":"https:\/\/www.buscounchollo.com\/blog\/viajar-en-2021-asi-seran-nuestras-vacaciones-postcovid\/#article","isPartOf":{"@id":"https:\/\/www.buscounchollo.com\/blog\/viajar-en-2021-asi-seran-nuestras-vacaciones-postcovid\/"},"author":{"name":"BuscoUnChollo.com","@id":"https:\/\/www.buscounchollo.com\/blog\/#\/schema\/person\/f1d358d56b7a947fde4b03bdde7d493d"},"headline":"Viajar en 2021: as\u00ed ser\u00e1n nuestras vacaciones postcovid","datePublished":"2021-01-19T10:49:59+00:00","dateModified":"2021-06-28T12:24:27+00:00","mainEntityOfPage":{"@id":"https:\/\/www.buscounchollo.com\/blog\/viajar-en-2021-asi-seran-nuestras-vacaciones-postcovid\/"},"wordCount":2282,"commentCount":0,"publisher":{"@id":"https:\/\/www.buscounchollo.com\/blog\/#organization"},"image":{"@id":"https:\/\/www.buscounchollo.com\/blog\/viajar-en-2021-asi-seran-nuestras-vacaciones-postcovid\/#primaryimage"},"thumbnailUrl":"https:\/\/www.buscounchollo.com\/blog\/app\/uploads\/2021\/01\/AdobeStock_374882906.jpeg","keywords":["destinos seguros","escapadas 2021","medidas covid viajes","Vacaciones postcovid","viajar 2021"],"articleSection":["Curiosidades"],"inLanguage":"en-US","potentialAction":[{"@type":"CommentAction","name":"Comment","target":["https:\/\/www.buscounchollo.com\/blog\/viajar-en-2021-asi-seran-nuestras-vacaciones-postcovid\/#respond"]}]},{"@type":"WebPage","@id":"https:\/\/www.buscounchollo.com\/blog\/viajar-en-2021-asi-seran-nuestras-vacaciones-postcovid\/","url":"https:\/\/www.buscounchollo.com\/blog\/viajar-en-2021-asi-seran-nuestras-vacaciones-postcovid\/","name":"Viajar en 2021: as\u00ed ser\u00e1n nuestras vacaciones postcovid - BuscoUnChollo Blog","isPartOf":{"@id":"https:\/\/www.buscounchollo.com\/blog\/#website"},"primaryImageOfPage":{"@id":"https:\/\/www.buscounchollo.com\/blog\/viajar-en-2021-asi-seran-nuestras-vacaciones-postcovid\/#primaryimage"},"image":{"@id":"https:\/\/www.buscounchollo.com\/blog\/viajar-en-2021-asi-seran-nuestras-vacaciones-postcovid\/#primaryimage"},"thumbnailUrl":"https:\/\/www.buscounchollo.com\/blog\/app\/uploads\/2021\/01\/AdobeStock_374882906.jpeg","datePublished":"2021-01-19T10:49:59+00:00","dateModified":"2021-06-28T12:24:27+00:00","breadcrumb":{"@id":"https:\/\/www.buscounchollo.com\/blog\/viajar-en-2021-asi-seran-nuestras-vacaciones-postcovid\/#breadcrumb"},"inLanguage":"en-US","potentialAction":[{"@type":"ReadAction","target":["https:\/\/www.buscounchollo.com\/blog\/viajar-en-2021-asi-seran-nuestras-vacaciones-postcovid\/"]}]},{"@type":"ImageObject","inLanguage":"en-US","@id":"https:\/\/www.buscounchollo.com\/blog\/viajar-en-2021-asi-seran-nuestras-vacaciones-postcovid\/#primaryimage","url":"https:\/\/www.buscounchollo.com\/blog\/app\/uploads\/2021\/01\/AdobeStock_374882906.jpeg","contentUrl":"https:\/\/www.buscounchollo.com\/blog\/app\/uploads\/2021\/01\/AdobeStock_374882906.jpeg","width":1500,"height":1017},{"@type":"BreadcrumbList","@id":"https:\/\/www.buscounchollo.com\/blog\/viajar-en-2021-asi-seran-nuestras-vacaciones-postcovid\/#breadcrumb","itemListElement":[{"@type":"ListItem","position":1,"name":"Home","item":"https:\/\/www.buscounchollo.com\/blog\/"},{"@type":"ListItem","position":2,"name":"Viajar en 2021: as\u00ed ser\u00e1n nuestras vacaciones postcovid"}]},{"@type":"WebSite","@id":"https:\/\/www.buscounchollo.com\/blog\/#website","url":"https:\/\/www.buscounchollo.com\/blog\/","name":"BuscoUnChollo Blog","description":"Consejos Para Viajar Y Curiosidades","publisher":{"@id":"https:\/\/www.buscounchollo.com\/blog\/#organization"},"potentialAction":[{"@type":"SearchAction","target":{"@type":"EntryPoint","urlTemplate":"https:\/\/www.buscounchollo.com\/blog\/?s={search_term_string}"},"query-input":"required name=search_term_string"}],"inLanguage":"en-US"},{"@type":"Organization","@id":"https:\/\/www.buscounchollo.com\/blog\/#organization","name":"BuscoUnChollo Blog","url":"https:\/\/www.buscounchollo.com\/blog\/","logo":{"@type":"ImageObject","inLanguage":"en-US","@id":"https:\/\/www.buscounchollo.com\/blog\/#\/schema\/logo\/image\/","url":"https:\/\/www.buscounchollo.com\/blog\/app\/uploads\/2021\/05\/logo_lg-1.png","contentUrl":"https:\/\/www.buscounchollo.com\/blog\/app\/uploads\/2021\/05\/logo_lg-1.png","width":600,"height":185,"caption":"BuscoUnChollo Blog"},"image":{"@id":"https:\/\/www.buscounchollo.com\/blog\/#\/schema\/logo\/image\/"}},{"@type":"Person","@id":"https:\/\/www.buscounchollo.com\/blog\/#\/schema\/person\/f1d358d56b7a947fde4b03bdde7d493d","name":"BuscoUnChollo.com","image":{"@type":"ImageObject","inLanguage":"en-US","@id":"https:\/\/www.buscounchollo.com\/blog\/#\/schema\/person\/image\/","url":"https:\/\/secure.gravatar.com\/avatar\/?s=96&d=mm&r=g","contentUrl":"https:\/\/secure.gravatar.com\/avatar\/?s=96&d=mm&r=g","caption":"BuscoUnChollo.com"},"url":"https:\/\/www.buscounchollo.com\/blog\/author\/buscounchollo-com\/"}]}},"_links":{"self":[{"href":"https:\/\/www.buscounchollo.com\/blog\/wp-json\/wp\/v2\/posts\/12506"}],"collection":[{"href":"https:\/\/www.buscounchollo.com\/blog\/wp-json\/wp\/v2\/posts"}],"about":[{"href":"https:\/\/www.buscounchollo.com\/blog\/wp-json\/wp\/v2\/types\/post"}],"author":[{"embeddable":true,"href":"https:\/\/www.buscounchollo.com\/blog\/wp-json\/wp\/v2\/users\/5"}],"replies":[{"embeddable":true,"href":"https:\/\/www.buscounchollo.com\/blog\/wp-json\/wp\/v2\/comments?post=12506"}],"version-history":[{"count":1,"href":"https:\/\/www.buscounchollo.com\/blog\/wp-json\/wp\/v2\/posts\/12506\/revisions"}],"predecessor-version":[{"id":12679,"href":"https:\/\/www.buscounchollo.com\/blog\/wp-json\/wp\/v2\/posts\/12506\/revisions\/12679"}],"wp:featuredmedia":[{"embeddable":true,"href":"https:\/\/www.buscounchollo.com\/blog\/wp-json\/wp\/v2\/media\/12678"}],"wp:attachment":[{"href":"https:\/\/www.buscounchollo.com\/blog\/wp-json\/wp\/v2\/media?parent=12506"}],"wp:term":[{"taxonomy":"category","embeddable":true,"href":"https:\/\/www.buscounchollo.com\/blog\/wp-json\/wp\/v2\/categories?post=12506"},{"taxonomy":"post_tag","embeddable":true,"href":"https:\/\/www.buscounchollo.com\/blog\/wp-json\/wp\/v2\/tags?post=12506"}],"curies":[{"name":"wp","href":"https:\/\/api.w.org\/{rel}","templated":true}]}}