{"id":17479,"date":"2026-01-15T18:57:16","date_gmt":"2026-01-15T17:57:16","guid":{"rendered":"https:\/\/www.buscounchollo.com\/blog\/?p=17479"},"modified":"2026-01-15T19:01:33","modified_gmt":"2026-01-15T18:01:33","slug":"fiestas-fechas-eventos-espana-2026","status":"publish","type":"post","link":"https:\/\/www.buscounchollo.com\/blog\/fiestas-fechas-eventos-espana-2026\/","title":{"rendered":"Las fiestas m\u00e1s famosas de Espa\u00f1a que no te puedes perder: Calendario 2026"},"content":{"rendered":"<div id=\"toc_container\" class=\"no_bullets\"><p class=\"toc_title\">Contenido<\/p><ul class=\"toc_list\"><li><a href=\"#Febrero_el_mes_con_mas_marcha_de_todo_el_ano_con_2_Carnavales_imperdibles\"><span class=\"toc_number toc_depth_1\">1<\/span> Febrero: el mes con m\u00e1s marcha de todo el a\u00f1o con 2 Carnavales imperdibles<\/a><ul><li><a href=\"#El_arte_resalta_una_vez_mas_en_el_sur_con_el_Carnaval_de_Cadiz\"><span class=\"toc_number toc_depth_2\">1.1<\/span> El arte resalta una vez m\u00e1s en el sur con el Carnaval de C\u00e1diz<\/a><\/li><li><a href=\"#Descubre_la_capital_europea_del_Carnaval_en_Tenerife\"><span class=\"toc_number toc_depth_2\">1.2<\/span> Descubre la capital europea del Carnaval en Tenerife<\/a><\/li><\/ul><\/li><li><a href=\"#Marzo_un_mes_destacado_por_el_arte_y_la_satira_de_Las_Fallas\"><span class=\"toc_number toc_depth_1\">2<\/span> Marzo, un mes destacado por el arte y la s\u00e1tira de Las Fallas<\/a><\/li><li><a href=\"#El_mes_de_abril_se_llena_de_colores_y_no_solo_por_la_llegada_de_la_primavera_la_Feria_de_Sevilla_deslumbra\"><span class=\"toc_number toc_depth_1\">3<\/span> El mes de abril se llena de colores y no solo por la llegada de la primavera, la Feria de Sevilla deslumbra<\/a><\/li><li><a href=\"#A_Coruna_se_convierta_en_una_hoguera_gigante_en_la_vispera_de_San_Juan\"><span class=\"toc_number toc_depth_1\">4<\/span> A Coru\u00f1a se convierta en una hoguera gigante en la v\u00edspera de San Juan<\/a><\/li><li><a href=\"#Julio_se_tine_de_blanco_y_rojo_en_su_tradicion_mas_conocida_San_Fermin\"><span class=\"toc_number toc_depth_1\">5<\/span> Julio se ti\u00f1e de blanco y rojo en su tradici\u00f3n m\u00e1s conocida: San Ferm\u00edn<\/a><\/li><li><a href=\"#La_Tomatina_el_remedio_para_desafiar_el_calor_de_agosto_en_las_fiestas_de_Bunol\"><span class=\"toc_number toc_depth_1\">6<\/span> La Tomatina, el remedio para desafiar el calor de agosto en las fiestas de Bu\u00f1ol<\/a><\/li><li><a href=\"#Las_Fiestas_del_Pilar_dan_la_bienvenida_al_otono_con_tradicion_gastronomia_y_modernidad\"><span class=\"toc_number toc_depth_1\">7<\/span> Las Fiestas del Pilar dan la bienvenida al oto\u00f1o con tradici\u00f3n, gastronom\u00eda y modernidad<\/a><\/li><\/ul><\/div>\n\t\t<div data-elementor-type=\"wp-post\" data-elementor-id=\"17479\" class=\"elementor elementor-17479\" data-elementor-settings=\"[]\">\n\t\t\t\t\t\t<div class=\"elementor-inner\">\n\t\t\t\t\t\t\t<div class=\"elementor-section-wrap\">\n\t\t\t\t\t\t\t<section class=\"elementor-section elementor-top-section elementor-element elementor-element-a10dc72 elementor-section-boxed elementor-section-height-default elementor-section-height-default\" data-id=\"a10dc72\" data-element_type=\"section\">\n\t\t\t\t\t\t<div class=\"elementor-container elementor-column-gap-default\">\n\t\t\t\t\t\t\t<div class=\"elementor-row\">\n\t\t\t\t\t<div class=\"elementor-column elementor-col-100 elementor-top-column elementor-element elementor-element-37b2ab9f\" data-id=\"37b2ab9f\" data-element_type=\"column\">\n\t\t\t<div class=\"elementor-column-wrap elementor-element-populated\">\n\t\t\t\t\t\t\t<div class=\"elementor-widget-wrap\">\n\t\t\t\t\t\t<div class=\"elementor-element elementor-element-1a3ea8b elementor-widget elementor-widget-text-editor\" data-id=\"1a3ea8b\" data-element_type=\"widget\" data-widget_type=\"text-editor.default\">\n\t\t\t\t<div class=\"elementor-widget-container\">\n\t\t\t\t\t<div class=\"elementor-text-editor elementor-clearfix\"><!-- wp:paragraph -->\n<p>\u00a0<\/p>\n<!-- \/wp:paragraph --><!-- wp:paragraph -->\n<p>Son muchas las <strong>experiencias festivas<\/strong> que ofrece Espa\u00f1a durante todo el a\u00f1o \ud83c\udf86 ideales para conocerlas en <a href=\"https:\/\/www.buscounchollo.com\/escapadas\/\" target=\"_blank\" rel=\"noopener\">escapadas de viaje<\/a>, en las que encontrar\u00e1s desde eventos culturales a eventos religiosos, y todos con su <strong>propia historia y tradici\u00f3n \u2728<\/strong><\/p>\n<!-- \/wp:paragraph --><!-- wp:paragraph -->\n<p>\u00a0<\/p>\n<!-- \/wp:paragraph --><!-- wp:paragraph -->\n<p>En este nuevo art\u00edculo, recogemos las <strong>m\u00e1s famosas <\/strong>para que marques esa <a href=\"https:\/\/www.buscounchollo.com\/fechas-destacadas\/\" target=\"_blank\" rel=\"noopener\">fecha destacada<\/a> en tu calendario, \u00a1y no te las pierdas! \ud83d\udcc5<\/p>\n<!-- \/wp:paragraph --><!-- wp:paragraph -->\n<p>\u00a0<\/p>\n<!-- \/wp:paragraph --><!-- wp:paragraph -->\n<p>Coge papel y boli, \u00a1que empezamos! \ud83d\udd8b\ufe0f<\/p>\n<!-- \/wp:paragraph --><!-- wp:paragraph -->\n<p>\u00a0<\/p>\n<!-- \/wp:paragraph --><!-- wp:image {\"align\":\"center\"} -->\n<figure class=\"wp-block-image aligncenter\"><img decoding=\"async\" src=\"https:\/\/media.giphy.com\/media\/v1.Y2lkPTc5MGI3NjExbWdqc3YwMHpub2loMHphMTVpMG9zNnV6YTNjdHZwa3A4cGtxdnU0ciZlcD12MV9pbnRlcm5hbF9naWZfYnlfaWQmY3Q9Zw\/chWeOzhXp06L95Ji7e\/giphy.gif\" alt=\"\" \/><\/figure>\n<!-- \/wp:image --><!-- wp:paragraph -->\n<p>\u00a0<\/p>\n<!-- \/wp:paragraph --><!-- wp:paragraph -->\n<p>\u00a0<\/p>\n<!-- \/wp:paragraph --><!-- wp:heading {\"level\":1} -->\n<h1 class=\"wp-block-heading\"><span id=\"Febrero_el_mes_con_mas_marcha_de_todo_el_ano_con_2_Carnavales_imperdibles\">Febrero: el mes con m\u00e1s marcha de todo el a\u00f1o con 2 Carnavales imperdibles<\/span><\/h1>\n<!-- \/wp:heading --><!-- wp:paragraph -->\n<p>\u00a0<\/p>\n<!-- \/wp:paragraph --><!-- wp:paragraph -->\n<p>El mes de febrero es esperado por su fiesta m\u00e1s conocida:<strong> el Carnaval \ud83c\udfad<\/strong><\/p>\n<!-- \/wp:paragraph --><!-- wp:paragraph -->\n<p>\u00a0<\/p>\n<!-- \/wp:paragraph --><!-- wp:paragraph -->\n<p>Todo el mundo <strong>se disfraza<\/strong> por estas fechas y se celebra pr\u00e1cticamente <strong>en todo el pa\u00eds<\/strong>, pero sin duda hay<strong> dos lugares que destacan:<\/strong><\/p>\n<!-- \/wp:paragraph --><!-- wp:paragraph -->\n<p>\u00a0<\/p>\n<!-- \/wp:paragraph --><!-- wp:heading -->\n<h2 class=\"wp-block-heading\"><span id=\"El_arte_resalta_una_vez_mas_en_el_sur_con_el_Carnaval_de_Cadiz\">El arte resalta una vez m\u00e1s en el sur con el Carnaval de C\u00e1diz<\/span><\/h2>\n<!-- \/wp:heading --><!-- wp:paragraph -->\n<p>\u00a0<\/p>\n<!-- \/wp:paragraph --><!-- wp:paragraph -->\n<p>\u00a1A ritmo de Carnaval! Se trata de una <strong>fiesta de Inter\u00e9s Tur\u00edstico Internacional,<\/strong> y no nos extra\u00f1a.<\/p>\n<!-- \/wp:paragraph --><!-- wp:paragraph -->\n<p>\u00a0<\/p>\n<!-- \/wp:paragraph --><!-- wp:image {\"align\":\"center\"} -->\n<figure class=\"wp-block-image aligncenter\"><img decoding=\"async\" src=\"https:\/\/lh7-us.googleusercontent.com\/4f6UbgnwD8GEmSQN29KjiBU9nJKDumqNrZcsBh-QhFOFLa9nDCvDLxXgTfLPjnTwidg6W8mD9F8rnBKPqXcGoYOSQyoRgJonMdIVJZsU4Nr83FZJU-XCpWzCjztThuQal47KD6lbsiu2jYZFwWhxjTo\" alt=\"\" \/>\n<figcaption class=\"wp-element-caption\">El concurso del Gran Teatro Falla, muy famoso en la provincia<\/figcaption>\n<\/figure>\n<!-- \/wp:image --><!-- wp:paragraph -->\n<p>\u00a0<\/p>\n<!-- \/wp:paragraph --><!-- wp:paragraph -->\n<p>Los gaditanos conocen los disfraces como<strong><em> tipo,<\/em><\/strong> y no puede faltar el tuyo el <strong>primer fin de semana<\/strong> de Carnaval. Despu\u00e9s, durante la semana, se llevan a cabo actividades como:<\/p>\n<!-- \/wp:paragraph --><!-- wp:paragraph -->\n<p>\u00a0<\/p>\n<!-- \/wp:paragraph --><!-- wp:list -->\n<ul class=\"wp-block-list\"><!-- wp:list-item -->\n<li><strong>Carrusel de coros:<\/strong> Alrededor de la plaza de abastos, los coros ofrecen sus tangos a todo el mundo y se celebran los d\u00edas festivos de carnaval.<\/li>\n<!-- \/wp:list-item --><!-- wp:list-item -->\n<li><strong>Cabalgata: <\/strong>Hay dos cabalgatas que recorren la ciudad y la llenan de color. \u00a1Participan m\u00e1s de 100.000 personas!<\/li>\n<!-- \/wp:list-item --><!-- wp:list-item -->\n<li><strong>Ilegales: <\/strong>Se trata de charangas creadas por grupos de amigos que se rivalizan entre ellas.<\/li>\n<!-- \/wp:list-item --><\/ul>\n<!-- \/wp:list --><!-- wp:paragraph -->\n<p>\u00a0<\/p>\n<!-- \/wp:paragraph --><!-- wp:paragraph -->\n<p>\u00a0<\/p>\n<!-- \/wp:paragraph --><!-- wp:image {\"id\":17480,\"align\":\"center\"} -->\n<figure class=\"wp-block-image aligncenter\"><img loading=\"lazy\" decoding=\"async\" width=\"2268\" height=\"2061\" class=\"wp-image-17480\" src=\"https:\/\/www.buscounchollo.com\/blog\/app\/uploads\/2024\/02\/collage-carnaval-cadiz.jpg\" alt=\"\" \/>\n<figcaption class=\"wp-element-caption\">Im\u00e1genes de a\u00f1os anteriores en la Cabalgata<\/figcaption>\n<\/figure>\n<!-- \/wp:image --><!-- wp:paragraph -->\n<p>\u00a0<\/p>\n<!-- \/wp:paragraph --><!-- wp:paragraph -->\n<p>\ud83d\udcc5 Se celebra del 12 al 22 de febrero de 2026.<\/p>\n<!-- \/wp:paragraph --><!-- wp:paragraph -->\n<p>\u00a0<\/p>\n<!-- \/wp:paragraph --><!-- wp:button {\"backgroundColor\":\"vivid-red\",\"className\":\"aligncenter\",\"style\":{\"color\":{\"text\":\"#ffffff\"}}} -->\n<div class=\"wp-block-button aligncenter\"><a class=\"wp-block-button__link has-vivid-red-background-color has-text-color has-background wp-element-button\" style=\"color: #ffffff;\" href=\"https:\/\/www.buscounchollo.com\/costas\/costa-luz\/113\/\" target=\"_blank\" rel=\"noopener\">Ver chollos en la Costa de la Luz<\/a><\/div>\n<!-- \/wp:button --><!-- wp:paragraph -->\n<p>\u00a0<\/p>\n<!-- \/wp:paragraph --><!-- wp:paragraph -->\n<p>\u00a0<\/p>\n<!-- \/wp:paragraph --><!-- wp:paragraph -->\n<p>\u00a0<\/p>\n<!-- \/wp:paragraph --><!-- wp:heading -->\n<h2 class=\"wp-block-heading\"><span id=\"Descubre_la_capital_europea_del_Carnaval_en_Tenerife\">Descubre la capital europea del Carnaval en Tenerife<\/span><\/h2>\n<!-- \/wp:heading --><!-- wp:paragraph -->\n<p>\u00a0<\/p>\n<!-- \/wp:paragraph --><!-- wp:paragraph -->\n<p><strong>\u00bfSab\u00edas que el Carnaval de Santa Cruz de Tenerife es el m\u00e1s famoso de Europa y el segundo del mundo despu\u00e9s de R\u00edo de Janeiro? \ud83c\udfc6<\/strong><\/p>\n<!-- \/wp:paragraph --><!-- wp:paragraph -->\n<p>\u00a0<\/p>\n<!-- \/wp:paragraph --><!-- wp:paragraph -->\n<p>La isla espera este momento del a\u00f1o con ganas y <strong>multitud de personas <\/strong>viajan de todas partes para no perd\u00e9rselo.\u00a0<\/p>\n<!-- \/wp:paragraph --><!-- wp:paragraph -->\n<p>\u00a0<\/p>\n<!-- \/wp:paragraph --><!-- wp:paragraph -->\n<p>Carrozas, cabalgatas y desfiles<strong> llenan las calles<\/strong> durante quince d\u00edas. Los m\u00e1s importantes son:<\/p>\n<!-- \/wp:paragraph --><!-- wp:paragraph -->\n<p>\u00a0<\/p>\n<!-- \/wp:paragraph --><!-- wp:list -->\n<ul class=\"wp-block-list\"><!-- wp:list-item -->\n<li><strong>La Cabalgata anunciadora del Carnaval:<\/strong> Tiene lugar el primer viernes tras ser elegida la reina.<\/li>\n<!-- \/wp:list-item --><!-- wp:list-item -->\n<li><strong>El Colof\u00f3n:<\/strong> El martes de Carnaval se produce el desfile del Coso, una gran cabalgata que sorprende a todo el mundo.<\/li>\n<!-- \/wp:list-item --><!-- wp:list-item -->\n<li><strong>Entierro de la Sardina:<\/strong> Anuncia el fin de la fiesta, se pasea por las calles en una carroza para terminar ardiendo, dando paso a la Pi\u00f1ata Chica, el \u00faltimo fin de semana lleno de verbenas.\u00a0<\/li>\n<!-- \/wp:list-item --><!-- wp:list-item -->\n<li>\u00a0<\/li>\n<!-- \/wp:list-item --><\/ul>\n<!-- \/wp:list --><!-- wp:paragraph -->\n<p>\u00a0<\/p>\n<!-- \/wp:paragraph --><!-- wp:paragraph -->\n<p>\ud83d\udcc5 Se celebra del 11 al 22 de febrero de 2026.<\/p>\n<!-- \/wp:paragraph --><!-- wp:paragraph -->\n<p>\u00a0<\/p>\n<!-- \/wp:paragraph --><!-- wp:image {\"align\":\"center\"} -->\n<figure class=\"wp-block-image aligncenter\"><img decoding=\"async\" src=\"https:\/\/lh7-us.googleusercontent.com\/mXWacyDp6rCjs1zNd2u07bT7CstmHH1pWbIpzneW59gsX052m1Dibs4bwyCdglgRyqfaGyda4_ZHel86a_PmjfG59dlNqxY4HycurIFZjsH5pRmNfyh3CP001x-BpZFL92lue6ctqoU6QlFnDqce-IA\" alt=\"\" \/>\n<figcaption class=\"wp-element-caption\">\u00a1Los trajes son brutales!<\/figcaption>\n<\/figure>\n<!-- \/wp:image --><!-- wp:paragraph -->\n<p>\u00a0<\/p>\n<!-- \/wp:paragraph --><!-- wp:button {\"backgroundColor\":\"vivid-red\",\"className\":\"aligncenter\",\"style\":{\"color\":{\"text\":\"#ffffff\"}}} -->\n<div class=\"wp-block-button aligncenter\"><a class=\"wp-block-button__link has-vivid-red-background-color has-text-color has-background wp-element-button\" style=\"color: #ffffff;\" href=\"https:\/\/www.buscounchollo.com\/destinos\/canarias\/25\/\" target=\"_blank\" rel=\"noopener\">Ver chollos en las Islas Canarias<\/a><\/div>\n<!-- \/wp:button --><!-- wp:paragraph -->\n<p>\u00a0<\/p>\n<!-- \/wp:paragraph --><!-- wp:paragraph -->\n<p>Lo sabemos, los dos son maravillosos \ud83d\ude0f Tambi\u00e9n tenemos un art\u00edculo en nuestro blog en el que te explicamos<strong> los carnavales m\u00e1s famosos y originales del mundo<\/strong> \u2728 Haz clic para leerlo \u2935\ufe0f<\/p>\n<!-- \/wp:paragraph --><!-- wp:paragraph -->\n<p>\u00a0<\/p>\n<!-- \/wp:paragraph --><!-- wp:paragraph -->\n<p>\u00a0<\/p>\n<!-- \/wp:paragraph --><!-- wp:button {\"backgroundColor\":\"vivid-red\",\"className\":\"aligncenter\",\"style\":{\"color\":{\"text\":\"#ffffff\"}}} -->\n<div class=\"wp-block-button aligncenter\"><a class=\"wp-block-button__link has-vivid-red-background-color has-text-color has-background wp-element-button\" style=\"color: #ffffff;\" href=\"https:\/\/www.buscounchollo.com\/blog\/los-carnavales-mas-famosos-y-originales-a-tu-alcance\/\" target=\"_blank\" rel=\"noopener\">Leer Blog Carnavales<\/a><\/div>\n<!-- \/wp:button --><!-- wp:paragraph -->\n<p>\u00a0<\/p>\n<!-- \/wp:paragraph --><!-- wp:paragraph -->\n<p>\u00a0<\/p>\n<!-- \/wp:paragraph --><!-- wp:paragraph -->\n<p>\u00a0<\/p>\n<!-- \/wp:paragraph --><!-- wp:heading {\"level\":1} -->\n<h1 class=\"wp-block-heading\"><span id=\"Marzo_un_mes_destacado_por_el_arte_y_la_satira_de_Las_Fallas\">Marzo, un mes destacado por el arte y la s\u00e1tira de Las Fallas<\/span><\/h1>\n<!-- \/wp:heading --><!-- wp:paragraph -->\n<p>\u00a0<\/p>\n<!-- \/wp:paragraph --><!-- wp:paragraph -->\n<p>Tracas, fuego y muchos petardos te esperan en la<strong> famosa fiesta local de Valencia<\/strong>: Las Fallas \ud83e\udde8<\/p>\n<!-- \/wp:paragraph --><!-- wp:paragraph -->\n<p>\u00a0<\/p>\n<!-- \/wp:paragraph --><!-- wp:paragraph -->\n<p>Los artesanos de la ciudad han estado <strong>todo el a\u00f1o prepar\u00e1ndose<\/strong> para ofrecer las mejores obras de <strong>corcho blanco.<\/strong><\/p>\n<!-- \/wp:paragraph --><!-- wp:paragraph -->\n<p>\u00a0<\/p>\n<!-- \/wp:paragraph --><!-- wp:paragraph -->\n<p>\u00a1Valencianos, ya estamos en Fallas! Ese es el grito que tiene lugar en<strong><em> la Crid\u00e0<\/em><\/strong>, que da comienzo a esta incre\u00edble celebraci\u00f3n que ha sido declarada Patrimonio Inmaterial de la Humanidad por la UNESCO.<\/p>\n<!-- \/wp:paragraph --><!-- wp:paragraph -->\n<p>\u00a0<\/p>\n<!-- \/wp:paragraph --><!-- wp:paragraph -->\n<p>Primero de todo, debes hacerte con el pa\u00f1uelo fallero para protegerte del humo en la quema de fallas.\u00a0<\/p>\n<!-- \/wp:paragraph --><!-- wp:paragraph -->\n<p>\u00a0<\/p>\n<!-- \/wp:paragraph --><!-- wp:paragraph -->\n<p>Todos los d\u00edas se lleva a cabo <strong><em>La Masclet\u00e0<\/em><\/strong>, un espect\u00e1culo de pirotecnia en el que el protagonista, sin duda, es el ruido \ud83d\udca5<\/p>\n<!-- \/wp:paragraph --><!-- wp:paragraph -->\n<p>\u00a0<\/p>\n<!-- \/wp:paragraph --><!-- wp:image {\"align\":\"center\"} -->\n<figure class=\"wp-block-image aligncenter\"><img decoding=\"async\" src=\"https:\/\/lh7-us.googleusercontent.com\/vF17B8pJX1fex4tlpBBzWViWp2FnUITDpbHbMVOvRVxCb92NfExSkthy9n4M10pv_iOHhwzk2kuiY24i4xpymZBDsOoy1cxs8lZByf3wsaxF5iVsaqWkXVELeofYfrIkgZuzuLgQYo7g8rPxZLkmhy8\" alt=\"\" \/>\n<figcaption class=\"wp-element-caption\">Tiene lugar en la Plaza del Ayuntamiento de la ciudad<\/figcaption>\n<\/figure>\n<!-- \/wp:image --><!-- wp:paragraph -->\n<p>\u00a0<\/p>\n<!-- \/wp:paragraph --><!-- wp:paragraph -->\n<p>19 d\u00edas dura la celebraci\u00f3n de las Fallas, pero no es hasta la noche del 15 al 16 de marzo cuando tiene lugar <strong><em>La Plant\u00e0<\/em><\/strong>, momento en el que los artistas falleros plantan sus obras en las calles.\u00a0<\/p>\n<!-- \/wp:paragraph --><!-- wp:paragraph -->\n<p>\u00a0<\/p>\n<!-- \/wp:paragraph --><!-- wp:image {\"align\":\"center\"} -->\n<figure class=\"wp-block-image aligncenter\"><img decoding=\"async\" src=\"https:\/\/lh7-us.googleusercontent.com\/ZZtmuTvpmryWSudpGkxD6DVOC7kJHpOrAFXg8L32vFdYBp5zH4WB6qZi9MBquyRBjQig-MYfoYhRdPSl7y06doq2wSlwW3iQJTyiCrQP8ucggYCrxvwtUtgxs3Zeabq5MA2pnnkDWUPhbYMn-zLcaOY\" alt=\"\" \/><\/figure>\n<!-- \/wp:image --><!-- wp:paragraph -->\n<p>\u00a0<\/p>\n<!-- \/wp:paragraph --><!-- wp:paragraph -->\n<p>A partir de ese d\u00eda, encontrar\u00e1s cada una de ellas en muchos rincones de la ciudad.<\/p>\n<!-- \/wp:paragraph --><!-- wp:paragraph -->\n<p>\u00a0<\/p>\n<!-- \/wp:paragraph --><!-- wp:paragraph -->\n<p>La noche del 19 de marzo, \u00faltimo d\u00eda de las Fallas, se celebra La Crem\u00e0, el momento en que los valencianos se despiden de sus monumentos falleros, reduci\u00e9ndolos a cenizas en una gran hoguera. \ud83d\udd25<\/p>\n<!-- \/wp:paragraph --><!-- wp:paragraph -->\n<p>\u00a0<\/p>\n<!-- \/wp:paragraph --><!-- wp:paragraph -->\n<p>Los d\u00edas previos, el 17 y 18 de marzo entre las 15:30 h y la media noche, tiene lugar la emotiva Ofrenda de Flores a la Virgen de los Desamparados, patrona de Valencia.<\/p>\n<!-- \/wp:paragraph --><!-- wp:paragraph -->\n<p>\u00a0<\/p>\n<!-- \/wp:paragraph --><!-- wp:image {\"align\":\"center\"} -->\n<figure class=\"wp-block-image aligncenter\"><img decoding=\"async\" src=\"https:\/\/lh7-us.googleusercontent.com\/fLKhwtO16XGmMbcVaofCrteImbAcqncOv283FpAcqeOEJoBearxQtepo_beM8yKKHROyDZFUXEwQOod2hrEYrvpSZd6owO20pKHNl_gCIjcgTeF_NlW02SYYlBpmBuE9F3f9Y1Iw_su374gpyWzRYr4\" alt=\"\" \/>\n<figcaption class=\"wp-element-caption\">Una imagen vale m\u00e1s que mil palabras \u2764\ufe0f\u200d\ud83d\udd25<\/figcaption>\n<\/figure>\n<!-- \/wp:image --><!-- wp:paragraph -->\n<p>\u00a0<\/p>\n<!-- \/wp:paragraph --><!-- wp:paragraph -->\n<p>\ud83d\udcc5 Se celebra del 15 al 19 de marzo de 2026.<\/p>\n<!-- \/wp:paragraph --><!-- wp:paragraph -->\n<p>\u00a0<\/p>\n<!-- \/wp:paragraph --><!-- wp:paragraph -->\n<p>\u00a0<\/p>\n<!-- \/wp:paragraph --><!-- wp:button {\"backgroundColor\":\"vivid-red\",\"className\":\"aligncenter\",\"style\":{\"color\":{\"text\":\"#ffffff\"}}} -->\n<div class=\"wp-block-button aligncenter\"><a class=\"wp-block-button__link has-vivid-red-background-color has-text-color has-background wp-element-button\" style=\"color: #ffffff;\" href=\"https:\/\/www.buscounchollo.com\/destinos\/valencia\/181\/\" target=\"_blank\" rel=\"noopener\">Ver chollos en Valencia<\/a><\/div>\n<!-- \/wp:button --><!-- wp:paragraph -->\n<p>\u00a0<\/p>\n<!-- \/wp:paragraph --><!-- wp:paragraph -->\n<p>\u00a0<\/p>\n<!-- \/wp:paragraph --><!-- wp:paragraph -->\n<p>\u00a0<\/p>\n<!-- \/wp:paragraph --><!-- wp:heading {\"level\":1} -->\n<h1 class=\"wp-block-heading\"><span id=\"El_mes_de_abril_se_llena_de_colores_y_no_solo_por_la_llegada_de_la_primavera_la_Feria_de_Sevilla_deslumbra\">El mes de abril se llena de colores y no solo por la llegada de la primavera, la Feria de Sevilla deslumbra<\/span><\/h1>\n<!-- \/wp:heading --><!-- wp:paragraph -->\n<p>\u00a0<\/p>\n<!-- \/wp:paragraph --><!-- wp:paragraph -->\n<p>Dos semanas despu\u00e9s de la tradicional <strong>Semana Santa de Sevilla<\/strong>, muy famosa tambi\u00e9n en su localidad, tiene lugar la \u00e9poca del a\u00f1o <strong>m\u00e1s esperada<\/strong> para los sevillanos, y no es para menos \ud83d\udc83<\/p>\n<!-- \/wp:paragraph --><!-- wp:paragraph -->\n<p>\u00a0<\/p>\n<!-- \/wp:paragraph --><!-- wp:paragraph -->\n<p>La feria de todas las ferias est\u00e1 en Sevilla y tiene comienzo la noche del <strong><em>alumbrao<\/em><\/strong>, momento en el que se encienden las luces del recinto ferial y se come el famoso <strong><em>pescaito frito \ud83c\udfa3<\/em><\/strong><\/p>\n<!-- \/wp:paragraph --><!-- wp:paragraph -->\n<p>\u00a0<\/p>\n<!-- \/wp:paragraph --><!-- wp:paragraph -->\n<p>La portada de la feria cada a\u00f1o es diferente y conmemora alg\u00fan monumento de la ciudad de Sevilla \ud83d\udcab<\/p>\n<!-- \/wp:paragraph --><!-- wp:paragraph -->\n<p>\u00a0<\/p>\n<!-- \/wp:paragraph --><!-- wp:image {\"align\":\"center\"} -->\n<figure class=\"wp-block-image aligncenter\"><img decoding=\"async\" src=\"https:\/\/lh7-us.googleusercontent.com\/j_EcO4HBmp8OTLtVNnc7qSB1V257bpHxPIEPD6Lm-XotYBMpkeDoVdJDMOnu3XFPESykcZFPJ9hbCd6AUXJnxIx2I_X1QXArH7RmnoG1gT6qV8ZIOtyXy_tQyBhdB9WYyzHRAm2c7koE-4asxR2MkDI\" alt=\"\" \/>\n<figcaption class=\"wp-element-caption\">Entrada al recinto ferial<\/figcaption>\n<\/figure>\n<!-- \/wp:image --><!-- wp:paragraph -->\n<p>\u00a0<\/p>\n<!-- \/wp:paragraph --><!-- wp:paragraph -->\n<p>Una semana es lo que dura esta maravillosa festividad y no debes acudir sin saber toda esta informaci\u00f3n:<\/p>\n<!-- \/wp:paragraph --><!-- wp:paragraph -->\n<p>\u00a0<\/p>\n<!-- \/wp:paragraph --><!-- wp:list -->\n<ul class=\"wp-block-list\"><!-- wp:list-item -->\n<li><strong>Hay casetas p\u00fablicas y privadas:<\/strong> M\u00e1s de mil casetas se instalan en las calles y la mayor\u00eda de ellas son privadas, as\u00ed que es mejor venir con un amigo o conocido sevillano.<\/li>\n<!-- \/wp:list-item --><!-- wp:list-item -->\n<li><strong>El traje de flamenca: <\/strong>No es obligatorio vestirse de flamenca para la feria, pero es la tradici\u00f3n de la feria y son muchas las mujeres que lo hacen.<\/li>\n<!-- \/wp:list-item --><!-- wp:list-item -->\n<li><strong>Feria de d\u00eda y feria de noche:<\/strong> La feria tiene sus tiempos, y durante el d\u00eda podr\u00e1s almorzar en las casetas y por la noche disfrutar\u00e1s del flamenco y las copas con los m\u00e1s reales feriantes.<\/li>\n<!-- \/wp:list-item --><\/ul>\n<!-- \/wp:list --><!-- wp:paragraph -->\n<p>\u00a0<\/p>\n<!-- \/wp:paragraph --><!-- wp:image {\"id\":17485,\"align\":\"center\"} -->\n<figure class=\"wp-block-image aligncenter\"><img loading=\"lazy\" decoding=\"async\" width=\"2758\" height=\"2246\" class=\"wp-image-17485\" src=\"https:\/\/www.buscounchollo.com\/blog\/app\/uploads\/2024\/02\/feria-de-abril-sevilla.jpg\" alt=\"\" \/>\n<figcaption class=\"wp-element-caption\">Llena de luz y color<\/figcaption>\n<\/figure>\n<!-- \/wp:image --><!-- wp:paragraph -->\n<p>\u00a0<\/p>\n<!-- \/wp:paragraph --><!-- wp:paragraph -->\n<p>\ud83d\udcc5 Se celebra del 21 al 26 de abril de 2026.<\/p>\n<!-- \/wp:paragraph --><!-- wp:paragraph -->\n<p>\u00a0<\/p>\n<!-- \/wp:paragraph --><!-- wp:paragraph -->\n<p>\u00a0<\/p>\n<!-- \/wp:paragraph --><!-- wp:button {\"backgroundColor\":\"vivid-red\",\"className\":\"aligncenter\",\"style\":{\"color\":{\"text\":\"#ffffff\"}}} -->\n<div class=\"wp-block-button aligncenter\"><a class=\"wp-block-button__link has-vivid-red-background-color has-text-color has-background wp-element-button\" style=\"color: #ffffff;\" href=\"https:\/\/www.buscounchollo.com\/destinos\/andalucia\/20\/\" target=\"_blank\" rel=\"noopener\">Ver chollos en Andaluc\u00eda<\/a><\/div>\n<!-- \/wp:button --><!-- wp:paragraph -->\n<p>\u00a0<\/p>\n<!-- \/wp:paragraph --><!-- wp:paragraph -->\n<p>\u00a0<\/p>\n<!-- \/wp:paragraph --><!-- wp:paragraph -->\n<p>\u00a0<\/p>\n<!-- \/wp:paragraph --><!-- wp:heading {\"level\":1} -->\n<h1 class=\"wp-block-heading\"><span id=\"A_Coruna_se_convierta_en_una_hoguera_gigante_en_la_vispera_de_San_Juan\">A Coru\u00f1a se convierta en una hoguera gigante en la v\u00edspera de San Juan<\/span><\/h1>\n<!-- \/wp:heading --><!-- wp:paragraph -->\n<p>\u00a0<\/p>\n<!-- \/wp:paragraph --><!-- wp:paragraph -->\n<p>La fiesta de <strong>San Juan<\/strong> es famosa en toda Espa\u00f1a y se celebra en <strong>muchas localidades<\/strong>, pero hay una que destaca entre la multitud: <strong>Las hogueras de A Coru\u00f1a \ud83d\udd25<\/strong><\/p>\n<!-- \/wp:paragraph --><!-- wp:paragraph -->\n<p>\u00a0<\/p>\n<!-- \/wp:paragraph --><!-- wp:paragraph -->\n<p>La llegada del verano se celebra a lo grande en la ciudad gallega de A Coru\u00f1a \ud83c\udf1e que se prepara desde el mes de mayo para las hogueras de San Juan.\u00a0<\/p>\n<!-- \/wp:paragraph --><!-- wp:paragraph -->\n<p>\u00a0<\/p>\n<!-- \/wp:paragraph --><!-- wp:paragraph -->\n<p>A mediados del mes <strong>empiezan actividades<\/strong> con conciertos de m\u00fasica, bailes tradicionales y exposiciones. <strong>Pero sin duda, el d\u00eda m\u00e1s esperado es el 23 de junio<\/strong> \ud83d\udccd<\/p>\n<!-- \/wp:paragraph --><!-- wp:paragraph -->\n<p>\u00a0<\/p>\n<!-- \/wp:paragraph --><!-- wp:image {\"align\":\"center\"} -->\n<figure class=\"wp-block-image aligncenter\"><img decoding=\"async\" src=\"https:\/\/lh7-us.googleusercontent.com\/Vzz2Y3tbl2Thp4jbsw2PhvNS826iSR0KxqKncpV6iaEO5gnF0V7KcnXLtp-d_JsKevNit17o-J15Rbk2v77OAG_qxyjR8G2RcsMjTJXnEr0U-WaAGLvIOlvamhMtiNFPIJS5xPdxEiekrD0yMxM6C34\" alt=\"\" \/>\n<figcaption class=\"wp-element-caption\">Imagen de la playa de Riazor \ud83d\udcf8<\/figcaption>\n<\/figure>\n<!-- \/wp:image --><!-- wp:paragraph -->\n<p>\u00a0<\/p>\n<!-- \/wp:paragraph --><!-- wp:paragraph -->\n<p>Gaitas, bailes y bandas musicales <strong>no faltan durante toda la jornada<\/strong> con diferentes desfiles y comparsas de gigantes y cabezudos, <strong>llenando todas las calles de la ciudad \ud83d\udcaf<\/strong><\/p>\n<!-- \/wp:paragraph --><!-- wp:paragraph -->\n<p>\u00a0<\/p>\n<!-- \/wp:paragraph --><!-- wp:paragraph -->\n<p>Cuando se acerca la noche, se encienden <strong>cientos de hogueras<\/strong>, que se reflejan en las aguas del mar \ud83c\udf0a<\/p>\n<!-- \/wp:paragraph --><!-- wp:paragraph -->\n<p>\u00a0<\/p>\n<!-- \/wp:paragraph --><!-- wp:paragraph -->\n<p>En la<strong> playa de Riazor<\/strong> empieza a arder una gigantesca hoguera y el cielo se llena de <strong>fuegos artificiales<\/strong>, y el festejo se alarga hasta altas horas de la madrugada \ud83c\udf05<\/p>\n<!-- \/wp:paragraph --><!-- wp:paragraph -->\n<p>\u00a0<\/p>\n<!-- \/wp:paragraph --><!-- wp:image {\"align\":\"center\"} -->\n<figure class=\"wp-block-image aligncenter\"><img decoding=\"async\" src=\"https:\/\/lh7-us.googleusercontent.com\/4YxNdI6EAKHFxYO30xn8zomQiWh86EDCaMdbxVpKghkQx7PAgerWL6y7xMZ09SImOzD-xy-RQxE-ORtqoNi_c06IBYFlLLP45D5jGmaYK4bBjFn3wwcwzGLnJoei-oawFrjGow7sVTzQoDnTJf40BlM\" alt=\"\" \/>\n<figcaption class=\"wp-element-caption\">Imagen del escenario en llamas \u2764\ufe0f\u200d\ud83d\udd25<\/figcaption>\n<\/figure>\n<!-- \/wp:image --><!-- wp:paragraph -->\n<p>\ud83d\udcc5 Se celebra del 23 al 24 de junio de 2026.<\/p>\n<!-- \/wp:paragraph --><!-- wp:paragraph -->\n<p>\u00a0<\/p>\n<!-- \/wp:paragraph --><!-- wp:paragraph -->\n<p>\u00a0<\/p>\n<!-- \/wp:paragraph --><!-- wp:button {\"backgroundColor\":\"vivid-red\",\"className\":\"aligncenter\",\"style\":{\"color\":{\"text\":\"#ffffff\"}}} -->\n<div class=\"wp-block-button aligncenter\"><a class=\"wp-block-button__link has-vivid-red-background-color has-text-color has-background wp-element-button\" style=\"color: #ffffff;\" href=\"https:\/\/www.buscounchollo.com\/destinos\/galicia\/185\/\" target=\"_blank\" rel=\"noopener\">Ver chollos en Galicia<\/a><\/div>\n<!-- \/wp:button --><!-- wp:paragraph --><!-- \/wp:paragraph --><!-- wp:paragraph -->\n<p>\u00a0<\/p>\n<!-- \/wp:paragraph --><!-- wp:paragraph -->\n<p>\u00a0<\/p>\n<!-- \/wp:paragraph --><!-- wp:paragraph -->\n<p>\u00a0<\/p>\n<!-- \/wp:paragraph --><!-- wp:heading {\"level\":1} -->\n<h1 class=\"wp-block-heading\"><span id=\"Julio_se_tine_de_blanco_y_rojo_en_su_tradicion_mas_conocida_San_Fermin\">Julio se ti\u00f1e de blanco y rojo en su tradici\u00f3n m\u00e1s conocida: San Ferm\u00edn<\/span><\/h1>\n<!-- \/wp:heading --><!-- wp:paragraph -->\n<p>\u00a0<\/p>\n<!-- \/wp:paragraph --><!-- wp:paragraph -->\n<p><strong>\u00bfQuieres conocer la celebraci\u00f3n m\u00e1s emblem\u00e1tica de Pamplona?<\/strong> <strong>San Ferm\u00edn<\/strong> hace tributo a la cultura y tradici\u00f3n de Navarra. A continuaci\u00f3n, te explicamos todo sobre esta festividad \ud83c\udf8a<\/p>\n<!-- \/wp:paragraph --><!-- wp:paragraph -->\n<p>\u00a0<\/p>\n<!-- \/wp:paragraph --><!-- wp:paragraph -->\n<p>Se trata de una de las<strong> m\u00e1s grandes<\/strong> a nivel mundial, premiada con el puesto n\u00famero 7 a las <strong>fiestas m\u00e1s famosas de todo el mundo <\/strong>\ud83c\udf0d<\/p>\n<!-- \/wp:paragraph --><!-- wp:paragraph -->\n<p>\u00a0<\/p>\n<!-- \/wp:paragraph --><!-- wp:paragraph -->\n<p>Es t\u00edpico <strong>vestirse con ropa blanca y el famoso pa\u00f1uelo rojo<\/strong> \u2764\ufe0f distintivo para esas fechas, que se lleva anudado al cuello una vez han empezado.\u00a0<\/p>\n<!-- \/wp:paragraph --><!-- wp:paragraph -->\n<p>\u00a0<\/p>\n<!-- \/wp:paragraph --><!-- wp:image {\"align\":\"center\"} -->\n<figure class=\"wp-block-image aligncenter\"><img decoding=\"async\" src=\"https:\/\/lh7-us.googleusercontent.com\/Rr69pTA2LZuD3NvQu98jjSeQNp9vYdfx5F8p3bOvaFoMbXLM2clZsk4HAis1HmcbKMpVtegGhSPgv-dehf0VR_rvbocrFDKDwBJ6L7LjjF2cFfPiGSzgcF0lmrrhnTHrDV3sygLXKnwSmYqzEds5_-8\" alt=\"\" \/>\n<figcaption class=\"wp-element-caption\">\u00a1Imprescindible prepararte la ropa blanca!<\/figcaption>\n<\/figure>\n<!-- \/wp:image --><!-- wp:paragraph -->\n<p>\u00a0<\/p>\n<!-- \/wp:paragraph --><!-- wp:paragraph -->\n<p><strong>El encierro<\/strong> es el acto <strong>m\u00e1s conocido<\/strong> de esta festividad, en la que los corredores, siempre antes de la carrera, <strong>le cantan al santo San Ferm\u00edn<\/strong> \ud83d\udc02<\/p>\n<!-- \/wp:paragraph --><!-- wp:paragraph -->\n<p>\u00a0<\/p>\n<!-- \/wp:paragraph --><!-- wp:paragraph -->\n<p>Las fiestas se <strong>viven en la calle<\/strong> y el programa tiene una gran variedad de eventos para divertirse.\u00a0<\/p>\n<!-- \/wp:paragraph --><!-- wp:paragraph -->\n<p>\u00a0<\/p>\n<!-- \/wp:paragraph --><!-- wp:paragraph -->\n<p>\ud83d\udcc5 Se celebra del 6 al 14 de julio de 2026.<\/p>\n<!-- \/wp:paragraph --><!-- wp:paragraph -->\n<p>\u00a0<\/p>\n<!-- \/wp:paragraph --><!-- wp:paragraph -->\n<p>\u00a0<\/p>\n<!-- \/wp:paragraph --><!-- wp:button {\"backgroundColor\":\"vivid-red\",\"className\":\"aligncenter\",\"style\":{\"color\":{\"text\":\"#ffffff\"}}} -->\n<div class=\"wp-block-button aligncenter\"><a class=\"wp-block-button__link has-vivid-red-background-color has-text-color has-background wp-element-button\" style=\"color: #ffffff;\" href=\"https:\/\/www.buscounchollo.com\/destinos\/navarra\/186\/\" target=\"_blank\" rel=\"noopener\">Ver chollos en Navarra<\/a><\/div>\n<!-- \/wp:button --><!-- wp:paragraph -->\n<p>\u00a0<\/p>\n<!-- \/wp:paragraph --><!-- wp:paragraph -->\n<p>\u00a0<\/p>\n<!-- \/wp:paragraph --><!-- wp:paragraph -->\n<p>\u00a0<\/p>\n<!-- \/wp:paragraph --><!-- wp:heading {\"level\":1} -->\n<h1 class=\"wp-block-heading\"><span id=\"La_Tomatina_el_remedio_para_desafiar_el_calor_de_agosto_en_las_fiestas_de_Bunol\">La Tomatina, el remedio para desafiar el calor de agosto en las fiestas de Bu\u00f1ol<\/span><\/h1>\n<!-- \/wp:heading --><!-- wp:paragraph -->\n<p>\u00a0<\/p>\n<!-- \/wp:paragraph --><!-- wp:paragraph -->\n<p><strong>\u00bfTe imaginas a 20.000 personas en una plaza llena de tomates?<\/strong> \ud83c\udf45 Parece mentira, pero as\u00ed es el festejo <strong>local de Bu\u00f1ols<\/strong>, un municipio de la Comunidad Valenciana, muy famosa en todo el mundo, en el que cada a\u00f1o miles de personas acuden a visitarla.<\/p>\n<!-- \/wp:paragraph --><!-- wp:paragraph -->\n<p>\u00a0<\/p>\n<!-- \/wp:paragraph --><!-- wp:paragraph -->\n<p><strong>\u00bfSab\u00edas que la historia de la Tomatina se remonta al a\u00f1o 1945?<\/strong> Un grupo de j\u00f3venes fueron a ver el <strong>desfile de gigantes y cabezudos<\/strong> (muy famoso en la zona), que acabaron <strong>arrojando tomates<\/strong> a todo el que estaba presente en el lugar \ud83e\udee2<\/p>\n<!-- \/wp:paragraph --><!-- wp:paragraph -->\n<p>\u00a0<\/p>\n<!-- \/wp:paragraph --><!-- wp:paragraph -->\n<p>Los mismos j\u00f3venes fueron repiti\u00e9ndolo cada a\u00f1o y, aunque fue prohibida a principio de los 50 \ud83d\udeab finalmente se permiti\u00f3 hasta convertirse en la <strong>Fiesta de Inter\u00e9s Tur\u00edstico Internacional<\/strong> que es ahora.\u00a0<\/p>\n<!-- \/wp:paragraph --><!-- wp:paragraph -->\n<p>\u00a0<\/p>\n<!-- \/wp:paragraph --><!-- wp:image {\"align\":\"center\"} -->\n<figure class=\"wp-block-image aligncenter\"><img decoding=\"async\" src=\"https:\/\/lh7-us.googleusercontent.com\/w8VUN4LCPaGpW6of0gsoEDuYHHc47cx8VXUlByZOVufjwZrZV2YEC0HYiZYk7ZARnBbB7vAswc6hpXB-Bgb_1jE1j5nPkym-YZHjZVc0xCOtTAzf3yfTc7Y0qSVyOItb8wUmu2b7vr_6qvPO8WhFt-8\" alt=\"\" \/>\n<figcaption class=\"wp-element-caption\">\u00a1As\u00ed acaban las calles! \u2764\ufe0f<\/figcaption>\n<\/figure>\n<!-- \/wp:image --><!-- wp:paragraph -->\n<p>\u00a0<\/p>\n<!-- \/wp:paragraph --><!-- wp:paragraph -->\n<p>Durante el transcurso de la semana se celebra la batalla de tomates, entre otras actividades, desfiles, fuegos artificiales y celebraciones \ud83e\udd73<\/p>\n<!-- \/wp:paragraph --><!-- wp:paragraph -->\n<p>\u00a0<\/p>\n<!-- \/wp:paragraph --><!-- wp:paragraph -->\n<p>\ud83d\udccc Tiene lugar en la <strong>Plaza Mayor<\/strong>, y el punto de inicio y fin lo reconocer\u00e1s con la salida de unos cohetes \ud83e\udde8<\/p>\n<!-- \/wp:paragraph --><!-- wp:paragraph -->\n<p>\u00a0<\/p>\n<!-- \/wp:paragraph --><!-- wp:paragraph -->\n<p>\u2139\ufe0f Ten en cuenta que el n\u00famero de personas est\u00e1 limitado a 20.000 participantes.<\/p>\n<!-- \/wp:paragraph --><!-- wp:paragraph -->\n<p>\u00a0<\/p>\n<!-- \/wp:paragraph --><!-- wp:paragraph -->\n<p>\ud83d\udcc5 Se celebra el 26 de agosto de 2026.<\/p>\n<!-- \/wp:paragraph --><!-- wp:paragraph -->\n<p>\u00a0<\/p>\n<!-- \/wp:paragraph --><!-- wp:paragraph -->\n<p>\u00a0<\/p>\n<!-- \/wp:paragraph --><!-- wp:button {\"backgroundColor\":\"vivid-red\",\"className\":\"aligncenter\",\"style\":{\"color\":{\"text\":\"#ffffff\"}}} -->\n<div class=\"wp-block-button aligncenter\"><a class=\"wp-block-button__link has-vivid-red-background-color has-text-color has-background wp-element-button\" style=\"color: #ffffff;\" href=\"https:\/\/www.buscounchollo.com\/destinos\/valencia\/181\/\" target=\"_blank\" rel=\"noopener\">Ver chollos en Valencia<\/a><\/div>\n<!-- \/wp:button --><!-- wp:paragraph -->\n<p>\u00a0<\/p>\n<!-- \/wp:paragraph --><!-- wp:paragraph -->\n<p>\u00a0<\/p>\n<!-- \/wp:paragraph --><!-- wp:paragraph -->\n<p>\u00a0<\/p>\n<!-- \/wp:paragraph --><!-- wp:heading {\"level\":1} -->\n<h1 class=\"wp-block-heading\"><span id=\"Las_Fiestas_del_Pilar_dan_la_bienvenida_al_otono_con_tradicion_gastronomia_y_modernidad\">Las Fiestas del Pilar dan la bienvenida al oto\u00f1o con tradici\u00f3n, gastronom\u00eda y modernidad<\/span><\/h1>\n<!-- \/wp:heading --><!-- wp:paragraph -->\n<p>\u00a0<\/p>\n<!-- \/wp:paragraph --><!-- wp:paragraph -->\n<p>El Pilar cae perfectamente en el calendario todos los a\u00f1os, ya que adem\u00e1s, el d\u00eda m\u00e1s fuerte, es <strong>festivo nacional<\/strong> y tenemos opci\u00f3n a poder acudir para disfrutarla \ud83c\udf8a<\/p>\n<!-- \/wp:paragraph --><!-- wp:paragraph -->\n<p>\u00a0<\/p>\n<!-- \/wp:paragraph --><!-- wp:paragraph -->\n<p><strong>\u00a1Se dice que no has estado en unas buenas fiestas si no has estado en las Fiestas del Pilar!<\/strong><\/p>\n<!-- \/wp:paragraph --><!-- wp:paragraph -->\n<p>\u00a0<\/p>\n<!-- \/wp:paragraph --><!-- wp:paragraph -->\n<p>La <strong>capital del Ebro<\/strong> se convierte en el escenario de m\u00e1s de medio millar de actos culturales y l\u00fadicos y lo mejor de ello es que, la mayor\u00eda de ellos, son gratuitos \ud83e\udd11<\/p>\n<!-- \/wp:paragraph --><!-- wp:paragraph -->\n<p>\u00a0<\/p>\n<!-- \/wp:paragraph --><!-- wp:paragraph -->\n<p><strong>La Plaza del Pilar<\/strong> se llena de conciertos durante las semanas de celebraci\u00f3n y tambi\u00e9n encontrar\u00e1s un escenario reservado para el<strong> folklore aragon\u00e9s.<\/strong><\/p>\n<!-- \/wp:paragraph --><!-- wp:paragraph -->\n<p>\u00a0<\/p>\n<!-- \/wp:paragraph --><!-- wp:image {\"align\":\"center\"} -->\n<figure class=\"wp-block-image aligncenter\"><img decoding=\"async\" src=\"https:\/\/lh7-us.googleusercontent.com\/TIHjVdo0QHxJbxG1bGtVS_GK4iZHvowDTjb_2khurTg1w9XGXuOlstxVkTFUhSPDMe2SsdGCS-o9Ywcz1_IlKoxepYVFMGakXPerFWieBAGl2r0-90P2wc0DHkVjzPufgFZowYOSfibcZZ8ctwlyDFU\" alt=\"\" \/>\n<figcaption class=\"wp-element-caption\">Un escenario gigante se planta en medio de la Plaza del Pilar<\/figcaption>\n<\/figure>\n<!-- \/wp:image --><!-- wp:paragraph -->\n<p>\u00a0<\/p>\n<!-- \/wp:paragraph --><!-- wp:paragraph -->\n<p>Cada a\u00f1o se cambia el programa, excepto la <strong>Ofrenda de Flores del 12 de octubre<\/strong> \ud83d\udc90 que empieza a primera hora de la ma\u00f1ana \u23f0 y los ciudadanos aragoneses acuden con su traje regional ante la Virgen del Pilar, la patrona de la ciudad de Zaragoza, para depositar millones de flores \ud83c\udf37<\/p>\n<!-- \/wp:paragraph --><!-- wp:paragraph -->\n<p>\u00a0<\/p>\n<!-- \/wp:paragraph --><!-- wp:image {\"align\":\"center\"} -->\n<figure class=\"wp-block-image aligncenter\"><img decoding=\"async\" src=\"https:\/\/lh7-us.googleusercontent.com\/Ysz-vNLl6u1L6oc9UzLBQdUG4J-y5hlQ6mp1pfoeh3oKPlyhYjq5EuQvfAznQeY8hTfIHeYsHCdPiDnBpkQvBFx6NXVOGtFzPRsJS2q8mdWbvlBZiQZQeyITDM4VAwFZOXG3fW0K5EQcnbgtfnetYv4\" alt=\"\" \/>\n<figcaption class=\"wp-element-caption\">\u00a1La imagen que deja es preciosa! \ud83c\udf38<\/figcaption>\n<\/figure>\n<!-- \/wp:image --><!-- wp:paragraph -->\n<p>\u00a0<\/p>\n<!-- \/wp:paragraph --><!-- wp:paragraph -->\n<p>El broche final es el espect\u00e1culo pirot\u00e9cnico de fuegos artificiales, que deja a todos contando los d\u00edas para las fiestas del pr\u00f3ximo a\u00f1o \ud83c\udf86<\/p>\n<!-- \/wp:paragraph --><!-- wp:paragraph -->\n<p>\u00a0<\/p>\n<!-- \/wp:paragraph --><!-- wp:paragraph -->\n<p>\ud83d\udcc5 Se celebra del 10 al 18 de octubre de 2026.<\/p>\n<!-- \/wp:paragraph --><!-- wp:paragraph -->\n<p>\u00a0<\/p>\n<!-- \/wp:paragraph --><!-- wp:paragraph -->\n<p>\u00a0<\/p>\n<!-- \/wp:paragraph --><!-- wp:paragraph -->\n<p>\u00a0<\/p>\n<!-- \/wp:paragraph --><!-- wp:button {\"backgroundColor\":\"vivid-red\",\"className\":\"aligncenter\",\"style\":{\"color\":{\"text\":\"#ffffff\"}}} -->\n<div class=\"wp-block-button aligncenter\"><a class=\"wp-block-button__link has-vivid-red-background-color has-text-color has-background wp-element-button\" style=\"color: #ffffff;\" href=\"https:\/\/www.buscounchollo.com\" target=\"_blank\" rel=\"noopener\">Ver chollos <\/a><\/div>\n<!-- \/wp:button --><!-- wp:paragraph -->\n<p>\u00a0<\/p>\n<!-- \/wp:paragraph --><!-- wp:paragraph -->\n<p>\u00a0<\/p>\n<!-- \/wp:paragraph --><!-- wp:paragraph -->\n<p>\u00a0<\/p>\n<!-- \/wp:paragraph --><!-- wp:paragraph -->\n<p><strong>Y hasta aqu\u00ed por el momento, \u00a1pero tenemos muchas m\u00e1s por contaros! \ud83c\udf89\u00a0<\/strong><\/p>\n<!-- \/wp:paragraph --><!-- wp:paragraph -->\n<p>\u00a0<\/p>\n<!-- \/wp:paragraph --><!-- wp:paragraph -->\n<p><strong>Espa\u00f1a est\u00e1 llena de festividades sorprendentes con la historia y tradici\u00f3n de cada una de las comunidades \u2763\ufe0f\u00a0<\/strong><\/p>\n<!-- \/wp:paragraph --><!-- wp:paragraph -->\n<p>\u00a0<\/p>\n<!-- \/wp:paragraph --><!-- wp:paragraph -->\n<p><strong>Hay que vivirlas al menos una vez en la vida \u2728<\/strong><\/p>\n<!-- \/wp:paragraph --><!-- wp:paragraph -->\n<p>\u00a0<\/p>\n<!-- \/wp:paragraph --><!-- wp:paragraph -->\n<p><strong>\u00bfTe apuntas a este viaje?\u00a0<\/strong><\/p>\n<!-- \/wp:paragraph --><!-- wp:paragraph -->\n<p>\u00a0<\/p>\n<!-- \/wp:paragraph --><!-- wp:button {\"backgroundColor\":\"vivid-red\",\"className\":\"aligncenter\",\"style\":{\"color\":{\"text\":\"#ffffff\"}}} -->\n<div class=\"wp-block-button aligncenter\"><a class=\"wp-block-button__link has-vivid-red-background-color has-text-color has-background wp-element-button\" style=\"color: #ffffff;\" href=\"https:\/\/www.buscounchollo.com\/\">\u00a1Reserva ya mismo!<\/a><\/div>\n<!-- \/wp:button --><!-- wp:paragraph -->\n<p>\u00a0<\/p>\n<!-- \/wp:paragraph --><!-- wp:image {\"id\":17486,\"linkDestination\":\"custom\",\"align\":\"center\"} -->\n<figure class=\"wp-block-image aligncenter\"><img loading=\"lazy\" decoding=\"async\" class=\"alignnone wp-image-22061 size-medium\" src=\"https:\/\/www.buscounchollo.com\/blog\/app\/uploads\/2025\/09\/Img-final-Blog-BUC-1-300x213.png\" alt=\"\" width=\"300\" height=\"213\" srcset=\"https:\/\/www.buscounchollo.com\/blog\/app\/uploads\/2025\/09\/Img-final-Blog-BUC-1-300x213.png 300w, https:\/\/www.buscounchollo.com\/blog\/app\/uploads\/2025\/09\/Img-final-Blog-BUC-1-1024x726.png 1024w, https:\/\/www.buscounchollo.com\/blog\/app\/uploads\/2025\/09\/Img-final-Blog-BUC-1-768x545.png 768w, https:\/\/www.buscounchollo.com\/blog\/app\/uploads\/2025\/09\/Img-final-Blog-BUC-1-1536x1090.png 1536w, https:\/\/www.buscounchollo.com\/blog\/app\/uploads\/2025\/09\/Img-final-Blog-BUC-1.png 1748w\" sizes=\"(max-width: 300px) 100vw, 300px\" \/><\/figure>\n<!-- \/wp:image --><!-- wp:paragraph -->\n<p>\u00a0<\/p>\n<!-- \/wp:paragraph --><\/div>\n\t\t\t\t<\/div>\n\t\t\t\t<\/div>\n\t\t\t\t\t\t<\/div>\n\t\t\t\t\t<\/div>\n\t\t<\/div>\n\t\t\t\t\t\t\t\t<\/div>\n\t\t\t\t\t<\/div>\n\t\t<\/section>\n\t\t\t\t\t\t<\/div>\n\t\t\t\t\t\t<\/div>\n\t\t\t\t\t<\/div>\n\t\t","protected":false},"excerpt":{"rendered":"<p>Contenido1 Febrero: el mes con m\u00e1s marcha de todo el a\u00f1o con 2 Carnavales imperdibles1.1 El arte resalta una vez m\u00e1s en el sur con el Carnaval de C\u00e1diz1.2 Descubre la capital europea del Carnaval en Tenerife2 Marzo, un mes destacado por el arte y la s\u00e1tira de Las Fallas3 El mes de abril se&#8230;<\/p>\n","protected":false},"author":7,"featured_media":17489,"comment_status":"open","ping_status":"open","sticky":false,"template":"","format":"standard","meta":{"footnotes":""},"categories":[21],"tags":[2110,2111,2112,268,1811,2113,1812,1813],"class_list":["post-17479","post","type-post","status-publish","format-standard","has-post-thumbnail","hentry","category-curiosidades","tag-carnaval2025","tag-calendario-2025","tag-calendario-festividades-2025","tag-curiosidades","tag-festividades","tag-festividades-espana-2025","tag-fiestas-locales","tag-fiestas-locales-espana"],"yoast_head":"<!-- This site is optimized with the Yoast SEO plugin v23.1 - https:\/\/yoast.com\/wordpress\/plugins\/seo\/ -->\n<title>Las fiestas m\u00e1s famosas de Espa\u00f1a que no te puedes perder 2026<\/title>\n<meta name=\"description\" content=\"Calendario de fiestas y eventos en Espa\u00f1a en 2026: ferias, festivales, festivos nacionales y celebraciones populares por meses.\" \/>\n<meta name=\"robots\" content=\"index, follow, max-snippet:-1, max-image-preview:large, max-video-preview:-1\" \/>\n<link rel=\"canonical\" href=\"https:\/\/www.buscounchollo.com\/blog\/fiestas-fechas-eventos-espana-2026\/\" \/>\n<meta property=\"og:locale\" content=\"en_US\" \/>\n<meta property=\"og:type\" content=\"article\" \/>\n<meta property=\"og:title\" content=\"Las fiestas m\u00e1s famosas de Espa\u00f1a que no te puedes perder 2026\" \/>\n<meta property=\"og:description\" content=\"Calendario de fiestas y eventos en Espa\u00f1a en 2026: ferias, festivales, festivos nacionales y celebraciones populares por meses.\" \/>\n<meta property=\"og:url\" content=\"https:\/\/www.buscounchollo.com\/blog\/fiestas-fechas-eventos-espana-2026\/\" \/>\n<meta property=\"og:site_name\" content=\"BuscoUnChollo Blog\" \/>\n<meta property=\"article:published_time\" content=\"2026-01-15T17:57:16+00:00\" \/>\n<meta property=\"article:modified_time\" content=\"2026-01-15T18:01:33+00:00\" \/>\n<meta property=\"og:image\" content=\"https:\/\/www.buscounchollo.com\/blog\/app\/uploads\/2024\/02\/Portada-Blog-1.jpg\" \/>\n\t<meta property=\"og:image:width\" content=\"391\" \/>\n\t<meta property=\"og:image:height\" content=\"293\" \/>\n\t<meta property=\"og:image:type\" content=\"image\/jpeg\" \/>\n<meta name=\"author\" content=\"Buscounchollo.com\" \/>\n<meta name=\"twitter:card\" content=\"summary_large_image\" \/>\n<meta name=\"twitter:label1\" content=\"Written by\" \/>\n\t<meta name=\"twitter:data1\" content=\"Buscounchollo.com\" \/>\n\t<meta name=\"twitter:label2\" content=\"Est. reading time\" \/>\n\t<meta name=\"twitter:data2\" content=\"12 minutes\" \/>\n<script type=\"application\/ld+json\" class=\"yoast-schema-graph\">{\"@context\":\"https:\/\/schema.org\",\"@graph\":[{\"@type\":\"Article\",\"@id\":\"https:\/\/www.buscounchollo.com\/blog\/fiestas-fechas-eventos-espana-2026\/#article\",\"isPartOf\":{\"@id\":\"https:\/\/www.buscounchollo.com\/blog\/fiestas-fechas-eventos-espana-2026\/\"},\"author\":{\"name\":\"Buscounchollo.com\",\"@id\":\"https:\/\/www.buscounchollo.com\/blog\/#\/schema\/person\/ff663f524a15142a60f2c66b0b7ec943\"},\"headline\":\"Las fiestas m\u00e1s famosas de Espa\u00f1a que no te puedes perder: Calendario 2026\",\"datePublished\":\"2026-01-15T17:57:16+00:00\",\"dateModified\":\"2026-01-15T18:01:33+00:00\",\"mainEntityOfPage\":{\"@id\":\"https:\/\/www.buscounchollo.com\/blog\/fiestas-fechas-eventos-espana-2026\/\"},\"wordCount\":1908,\"commentCount\":0,\"publisher\":{\"@id\":\"https:\/\/www.buscounchollo.com\/blog\/#organization\"},\"image\":{\"@id\":\"https:\/\/www.buscounchollo.com\/blog\/fiestas-fechas-eventos-espana-2026\/#primaryimage\"},\"thumbnailUrl\":\"https:\/\/www.buscounchollo.com\/blog\/app\/uploads\/2024\/02\/Portada-Blog-1.jpg\",\"keywords\":[\"#Carnaval2025\",\"Calendario 2025\",\"Calendario festividades 2025\",\"curiosidades\",\"festividades\",\"Festividades Espa\u00f1a 2025\",\"fiestas locales\",\"fiestas locales Espa\u00f1a\"],\"articleSection\":[\"Curiosidades\"],\"inLanguage\":\"en-US\",\"potentialAction\":[{\"@type\":\"CommentAction\",\"name\":\"Comment\",\"target\":[\"https:\/\/www.buscounchollo.com\/blog\/fiestas-fechas-eventos-espana-2026\/#respond\"]}]},{\"@type\":\"WebPage\",\"@id\":\"https:\/\/www.buscounchollo.com\/blog\/fiestas-fechas-eventos-espana-2026\/\",\"url\":\"https:\/\/www.buscounchollo.com\/blog\/fiestas-fechas-eventos-espana-2026\/\",\"name\":\"Las fiestas m\u00e1s famosas de Espa\u00f1a que no te puedes perder 2026\",\"isPartOf\":{\"@id\":\"https:\/\/www.buscounchollo.com\/blog\/#website\"},\"primaryImageOfPage\":{\"@id\":\"https:\/\/www.buscounchollo.com\/blog\/fiestas-fechas-eventos-espana-2026\/#primaryimage\"},\"image\":{\"@id\":\"https:\/\/www.buscounchollo.com\/blog\/fiestas-fechas-eventos-espana-2026\/#primaryimage\"},\"thumbnailUrl\":\"https:\/\/www.buscounchollo.com\/blog\/app\/uploads\/2024\/02\/Portada-Blog-1.jpg\",\"datePublished\":\"2026-01-15T17:57:16+00:00\",\"dateModified\":\"2026-01-15T18:01:33+00:00\",\"description\":\"Calendario de fiestas y eventos en Espa\u00f1a en 2026: ferias, festivales, festivos nacionales y celebraciones populares por meses.\",\"breadcrumb\":{\"@id\":\"https:\/\/www.buscounchollo.com\/blog\/fiestas-fechas-eventos-espana-2026\/#breadcrumb\"},\"inLanguage\":\"en-US\",\"potentialAction\":[{\"@type\":\"ReadAction\",\"target\":[\"https:\/\/www.buscounchollo.com\/blog\/fiestas-fechas-eventos-espana-2026\/\"]}]},{\"@type\":\"ImageObject\",\"inLanguage\":\"en-US\",\"@id\":\"https:\/\/www.buscounchollo.com\/blog\/fiestas-fechas-eventos-espana-2026\/#primaryimage\",\"url\":\"https:\/\/www.buscounchollo.com\/blog\/app\/uploads\/2024\/02\/Portada-Blog-1.jpg\",\"contentUrl\":\"https:\/\/www.buscounchollo.com\/blog\/app\/uploads\/2024\/02\/Portada-Blog-1.jpg\",\"width\":391,\"height\":293},{\"@type\":\"BreadcrumbList\",\"@id\":\"https:\/\/www.buscounchollo.com\/blog\/fiestas-fechas-eventos-espana-2026\/#breadcrumb\",\"itemListElement\":[{\"@type\":\"ListItem\",\"position\":1,\"name\":\"Home\",\"item\":\"https:\/\/www.buscounchollo.com\/blog\/\"},{\"@type\":\"ListItem\",\"position\":2,\"name\":\"Las fiestas m\u00e1s famosas de Espa\u00f1a que no te puedes perder: Calendario 2026\"}]},{\"@type\":\"WebSite\",\"@id\":\"https:\/\/www.buscounchollo.com\/blog\/#website\",\"url\":\"https:\/\/www.buscounchollo.com\/blog\/\",\"name\":\"BuscoUnChollo Blog\",\"description\":\"Consejos Para Viajar Y Curiosidades\",\"publisher\":{\"@id\":\"https:\/\/www.buscounchollo.com\/blog\/#organization\"},\"potentialAction\":[{\"@type\":\"SearchAction\",\"target\":{\"@type\":\"EntryPoint\",\"urlTemplate\":\"https:\/\/www.buscounchollo.com\/blog\/?s={search_term_string}\"},\"query-input\":\"required name=search_term_string\"}],\"inLanguage\":\"en-US\"},{\"@type\":\"Organization\",\"@id\":\"https:\/\/www.buscounchollo.com\/blog\/#organization\",\"name\":\"BuscoUnChollo Blog\",\"url\":\"https:\/\/www.buscounchollo.com\/blog\/\",\"logo\":{\"@type\":\"ImageObject\",\"inLanguage\":\"en-US\",\"@id\":\"https:\/\/www.buscounchollo.com\/blog\/#\/schema\/logo\/image\/\",\"url\":\"https:\/\/www.buscounchollo.com\/blog\/app\/uploads\/2021\/05\/logo_lg-1.png\",\"contentUrl\":\"https:\/\/www.buscounchollo.com\/blog\/app\/uploads\/2021\/05\/logo_lg-1.png\",\"width\":600,\"height\":185,\"caption\":\"BuscoUnChollo Blog\"},\"image\":{\"@id\":\"https:\/\/www.buscounchollo.com\/blog\/#\/schema\/logo\/image\/\"}},{\"@type\":\"Person\",\"@id\":\"https:\/\/www.buscounchollo.com\/blog\/#\/schema\/person\/ff663f524a15142a60f2c66b0b7ec943\",\"name\":\"Buscounchollo.com\",\"image\":{\"@type\":\"ImageObject\",\"inLanguage\":\"en-US\",\"@id\":\"https:\/\/www.buscounchollo.com\/blog\/#\/schema\/person\/image\/\",\"url\":\"https:\/\/secure.gravatar.com\/avatar\/8f749c37ac2066e447f5a55925cb7eaf?s=96&d=mm&r=g\",\"contentUrl\":\"https:\/\/secure.gravatar.com\/avatar\/8f749c37ac2066e447f5a55925cb7eaf?s=96&d=mm&r=g\",\"caption\":\"Buscounchollo.com\"},\"url\":\"https:\/\/www.buscounchollo.com\/blog\/author\/marketing\/\"}]}<\/script>\n<!-- \/ Yoast SEO plugin. -->","yoast_head_json":{"title":"Las fiestas m\u00e1s famosas de Espa\u00f1a que no te puedes perder 2026","description":"Calendario de fiestas y eventos en Espa\u00f1a en 2026: ferias, festivales, festivos nacionales y celebraciones populares por meses.","robots":{"index":"index","follow":"follow","max-snippet":"max-snippet:-1","max-image-preview":"max-image-preview:large","max-video-preview":"max-video-preview:-1"},"canonical":"https:\/\/www.buscounchollo.com\/blog\/fiestas-fechas-eventos-espana-2026\/","og_locale":"en_US","og_type":"article","og_title":"Las fiestas m\u00e1s famosas de Espa\u00f1a que no te puedes perder 2026","og_description":"Calendario de fiestas y eventos en Espa\u00f1a en 2026: ferias, festivales, festivos nacionales y celebraciones populares por meses.","og_url":"https:\/\/www.buscounchollo.com\/blog\/fiestas-fechas-eventos-espana-2026\/","og_site_name":"BuscoUnChollo Blog","article_published_time":"2026-01-15T17:57:16+00:00","article_modified_time":"2026-01-15T18:01:33+00:00","og_image":[{"width":391,"height":293,"url":"https:\/\/www.buscounchollo.com\/blog\/app\/uploads\/2024\/02\/Portada-Blog-1.jpg","type":"image\/jpeg"}],"author":"Buscounchollo.com","twitter_card":"summary_large_image","twitter_misc":{"Written by":"Buscounchollo.com","Est. reading time":"12 minutes"},"schema":{"@context":"https:\/\/schema.org","@graph":[{"@type":"Article","@id":"https:\/\/www.buscounchollo.com\/blog\/fiestas-fechas-eventos-espana-2026\/#article","isPartOf":{"@id":"https:\/\/www.buscounchollo.com\/blog\/fiestas-fechas-eventos-espana-2026\/"},"author":{"name":"Buscounchollo.com","@id":"https:\/\/www.buscounchollo.com\/blog\/#\/schema\/person\/ff663f524a15142a60f2c66b0b7ec943"},"headline":"Las fiestas m\u00e1s famosas de Espa\u00f1a que no te puedes perder: Calendario 2026","datePublished":"2026-01-15T17:57:16+00:00","dateModified":"2026-01-15T18:01:33+00:00","mainEntityOfPage":{"@id":"https:\/\/www.buscounchollo.com\/blog\/fiestas-fechas-eventos-espana-2026\/"},"wordCount":1908,"commentCount":0,"publisher":{"@id":"https:\/\/www.buscounchollo.com\/blog\/#organization"},"image":{"@id":"https:\/\/www.buscounchollo.com\/blog\/fiestas-fechas-eventos-espana-2026\/#primaryimage"},"thumbnailUrl":"https:\/\/www.buscounchollo.com\/blog\/app\/uploads\/2024\/02\/Portada-Blog-1.jpg","keywords":["#Carnaval2025","Calendario 2025","Calendario festividades 2025","curiosidades","festividades","Festividades Espa\u00f1a 2025","fiestas locales","fiestas locales Espa\u00f1a"],"articleSection":["Curiosidades"],"inLanguage":"en-US","potentialAction":[{"@type":"CommentAction","name":"Comment","target":["https:\/\/www.buscounchollo.com\/blog\/fiestas-fechas-eventos-espana-2026\/#respond"]}]},{"@type":"WebPage","@id":"https:\/\/www.buscounchollo.com\/blog\/fiestas-fechas-eventos-espana-2026\/","url":"https:\/\/www.buscounchollo.com\/blog\/fiestas-fechas-eventos-espana-2026\/","name":"Las fiestas m\u00e1s famosas de Espa\u00f1a que no te puedes perder 2026","isPartOf":{"@id":"https:\/\/www.buscounchollo.com\/blog\/#website"},"primaryImageOfPage":{"@id":"https:\/\/www.buscounchollo.com\/blog\/fiestas-fechas-eventos-espana-2026\/#primaryimage"},"image":{"@id":"https:\/\/www.buscounchollo.com\/blog\/fiestas-fechas-eventos-espana-2026\/#primaryimage"},"thumbnailUrl":"https:\/\/www.buscounchollo.com\/blog\/app\/uploads\/2024\/02\/Portada-Blog-1.jpg","datePublished":"2026-01-15T17:57:16+00:00","dateModified":"2026-01-15T18:01:33+00:00","description":"Calendario de fiestas y eventos en Espa\u00f1a en 2026: ferias, festivales, festivos nacionales y celebraciones populares por meses.","breadcrumb":{"@id":"https:\/\/www.buscounchollo.com\/blog\/fiestas-fechas-eventos-espana-2026\/#breadcrumb"},"inLanguage":"en-US","potentialAction":[{"@type":"ReadAction","target":["https:\/\/www.buscounchollo.com\/blog\/fiestas-fechas-eventos-espana-2026\/"]}]},{"@type":"ImageObject","inLanguage":"en-US","@id":"https:\/\/www.buscounchollo.com\/blog\/fiestas-fechas-eventos-espana-2026\/#primaryimage","url":"https:\/\/www.buscounchollo.com\/blog\/app\/uploads\/2024\/02\/Portada-Blog-1.jpg","contentUrl":"https:\/\/www.buscounchollo.com\/blog\/app\/uploads\/2024\/02\/Portada-Blog-1.jpg","width":391,"height":293},{"@type":"BreadcrumbList","@id":"https:\/\/www.buscounchollo.com\/blog\/fiestas-fechas-eventos-espana-2026\/#breadcrumb","itemListElement":[{"@type":"ListItem","position":1,"name":"Home","item":"https:\/\/www.buscounchollo.com\/blog\/"},{"@type":"ListItem","position":2,"name":"Las fiestas m\u00e1s famosas de Espa\u00f1a que no te puedes perder: Calendario 2026"}]},{"@type":"WebSite","@id":"https:\/\/www.buscounchollo.com\/blog\/#website","url":"https:\/\/www.buscounchollo.com\/blog\/","name":"BuscoUnChollo Blog","description":"Consejos Para Viajar Y Curiosidades","publisher":{"@id":"https:\/\/www.buscounchollo.com\/blog\/#organization"},"potentialAction":[{"@type":"SearchAction","target":{"@type":"EntryPoint","urlTemplate":"https:\/\/www.buscounchollo.com\/blog\/?s={search_term_string}"},"query-input":"required name=search_term_string"}],"inLanguage":"en-US"},{"@type":"Organization","@id":"https:\/\/www.buscounchollo.com\/blog\/#organization","name":"BuscoUnChollo Blog","url":"https:\/\/www.buscounchollo.com\/blog\/","logo":{"@type":"ImageObject","inLanguage":"en-US","@id":"https:\/\/www.buscounchollo.com\/blog\/#\/schema\/logo\/image\/","url":"https:\/\/www.buscounchollo.com\/blog\/app\/uploads\/2021\/05\/logo_lg-1.png","contentUrl":"https:\/\/www.buscounchollo.com\/blog\/app\/uploads\/2021\/05\/logo_lg-1.png","width":600,"height":185,"caption":"BuscoUnChollo Blog"},"image":{"@id":"https:\/\/www.buscounchollo.com\/blog\/#\/schema\/logo\/image\/"}},{"@type":"Person","@id":"https:\/\/www.buscounchollo.com\/blog\/#\/schema\/person\/ff663f524a15142a60f2c66b0b7ec943","name":"Buscounchollo.com","image":{"@type":"ImageObject","inLanguage":"en-US","@id":"https:\/\/www.buscounchollo.com\/blog\/#\/schema\/person\/image\/","url":"https:\/\/secure.gravatar.com\/avatar\/8f749c37ac2066e447f5a55925cb7eaf?s=96&d=mm&r=g","contentUrl":"https:\/\/secure.gravatar.com\/avatar\/8f749c37ac2066e447f5a55925cb7eaf?s=96&d=mm&r=g","caption":"Buscounchollo.com"},"url":"https:\/\/www.buscounchollo.com\/blog\/author\/marketing\/"}]}},"_links":{"self":[{"href":"https:\/\/www.buscounchollo.com\/blog\/wp-json\/wp\/v2\/posts\/17479"}],"collection":[{"href":"https:\/\/www.buscounchollo.com\/blog\/wp-json\/wp\/v2\/posts"}],"about":[{"href":"https:\/\/www.buscounchollo.com\/blog\/wp-json\/wp\/v2\/types\/post"}],"author":[{"embeddable":true,"href":"https:\/\/www.buscounchollo.com\/blog\/wp-json\/wp\/v2\/users\/7"}],"replies":[{"embeddable":true,"href":"https:\/\/www.buscounchollo.com\/blog\/wp-json\/wp\/v2\/comments?post=17479"}],"version-history":[{"count":14,"href":"https:\/\/www.buscounchollo.com\/blog\/wp-json\/wp\/v2\/posts\/17479\/revisions"}],"predecessor-version":[{"id":22385,"href":"https:\/\/www.buscounchollo.com\/blog\/wp-json\/wp\/v2\/posts\/17479\/revisions\/22385"}],"wp:featuredmedia":[{"embeddable":true,"href":"https:\/\/www.buscounchollo.com\/blog\/wp-json\/wp\/v2\/media\/17489"}],"wp:attachment":[{"href":"https:\/\/www.buscounchollo.com\/blog\/wp-json\/wp\/v2\/media?parent=17479"}],"wp:term":[{"taxonomy":"category","embeddable":true,"href":"https:\/\/www.buscounchollo.com\/blog\/wp-json\/wp\/v2\/categories?post=17479"},{"taxonomy":"post_tag","embeddable":true,"href":"https:\/\/www.buscounchollo.com\/blog\/wp-json\/wp\/v2\/tags?post=17479"}],"curies":[{"name":"wp","href":"https:\/\/api.w.org\/{rel}","templated":true}]}}