{"id":17756,"date":"2024-03-14T12:19:21","date_gmt":"2024-03-14T11:19:21","guid":{"rendered":"https:\/\/www.buscounchollo.com\/blog\/?p=17756"},"modified":"2024-05-10T10:08:14","modified_gmt":"2024-05-10T08:08:14","slug":"las-ferias-mas-famosas-de-andalucia-cuales-son-y-cuando-se-celebran","status":"publish","type":"post","link":"https:\/\/www.buscounchollo.com\/blog\/las-ferias-mas-famosas-de-andalucia-cuales-son-y-cuando-se-celebran\/","title":{"rendered":"Las ferias m\u00e1s famosas de Andaluc\u00eda: desde la m\u00e1s m\u00edtica de Sevilla, hasta la m\u00e1s larga de todas en M\u00e1laga. \u00bfCu\u00e1les son y cu\u00e1ndo se celebran este 2024?"},"content":{"rendered":"<div id=\"toc_container\" class=\"no_bullets\"><p class=\"toc_title\">Contenido<\/p><ul class=\"toc_list\"><li><a href=\"#La_primera_de_todas_La_Feria_del_Moscatel_de_Chipiona\"><span class=\"toc_number toc_depth_1\">1<\/span> La primera de todas: La Feria del Moscatel de Chipiona<\/a><\/li><li><a href=\"#La_Feria_de_Abril_la_mas_internacional_y_famosa\"><span class=\"toc_number toc_depth_1\">2<\/span> La Feria de Abril, la m\u00e1s internacional y famosa <\/a><\/li><li><a href=\"#El_mundo_del_caballo_en_la_Feria_de_Jerez\"><span class=\"toc_number toc_depth_1\">3<\/span> El mundo del caballo en la Feria de Jerez<\/a><\/li><li><a href=\"#La_Feria_de_Cordoba_una_de_las_mas_antiguas_de_Andalucia\"><span class=\"toc_number toc_depth_1\">4<\/span> La Feria de C\u00f3rdoba, una de las m\u00e1s antiguas de Andaluc\u00eda<\/a><\/li><li><a href=\"#Descubre_el_gran_encanto_de_la_Feria_de_Granada\"><span class=\"toc_number toc_depth_1\">5<\/span> Descubre el gran encanto de la Feria de Granada<\/a><\/li><li><a href=\"#La_Feria_mas_famosa_de_la_Costa_del_Sol_esta_en_Marbella\"><span class=\"toc_number toc_depth_1\">6<\/span> La Feria m\u00e1s famosa de la Costa del Sol est\u00e1 en Marbella<\/a><\/li><li><a href=\"#La_Feria_de_Huelva_tuvo_la_portada_mas_grande_de_la_historia\"><span class=\"toc_number toc_depth_1\">7<\/span> La Feria de Huelva, tuvo la portada m\u00e1s grande de la historia<\/a><\/li><li><a href=\"#La_impresionante_Feria_de_Malaga_tambien_conocida_como_la_Feria_de_Agosto\"><span class=\"toc_number toc_depth_1\">8<\/span> La impresionante Feria de M\u00e1laga, tambi\u00e9n conocida como la Feria de Agosto<\/a><\/li><\/ul><\/div>\n\n<p>A finales de marzo <strong>empieza la primavera<\/strong> \ud83c\udf38 y con ella, la fiesta m\u00e1s famosa de la Comunidad de Andaluc\u00eda: <strong>las ferias.<\/strong><\/p>\n\n\n\n<p><\/p>\n\n\n\n<p>Antiguamente eran ferias de ganado que se celebraban cuando<strong> terminaba la temporada de cosecha o de pesca<\/strong>. Estas costumbres todav\u00eda se ven reflejadas con la presencia de <strong>caballos y enganches<\/strong>\ud83d\udc34<\/p>\n\n\n\n<p><\/p>\n\n\n\n<p>\n\nEn Andaluc\u00eda, <strong>no han salido una que ya se meten en otra<\/strong>. Justo despu\u00e9s de la, tambi\u00e9n muy famosa en la zona, <a href=\"https:\/\/www.buscounchollo.com\/fechas-destacadas\/semana-santa\/93\/\">Semana Santa<\/a>, tiene el estreno de sus famosas ferias.\n\n<\/p>\n\n\n\n<p><\/p>\n\n\n\n<p>\u00a1Saca el traje, que nos vamos para la Feria! \ud83d\udc83<\/p>\n\n\n\n<p><\/p>\n\n\n\n<div class=\"wp-block-image\"><figure class=\"aligncenter\"><img loading=\"lazy\" decoding=\"async\" width=\"3264\" height=\"3264\" src=\"https:\/\/www.buscounchollo.com\/blog\/app\/uploads\/2024\/03\/fotos-equipo-feria-1.jpg\" alt=\"\" class=\"wp-image-17757\"\/><figcaption> <em>\u00a1Parte del equipo de BuscoUnChollo, cuando eran peques, vestidos con traje de gitana! \ud83d\udc83<\/em><\/figcaption><\/figure><\/div>\n\n\n\n<p><\/p>\n\n\n\n<h2 class=\"wp-block-heading\"><span id=\"La_primera_de_todas_La_Feria_del_Moscatel_de_Chipiona\">La primera de todas: La Feria del Moscatel de Chipiona<\/span><\/h2>\n\n\n\n<p><\/p>\n\n\n\n<p>A\u00f1os atr\u00e1s, la primera feria en celebrarse era la<strong> m\u00e1s antigua de todas <\/strong>\u27a1\ufe0f la Feria de Mairena de Alcor, en Sevilla, pero esta famosa feria de C\u00e1diz tuvo un cambio de fechas y se <strong>coloc\u00f3 en primer puesto <\/strong>\ud83e\udd47<\/p>\n\n\n\n<p><\/p>\n\n\n\n<p>\ud83d\udcc6 \u00a1Este a\u00f1o, la Feria del Moscatel de Chipiona tendr\u00e1 1 d\u00eda m\u00e1s! <strong>Celebr\u00e1ndose del 3 al 7 de abril de 2024.<\/strong><\/p>\n\n\n\n<p><\/p>\n\n\n\n<div class=\"wp-block-image\"><figure class=\"aligncenter\"><img loading=\"lazy\" decoding=\"async\" width=\"960\" height=\"540\" src=\"https:\/\/www.buscounchollo.com\/blog\/app\/uploads\/2024\/03\/feria-del-moscatel-de-chipiona.jpg\" alt=\"\" class=\"wp-image-17760\"\/><figcaption> <em>Del incienso de Semana Santa al Moscatel de la Feria de Chipiona<\/em><\/figcaption><\/figure><\/div>\n\n\n\n<p><\/p>\n\n\n\n<p>Ser\u00e1 su tercera edici\u00f3n y habr\u00e1 un total de<strong> 21 casetas<\/strong> distribuidas por la avenida de la Constituci\u00f3n y la caseta municipal tendr\u00e1 hasta 900\u202fm de largo \ud83c\udf8a<\/p>\n\n\n\n<p><\/p>\n\n\n\n<p><\/p>\n\n\n\n<h2 class=\"wp-block-heading\"><span id=\"La_Feria_de_Abril_la_mas_internacional_y_famosa\">La Feria de Abril, la m\u00e1s internacional y famosa <\/span><\/h2>\n\n\n\n<p><\/p>\n\n\n\n<p>La <strong>Feria de Sevilla<\/strong> es una de las fiestas m\u00e1s populares y del mundo, en la que disfrutar\u00e1s a <strong>ritmo de abanico<\/strong> \ud83e\udead<\/p>\n\n\n\n<p><\/p>\n\n\n\n<p>\ud83d\udcc6 Cada a\u00f1o tiene lugar el <strong>segundo domingo despu\u00e9s de Semana Santa<\/strong>, y este 2024 se celebra del 14 al 20 de abril.<\/p>\n\n\n\n<p><\/p>\n\n\n\n<p>Aun as\u00ed, todos los feriantes se re\u00fanen para inaugurarla con la llamada \u201c<strong>La cena de pesca\u00edto<\/strong>\u201d del s\u00e1bado 13 por la noche.<\/p>\n\n\n\n<p><\/p>\n\n\n\n<div class=\"wp-block-image\"><figure class=\"aligncenter\"><img loading=\"lazy\" decoding=\"async\" width=\"500\" height=\"299\" src=\"https:\/\/www.buscounchollo.com\/blog\/app\/uploads\/2024\/03\/feria-de-abril.jpg\" alt=\"\" class=\"wp-image-17764\"\/><figcaption> <em>La portada de la Feria de Sevilla de 2023, inspirada en la Plaza de Espa\u00f1a y el Teatro Coliseo<\/em> <\/figcaption><\/figure><\/div>\n\n\n\n<p><\/p>\n\n\n\n<p>Este evento sevillano cuenta ya con <strong>m\u00e1s de 150 a\u00f1os<\/strong> y se sit\u00faa en un espacio acondicionado especialmente, llamado el<strong> Real de la Feria. <\/strong><\/p>\n\n\n\n<p><\/p>\n\n\n\n<p><\/p>\n\n\n\n<p><\/p>\n\n\n\n<h2 class=\"wp-block-heading\"><span id=\"El_mundo_del_caballo_en_la_Feria_de_Jerez\">El mundo del caballo en la Feria de Jerez<\/span><\/h2>\n\n\n\n<p><\/p>\n\n\n\n<p>Aunque en el mes de mayo se celebran m\u00e1s de 20 ferias en Andaluc\u00eda, sin duda destaca de la provincia de C\u00e1diz <strong>La Feria de Jerez,<\/strong> o tambi\u00e9n llamada Feria del Caballo, tiene lugar en el <strong>Parque Gonz\u00e1lez Hontoria<\/strong>, que tiene un ambiente \u00fanico \u2728<\/p>\n\n\n\n<p>\ud83d\udcc6 Si quieres visitarla este 2024, reserva las fechas del 4 al 11 de mayo.<\/p>\n\n\n\n<p>Se le conoce por este nombre <strong>debido al espectacular paseo de caballos\ud83d\udc34<\/strong><\/p>\n\n\n\n<div class=\"wp-block-image\"><figure class=\"aligncenter\"><img loading=\"lazy\" decoding=\"async\" width=\"1766\" height=\"2411\" src=\"https:\/\/www.buscounchollo.com\/blog\/app\/uploads\/2024\/03\/feria-de-jerez-de-la-frontera.jpg\" alt=\"\" class=\"wp-image-17766\"\/><figcaption> <em>\u00a1Tiene una estampa preciosa! \ud83e\udd70<\/em><\/figcaption><\/figure><\/div>\n\n\n\n<p>La feria de La Costa de la Luz fue declarada de <strong>Inter\u00e9s Tur\u00edstico Internacional <\/strong>y dentro de sus casetas, podr\u00e1s respirar el ambiente de la fiesta \ud83e\udd73<\/p>\n\n\n\n<p><\/p>\n\n\n\n<div class=\"wp-block-button aligncenter\"><a class=\"wp-block-button__link has-text-color has-background has-vivid-red-background-color\" href=\"https:\/\/www.buscounchollo.com\/costas\/costa-luz\/113\/\" style=\"color:#ffffff\">Ver ofertas en Costa de la Luz<\/a><\/div>\n\n\n\n<p><\/p>\n\n\n\n<h2 class=\"wp-block-heading\"><span id=\"La_Feria_de_Cordoba_una_de_las_mas_antiguas_de_Andalucia\">La Feria de C\u00f3rdoba, una de las m\u00e1s antiguas de Andaluc\u00eda<\/span><\/h2>\n\n\n\n<p><\/p>\n\n\n\n<p><strong>La Feria de mayo de C\u00f3rdoba<\/strong>, tambi\u00e9n llamada <strong>Feria de Nuestra Se\u00f1ora de la Salud<\/strong>, es una de las <strong>m\u00e1s largas de Espa\u00f1a<\/strong>, con una duraci\u00f3n de casi <strong>10 d\u00edas <\/strong>\ud83d\ude4a<\/p>\n\n\n\n<p><\/p>\n\n\n\n<p>\ud83d\udcc6 En este 2024 se celebra del 18 al 25 de mayo.<\/p>\n\n\n\n<p><\/p>\n\n\n\n<p>En el <strong>recinto del Arenal<\/strong>, y un aspecto que la destaca son sus casetas, ya que son <strong>p\u00fablicas la mayor parte del tiempo<\/strong>, lo que hace que la fiesta sea <strong>m\u00e1s divertida <\/strong>y puedan entrar los visitantes.<\/p>\n\n\n\n<p><\/p>\n\n\n\n<div class=\"wp-block-image\"><figure class=\"aligncenter\"><img loading=\"lazy\" decoding=\"async\" width=\"500\" height=\"333\" src=\"https:\/\/www.buscounchollo.com\/blog\/app\/uploads\/2024\/03\/AdobeStock_456371317.jpeg\" alt=\"\" class=\"wp-image-17769\"\/><figcaption> <em>\u00a1La portada est\u00e1 inspirada en la Mezquita de C\u00f3rdoba!<\/em><br><br> <\/figcaption><\/figure><\/div>\n\n\n\n<p><\/p>\n\n\n\n<p>\u00a1No puedes irte sin probar <em><strong>el rebujito<\/strong><\/em>! \ud83c\udf79 Es la bebida <strong>m\u00e1s popular de la feria<\/strong> y en sus ingredientes lleva: el vino Montilla-Moriles, refresco de lima o gaseosa, hierbabuena y mucho, mucho hielo \ud83e\uddca<\/p>\n\n\n\n<p><\/p>\n\n\n\n<h2 class=\"wp-block-heading\"><span id=\"Descubre_el_gran_encanto_de_la_Feria_de_Granada\">Descubre el gran encanto de la Feria de Granada<\/span><\/h2>\n\n\n\n<p><\/p>\n\n\n\n<p>En la <strong>Feria de Granada<\/strong>, las casetas tambi\u00e9n son de <strong>acceso libre<\/strong>, a diferencia de las de Sevilla, ideal para disfrutar del ambiente, de los concursos de tapas y platos t\u00edpicos de la gastronom\u00eda granadina \ud83d\ude0b <\/p>\n\n\n\n<p><\/p>\n\n\n\n<p>\ud83d\udcc6 Las fechas de celebraci\u00f3n de la <strong>localidad nazar\u00ed<\/strong> tienen lugar el s\u00e1bado anterior al jueves de Corpus Christi, siendo este 2024 en las fechas del <strong>25 de mayo al 1 de junio.<\/strong><\/p>\n\n\n\n<p><\/p>\n\n\n\n<div class=\"wp-block-image\"><figure class=\"aligncenter\"><img loading=\"lazy\" decoding=\"async\" width=\"3459\" height=\"2075\" src=\"https:\/\/www.buscounchollo.com\/blog\/app\/uploads\/2024\/03\/feria-de-granada.jpg\" alt=\"\" class=\"wp-image-17772\"\/><figcaption> <em>La portada representa la Puerta de las Granadas, el espacio de acceso a la Alhambra \ud83d\udc96<\/em><br><br> <\/figcaption><\/figure><\/div>\n\n\n\n<p><\/p>\n\n\n\n<p>Cabe destacar que el jueves de <strong>feria es el d\u00eda m\u00e1s importante de la semana <\/strong>\ud83d\udcaf ya que sale a las calles la <strong>procesi\u00f3n del Corpus<\/strong>.<\/p>\n\n\n\n<p><\/p>\n\n\n\n<p>Esa misma ma\u00f1ana las calles amanecen llenas de hierbas que traen desde la Vega \ud83c\udf31<\/p>\n\n\n\n<p><\/p>\n\n\n\n<h2 class=\"wp-block-heading\"><span id=\"La_Feria_mas_famosa_de_la_Costa_del_Sol_esta_en_Marbella\">La Feria m\u00e1s famosa de la Costa del Sol est\u00e1 en Marbella<\/span><\/h2>\n\n\n\n<p><\/p>\n\n\n\n<p>Los marbell\u00edes esperan todo el a\u00f1o a la <strong>Feria de San Bernab\u00e9<\/strong>, la fiesta m\u00e1s famosa de su localidad.<\/p>\n\n\n\n<p><\/p>\n\n\n\n<p>\ud83d\udcc6Actualmente, tiene lugar en el barrio de Las Abarizas en las fechas del 5 al 11 de junio de 2024.<\/p>\n\n\n\n<p><\/p>\n\n\n\n<p>En Marbella tienen su <strong>propia previa a la feria<\/strong>, la <strong>Romer\u00eda de San Bernab\u00e9<\/strong>, que se celebra justo unos d\u00edas antes.<\/p>\n\n\n\n<p><\/p>\n\n\n\n<div class=\"wp-block-image\"><figure class=\"aligncenter\"><img loading=\"lazy\" decoding=\"async\" width=\"4132\" height=\"2479\" src=\"https:\/\/www.buscounchollo.com\/blog\/app\/uploads\/2024\/03\/traje-de-gitana.jpg\" alt=\"\" class=\"wp-image-17775\"\/><\/figure><\/div>\n\n\n\n<p><\/p>\n\n\n\n<div class=\"wp-block-button aligncenter\"><a class=\"wp-block-button__link has-text-color has-background has-vivid-red-background-color\" href=\"https:\/\/www.buscounchollo.com\/costas\/costa-del-sol\/112\/\" style=\"color:#ffffff\">Ofertas en la Costa del Sol<\/a><\/div>\n\n\n\n<p><\/p>\n\n\n\n<p>Da por comenzada el d\u00eda en el que <strong>instalan el arco de la feria<\/strong> en la entrada del Recinto Ferial, que da<strong> pistoletazo de salida<\/strong> para la apertura de las casetas y el inicio de conciertos, fuegos artificiales y mucho m\u00e1s. <\/p>\n\n\n\n<p><\/p>\n\n\n\n<h2 class=\"wp-block-heading\"><span id=\"La_Feria_de_Huelva_tuvo_la_portada_mas_grande_de_la_historia\">La Feria de Huelva, tuvo la portada m\u00e1s grande de la historia<\/span><\/h2>\n\n\n\n<p>Tambi\u00e9n llamadas las<strong> Fiestas Colombinas<\/strong>, la <strong>Feria de Huelva<\/strong> conmemora el d\u00eda en el que <strong>Crist\u00f3bal Col\u00f3n <\/strong>parti\u00f3 desde Palos de la Frontera con la Nila, la Pinta y la Santamar\u00eda.<\/p>\n\n\n\n<p><br> \ud83d\udcc6 Tienen lugar del 29 de julio al 4 de agosto. <\/p>\n\n\n\n<p><\/p>\n\n\n\n<p>Son declaradas<strong> fiestas de Inter\u00e9s Tur\u00edstico en Andaluc\u00ed<\/strong>a, y se han ido celebrando desde 1882. <\/p>\n\n\n\n<p><\/p>\n\n\n\n<div class=\"wp-block-image\"><figure class=\"aligncenter\"><img loading=\"lazy\" decoding=\"async\" width=\"500\" height=\"339\" src=\"https:\/\/www.buscounchollo.com\/blog\/app\/uploads\/2024\/03\/AdobeStock_520778499_Editorial_Use_Only.jpeg\" alt=\"\" class=\"wp-image-17777\"\/><figcaption>La portada de 2022 fue la m\u00e1s grande de la historia y est\u00e1 dedicada al Reino Unido<\/figcaption><\/figure><\/div>\n\n\n\n<p><\/p>\n\n\n\n<p><strong>El descubrimiento de Am\u00e9rica es el acontecimiento hist\u00f3rico que marca estas fiestas.<\/strong><\/p>\n\n\n\n<p><\/p>\n\n\n\n<p>Corridas de toro, una gran variedad de espect\u00e1culos programados y otras competiciones deportivas <strong>no pueden faltar en la gran fiesta de Huelva<\/strong> \ud83c\udf89<\/p>\n\n\n\n<p><\/p>\n\n\n\n<h2 class=\"wp-block-heading\"><span id=\"La_impresionante_Feria_de_Malaga_tambien_conocida_como_la_Feria_de_Agosto\">La impresionante Feria de M\u00e1laga, tambi\u00e9n conocida como la Feria de Agosto<\/span><\/h2>\n\n\n\n<p><\/p>\n\n\n\n<p>Los or\u00edgenes de la<strong> Feria de M\u00e1laga<\/strong> son de acontecimiento <strong>hist\u00f3rico<\/strong>, y se celebra en agosto, porque fue cuando los <strong>Reyes Cat\u00f3licos<\/strong> tomaron la ciudad y devolvieron a los malague\u00f1os la imagen de la patrona de la ciudad:<strong> la Virgen de la Victoria.<\/strong><\/p>\n\n\n\n<p><\/p>\n\n\n\n<p>\ud83d\udcc6 Este a\u00f1o 2024 tendr\u00e1 lugar del 17 al 24 de agosto.<\/p>\n\n\n\n<div class=\"wp-block-image\"><figure class=\"aligncenter\"><img loading=\"lazy\" decoding=\"async\" width=\"3595\" height=\"2157\" src=\"https:\/\/www.buscounchollo.com\/blog\/app\/uploads\/2024\/03\/feria-de-malaga.jpg\" alt=\"\" class=\"wp-image-17779\"\/><figcaption> <em>Los famosos farolillos coloridos de la Feria de M\u00e1laga<\/em><br><\/figcaption><\/figure><\/div>\n\n\n\n<p>Los dos eventos que no puedes perderte esta semana son: la Romer\u00eda a la Iglesia de Santa Mar\u00eda de la Victoria y el desfile hist\u00f3rico, en el que la gente de la ciudad se viste <strong>con trajes de la \u00e9poca de los Reyes Cat\u00f3licos.<\/strong><\/p>\n\n\n\n<p><\/p>\n\n\n\n<div class=\"wp-block-button aligncenter\"><a class=\"wp-block-button__link has-text-color has-background has-vivid-red-background-color\" href=\"https:\/\/www.buscounchollo.com\/ofertas-hoteles\/malaga\/261\/\" style=\"color:#ffffff\">Ver hoteles en la provincia de M\u00e1laga<\/a><\/div>\n\n\n\n<p><\/p>\n\n\n\n<p><strong>Y t\u00fa, \u00bfcu\u00e1ntas ganas tienes de feria? <\/strong>El equipo de Marketing de <strong>BuscoUnChollo.com<\/strong> ten\u00eda tantas que su tem\u00e1tica de carnaval fue la <strong>Feria de Abril <\/strong>\ud83d\udc96 \u00a1Aqu\u00ed puedes verlos suuuuper felices! \ud83e\udead<\/p>\n\n\n\n<p><\/p>\n\n\n\n<div class=\"wp-block-image\"><figure class=\"aligncenter\"><img loading=\"lazy\" decoding=\"async\" width=\"500\" height=\"666\" src=\"https:\/\/www.buscounchollo.com\/blog\/app\/uploads\/2024\/03\/carnaval-feria-de-abril.jpg\" alt=\"\" class=\"wp-image-17780\"\/><\/figure><\/div>\n\n\n\n<p><\/p>\n\n\n\n<div class=\"wp-block-image\"><figure class=\"aligncenter\"><a href=\"https:\/\/www.buscounchollo.com\/?insta\" target=\"_blank\" rel=\"noreferrer noopener\"><img loading=\"lazy\" decoding=\"async\" width=\"600\" height=\"400\" src=\"https:\/\/www.buscounchollo.com\/blog\/app\/uploads\/2024\/03\/blog.png\" alt=\"\" class=\"wp-image-17781\"\/><\/a><\/figure><\/div>\n","protected":false},"excerpt":{"rendered":"<p>Contenido1 La primera de todas: La Feria del Moscatel de Chipiona2 La Feria de Abril, la m\u00e1s internacional y famosa 3 El mundo del caballo en la Feria de Jerez4 La Feria de C\u00f3rdoba, una de las m\u00e1s antiguas de Andaluc\u00eda5 Descubre el gran encanto de la Feria de Granada6 La Feria m\u00e1s famosa de&#8230;<\/p>\n","protected":false},"author":7,"featured_media":17788,"comment_status":"open","ping_status":"open","sticky":false,"template":"","format":"standard","meta":{"footnotes":""},"categories":[1711],"tags":[1845,1847,1849,1848,1846,1843,1844,1850,1851],"class_list":["post-17756","post","type-post","status-publish","format-standard","has-post-thumbnail","hentry","category-viaja-en-el-mejor-momento","tag-feria-de-abril","tag-feria-de-huelva","tag-feria-de-jerez","tag-feria-de-malaga","tag-feria-de-sevilla","tag-ferias","tag-ferias-andalucia","tag-portadas-ferias","tag-traje-flamenca"],"yoast_head":"<!-- This site is optimized with the Yoast SEO plugin v23.1 - https:\/\/yoast.com\/wordpress\/plugins\/seo\/ -->\n<title>Las ferias m\u00e1s famosas de Andaluc\u00eda: desde la m\u00e1s m\u00edtica de Sevilla, hasta la m\u00e1s larga de todas en M\u00e1laga. \u00bfCu\u00e1les son y cu\u00e1ndo se celebran este 2024? - BuscoUnChollo Blog<\/title>\n<meta name=\"robots\" content=\"index, follow, max-snippet:-1, max-image-preview:large, max-video-preview:-1\" \/>\n<link rel=\"canonical\" href=\"https:\/\/www.buscounchollo.com\/blog\/las-ferias-mas-famosas-de-andalucia-cuales-son-y-cuando-se-celebran\/\" \/>\n<meta property=\"og:locale\" content=\"en_US\" \/>\n<meta property=\"og:type\" content=\"article\" \/>\n<meta property=\"og:title\" content=\"Las ferias m\u00e1s famosas de Andaluc\u00eda: desde la m\u00e1s m\u00edtica de Sevilla, hasta la m\u00e1s larga de todas en M\u00e1laga. \u00bfCu\u00e1les son y cu\u00e1ndo se celebran este 2024? - BuscoUnChollo Blog\" \/>\n<meta property=\"og:description\" content=\"Contenido1 La primera de todas: La Feria del Moscatel de Chipiona2 La Feria de Abril, la m\u00e1s internacional y famosa 3 El mundo del caballo en la Feria de Jerez4 La Feria de C\u00f3rdoba, una de las m\u00e1s antiguas de Andaluc\u00eda5 Descubre el gran encanto de la Feria de Granada6 La Feria m\u00e1s famosa de...\" \/>\n<meta property=\"og:url\" content=\"https:\/\/www.buscounchollo.com\/blog\/las-ferias-mas-famosas-de-andalucia-cuales-son-y-cuando-se-celebran\/\" \/>\n<meta property=\"og:site_name\" content=\"BuscoUnChollo Blog\" \/>\n<meta property=\"article:published_time\" content=\"2024-03-14T11:19:21+00:00\" \/>\n<meta property=\"article:modified_time\" content=\"2024-05-10T08:08:14+00:00\" \/>\n<meta property=\"og:image\" content=\"https:\/\/www.buscounchollo.com\/blog\/app\/uploads\/2024\/03\/Portada-Blog-1.jpg\" \/>\n\t<meta property=\"og:image:width\" content=\"391\" \/>\n\t<meta property=\"og:image:height\" content=\"293\" \/>\n\t<meta property=\"og:image:type\" content=\"image\/jpeg\" \/>\n<meta name=\"author\" content=\"Buscounchollo.com\" \/>\n<meta name=\"twitter:card\" content=\"summary_large_image\" \/>\n<meta name=\"twitter:label1\" content=\"Written by\" \/>\n\t<meta name=\"twitter:data1\" content=\"Buscounchollo.com\" \/>\n\t<meta name=\"twitter:label2\" content=\"Est. reading time\" \/>\n\t<meta name=\"twitter:data2\" content=\"6 minutes\" \/>\n<script type=\"application\/ld+json\" class=\"yoast-schema-graph\">{\"@context\":\"https:\/\/schema.org\",\"@graph\":[{\"@type\":\"Article\",\"@id\":\"https:\/\/www.buscounchollo.com\/blog\/las-ferias-mas-famosas-de-andalucia-cuales-son-y-cuando-se-celebran\/#article\",\"isPartOf\":{\"@id\":\"https:\/\/www.buscounchollo.com\/blog\/las-ferias-mas-famosas-de-andalucia-cuales-son-y-cuando-se-celebran\/\"},\"author\":{\"name\":\"Buscounchollo.com\",\"@id\":\"https:\/\/www.buscounchollo.com\/blog\/#\/schema\/person\/ff663f524a15142a60f2c66b0b7ec943\"},\"headline\":\"Las ferias m\u00e1s famosas de Andaluc\u00eda: desde la m\u00e1s m\u00edtica de Sevilla, hasta la m\u00e1s larga de todas en M\u00e1laga. \u00bfCu\u00e1les son y cu\u00e1ndo se celebran este 2024?\",\"datePublished\":\"2024-03-14T11:19:21+00:00\",\"dateModified\":\"2024-05-10T08:08:14+00:00\",\"mainEntityOfPage\":{\"@id\":\"https:\/\/www.buscounchollo.com\/blog\/las-ferias-mas-famosas-de-andalucia-cuales-son-y-cuando-se-celebran\/\"},\"wordCount\":1202,\"commentCount\":0,\"publisher\":{\"@id\":\"https:\/\/www.buscounchollo.com\/blog\/#organization\"},\"image\":{\"@id\":\"https:\/\/www.buscounchollo.com\/blog\/las-ferias-mas-famosas-de-andalucia-cuales-son-y-cuando-se-celebran\/#primaryimage\"},\"thumbnailUrl\":\"https:\/\/www.buscounchollo.com\/blog\/app\/uploads\/2024\/03\/Portada-Blog-1.jpg\",\"keywords\":[\"feria de abril\",\"feria de huelva\",\"feria de jerez\",\"feria de m\u00e1laga\",\"feria de sevilla\",\"ferias\",\"ferias andaluc\u00eda\",\"portadas ferias\",\"traje flamenca\"],\"articleSection\":[\"Viaja en el mejor momento\"],\"inLanguage\":\"en-US\",\"potentialAction\":[{\"@type\":\"CommentAction\",\"name\":\"Comment\",\"target\":[\"https:\/\/www.buscounchollo.com\/blog\/las-ferias-mas-famosas-de-andalucia-cuales-son-y-cuando-se-celebran\/#respond\"]}]},{\"@type\":\"WebPage\",\"@id\":\"https:\/\/www.buscounchollo.com\/blog\/las-ferias-mas-famosas-de-andalucia-cuales-son-y-cuando-se-celebran\/\",\"url\":\"https:\/\/www.buscounchollo.com\/blog\/las-ferias-mas-famosas-de-andalucia-cuales-son-y-cuando-se-celebran\/\",\"name\":\"Las ferias m\u00e1s famosas de Andaluc\u00eda: desde la m\u00e1s m\u00edtica de Sevilla, hasta la m\u00e1s larga de todas en M\u00e1laga. \u00bfCu\u00e1les son y cu\u00e1ndo se celebran este 2024? - BuscoUnChollo Blog\",\"isPartOf\":{\"@id\":\"https:\/\/www.buscounchollo.com\/blog\/#website\"},\"primaryImageOfPage\":{\"@id\":\"https:\/\/www.buscounchollo.com\/blog\/las-ferias-mas-famosas-de-andalucia-cuales-son-y-cuando-se-celebran\/#primaryimage\"},\"image\":{\"@id\":\"https:\/\/www.buscounchollo.com\/blog\/las-ferias-mas-famosas-de-andalucia-cuales-son-y-cuando-se-celebran\/#primaryimage\"},\"thumbnailUrl\":\"https:\/\/www.buscounchollo.com\/blog\/app\/uploads\/2024\/03\/Portada-Blog-1.jpg\",\"datePublished\":\"2024-03-14T11:19:21+00:00\",\"dateModified\":\"2024-05-10T08:08:14+00:00\",\"breadcrumb\":{\"@id\":\"https:\/\/www.buscounchollo.com\/blog\/las-ferias-mas-famosas-de-andalucia-cuales-son-y-cuando-se-celebran\/#breadcrumb\"},\"inLanguage\":\"en-US\",\"potentialAction\":[{\"@type\":\"ReadAction\",\"target\":[\"https:\/\/www.buscounchollo.com\/blog\/las-ferias-mas-famosas-de-andalucia-cuales-son-y-cuando-se-celebran\/\"]}]},{\"@type\":\"ImageObject\",\"inLanguage\":\"en-US\",\"@id\":\"https:\/\/www.buscounchollo.com\/blog\/las-ferias-mas-famosas-de-andalucia-cuales-son-y-cuando-se-celebran\/#primaryimage\",\"url\":\"https:\/\/www.buscounchollo.com\/blog\/app\/uploads\/2024\/03\/Portada-Blog-1.jpg\",\"contentUrl\":\"https:\/\/www.buscounchollo.com\/blog\/app\/uploads\/2024\/03\/Portada-Blog-1.jpg\",\"width\":391,\"height\":293},{\"@type\":\"BreadcrumbList\",\"@id\":\"https:\/\/www.buscounchollo.com\/blog\/las-ferias-mas-famosas-de-andalucia-cuales-son-y-cuando-se-celebran\/#breadcrumb\",\"itemListElement\":[{\"@type\":\"ListItem\",\"position\":1,\"name\":\"Home\",\"item\":\"https:\/\/www.buscounchollo.com\/blog\/\"},{\"@type\":\"ListItem\",\"position\":2,\"name\":\"Las ferias m\u00e1s famosas de Andaluc\u00eda: desde la m\u00e1s m\u00edtica de Sevilla, hasta la m\u00e1s larga de todas en M\u00e1laga. \u00bfCu\u00e1les son y cu\u00e1ndo se celebran este 2024?\"}]},{\"@type\":\"WebSite\",\"@id\":\"https:\/\/www.buscounchollo.com\/blog\/#website\",\"url\":\"https:\/\/www.buscounchollo.com\/blog\/\",\"name\":\"BuscoUnChollo Blog\",\"description\":\"Consejos Para Viajar Y Curiosidades\",\"publisher\":{\"@id\":\"https:\/\/www.buscounchollo.com\/blog\/#organization\"},\"potentialAction\":[{\"@type\":\"SearchAction\",\"target\":{\"@type\":\"EntryPoint\",\"urlTemplate\":\"https:\/\/www.buscounchollo.com\/blog\/?s={search_term_string}\"},\"query-input\":\"required name=search_term_string\"}],\"inLanguage\":\"en-US\"},{\"@type\":\"Organization\",\"@id\":\"https:\/\/www.buscounchollo.com\/blog\/#organization\",\"name\":\"BuscoUnChollo Blog\",\"url\":\"https:\/\/www.buscounchollo.com\/blog\/\",\"logo\":{\"@type\":\"ImageObject\",\"inLanguage\":\"en-US\",\"@id\":\"https:\/\/www.buscounchollo.com\/blog\/#\/schema\/logo\/image\/\",\"url\":\"https:\/\/www.buscounchollo.com\/blog\/app\/uploads\/2021\/05\/logo_lg-1.png\",\"contentUrl\":\"https:\/\/www.buscounchollo.com\/blog\/app\/uploads\/2021\/05\/logo_lg-1.png\",\"width\":600,\"height\":185,\"caption\":\"BuscoUnChollo Blog\"},\"image\":{\"@id\":\"https:\/\/www.buscounchollo.com\/blog\/#\/schema\/logo\/image\/\"}},{\"@type\":\"Person\",\"@id\":\"https:\/\/www.buscounchollo.com\/blog\/#\/schema\/person\/ff663f524a15142a60f2c66b0b7ec943\",\"name\":\"Buscounchollo.com\",\"image\":{\"@type\":\"ImageObject\",\"inLanguage\":\"en-US\",\"@id\":\"https:\/\/www.buscounchollo.com\/blog\/#\/schema\/person\/image\/\",\"url\":\"https:\/\/secure.gravatar.com\/avatar\/8f749c37ac2066e447f5a55925cb7eaf?s=96&d=mm&r=g\",\"contentUrl\":\"https:\/\/secure.gravatar.com\/avatar\/8f749c37ac2066e447f5a55925cb7eaf?s=96&d=mm&r=g\",\"caption\":\"Buscounchollo.com\"},\"url\":\"https:\/\/www.buscounchollo.com\/blog\/author\/marketing\/\"}]}<\/script>\n<!-- \/ Yoast SEO plugin. -->","yoast_head_json":{"title":"Las ferias m\u00e1s famosas de Andaluc\u00eda: desde la m\u00e1s m\u00edtica de Sevilla, hasta la m\u00e1s larga de todas en M\u00e1laga. \u00bfCu\u00e1les son y cu\u00e1ndo se celebran este 2024? - BuscoUnChollo Blog","robots":{"index":"index","follow":"follow","max-snippet":"max-snippet:-1","max-image-preview":"max-image-preview:large","max-video-preview":"max-video-preview:-1"},"canonical":"https:\/\/www.buscounchollo.com\/blog\/las-ferias-mas-famosas-de-andalucia-cuales-son-y-cuando-se-celebran\/","og_locale":"en_US","og_type":"article","og_title":"Las ferias m\u00e1s famosas de Andaluc\u00eda: desde la m\u00e1s m\u00edtica de Sevilla, hasta la m\u00e1s larga de todas en M\u00e1laga. \u00bfCu\u00e1les son y cu\u00e1ndo se celebran este 2024? - BuscoUnChollo Blog","og_description":"Contenido1 La primera de todas: La Feria del Moscatel de Chipiona2 La Feria de Abril, la m\u00e1s internacional y famosa 3 El mundo del caballo en la Feria de Jerez4 La Feria de C\u00f3rdoba, una de las m\u00e1s antiguas de Andaluc\u00eda5 Descubre el gran encanto de la Feria de Granada6 La Feria m\u00e1s famosa de...","og_url":"https:\/\/www.buscounchollo.com\/blog\/las-ferias-mas-famosas-de-andalucia-cuales-son-y-cuando-se-celebran\/","og_site_name":"BuscoUnChollo Blog","article_published_time":"2024-03-14T11:19:21+00:00","article_modified_time":"2024-05-10T08:08:14+00:00","og_image":[{"width":391,"height":293,"url":"https:\/\/www.buscounchollo.com\/blog\/app\/uploads\/2024\/03\/Portada-Blog-1.jpg","type":"image\/jpeg"}],"author":"Buscounchollo.com","twitter_card":"summary_large_image","twitter_misc":{"Written by":"Buscounchollo.com","Est. reading time":"6 minutes"},"schema":{"@context":"https:\/\/schema.org","@graph":[{"@type":"Article","@id":"https:\/\/www.buscounchollo.com\/blog\/las-ferias-mas-famosas-de-andalucia-cuales-son-y-cuando-se-celebran\/#article","isPartOf":{"@id":"https:\/\/www.buscounchollo.com\/blog\/las-ferias-mas-famosas-de-andalucia-cuales-son-y-cuando-se-celebran\/"},"author":{"name":"Buscounchollo.com","@id":"https:\/\/www.buscounchollo.com\/blog\/#\/schema\/person\/ff663f524a15142a60f2c66b0b7ec943"},"headline":"Las ferias m\u00e1s famosas de Andaluc\u00eda: desde la m\u00e1s m\u00edtica de Sevilla, hasta la m\u00e1s larga de todas en M\u00e1laga. \u00bfCu\u00e1les son y cu\u00e1ndo se celebran este 2024?","datePublished":"2024-03-14T11:19:21+00:00","dateModified":"2024-05-10T08:08:14+00:00","mainEntityOfPage":{"@id":"https:\/\/www.buscounchollo.com\/blog\/las-ferias-mas-famosas-de-andalucia-cuales-son-y-cuando-se-celebran\/"},"wordCount":1202,"commentCount":0,"publisher":{"@id":"https:\/\/www.buscounchollo.com\/blog\/#organization"},"image":{"@id":"https:\/\/www.buscounchollo.com\/blog\/las-ferias-mas-famosas-de-andalucia-cuales-son-y-cuando-se-celebran\/#primaryimage"},"thumbnailUrl":"https:\/\/www.buscounchollo.com\/blog\/app\/uploads\/2024\/03\/Portada-Blog-1.jpg","keywords":["feria de abril","feria de huelva","feria de jerez","feria de m\u00e1laga","feria de sevilla","ferias","ferias andaluc\u00eda","portadas ferias","traje flamenca"],"articleSection":["Viaja en el mejor momento"],"inLanguage":"en-US","potentialAction":[{"@type":"CommentAction","name":"Comment","target":["https:\/\/www.buscounchollo.com\/blog\/las-ferias-mas-famosas-de-andalucia-cuales-son-y-cuando-se-celebran\/#respond"]}]},{"@type":"WebPage","@id":"https:\/\/www.buscounchollo.com\/blog\/las-ferias-mas-famosas-de-andalucia-cuales-son-y-cuando-se-celebran\/","url":"https:\/\/www.buscounchollo.com\/blog\/las-ferias-mas-famosas-de-andalucia-cuales-son-y-cuando-se-celebran\/","name":"Las ferias m\u00e1s famosas de Andaluc\u00eda: desde la m\u00e1s m\u00edtica de Sevilla, hasta la m\u00e1s larga de todas en M\u00e1laga. \u00bfCu\u00e1les son y cu\u00e1ndo se celebran este 2024? - BuscoUnChollo Blog","isPartOf":{"@id":"https:\/\/www.buscounchollo.com\/blog\/#website"},"primaryImageOfPage":{"@id":"https:\/\/www.buscounchollo.com\/blog\/las-ferias-mas-famosas-de-andalucia-cuales-son-y-cuando-se-celebran\/#primaryimage"},"image":{"@id":"https:\/\/www.buscounchollo.com\/blog\/las-ferias-mas-famosas-de-andalucia-cuales-son-y-cuando-se-celebran\/#primaryimage"},"thumbnailUrl":"https:\/\/www.buscounchollo.com\/blog\/app\/uploads\/2024\/03\/Portada-Blog-1.jpg","datePublished":"2024-03-14T11:19:21+00:00","dateModified":"2024-05-10T08:08:14+00:00","breadcrumb":{"@id":"https:\/\/www.buscounchollo.com\/blog\/las-ferias-mas-famosas-de-andalucia-cuales-son-y-cuando-se-celebran\/#breadcrumb"},"inLanguage":"en-US","potentialAction":[{"@type":"ReadAction","target":["https:\/\/www.buscounchollo.com\/blog\/las-ferias-mas-famosas-de-andalucia-cuales-son-y-cuando-se-celebran\/"]}]},{"@type":"ImageObject","inLanguage":"en-US","@id":"https:\/\/www.buscounchollo.com\/blog\/las-ferias-mas-famosas-de-andalucia-cuales-son-y-cuando-se-celebran\/#primaryimage","url":"https:\/\/www.buscounchollo.com\/blog\/app\/uploads\/2024\/03\/Portada-Blog-1.jpg","contentUrl":"https:\/\/www.buscounchollo.com\/blog\/app\/uploads\/2024\/03\/Portada-Blog-1.jpg","width":391,"height":293},{"@type":"BreadcrumbList","@id":"https:\/\/www.buscounchollo.com\/blog\/las-ferias-mas-famosas-de-andalucia-cuales-son-y-cuando-se-celebran\/#breadcrumb","itemListElement":[{"@type":"ListItem","position":1,"name":"Home","item":"https:\/\/www.buscounchollo.com\/blog\/"},{"@type":"ListItem","position":2,"name":"Las ferias m\u00e1s famosas de Andaluc\u00eda: desde la m\u00e1s m\u00edtica de Sevilla, hasta la m\u00e1s larga de todas en M\u00e1laga. \u00bfCu\u00e1les son y cu\u00e1ndo se celebran este 2024?"}]},{"@type":"WebSite","@id":"https:\/\/www.buscounchollo.com\/blog\/#website","url":"https:\/\/www.buscounchollo.com\/blog\/","name":"BuscoUnChollo Blog","description":"Consejos Para Viajar Y Curiosidades","publisher":{"@id":"https:\/\/www.buscounchollo.com\/blog\/#organization"},"potentialAction":[{"@type":"SearchAction","target":{"@type":"EntryPoint","urlTemplate":"https:\/\/www.buscounchollo.com\/blog\/?s={search_term_string}"},"query-input":"required name=search_term_string"}],"inLanguage":"en-US"},{"@type":"Organization","@id":"https:\/\/www.buscounchollo.com\/blog\/#organization","name":"BuscoUnChollo Blog","url":"https:\/\/www.buscounchollo.com\/blog\/","logo":{"@type":"ImageObject","inLanguage":"en-US","@id":"https:\/\/www.buscounchollo.com\/blog\/#\/schema\/logo\/image\/","url":"https:\/\/www.buscounchollo.com\/blog\/app\/uploads\/2021\/05\/logo_lg-1.png","contentUrl":"https:\/\/www.buscounchollo.com\/blog\/app\/uploads\/2021\/05\/logo_lg-1.png","width":600,"height":185,"caption":"BuscoUnChollo Blog"},"image":{"@id":"https:\/\/www.buscounchollo.com\/blog\/#\/schema\/logo\/image\/"}},{"@type":"Person","@id":"https:\/\/www.buscounchollo.com\/blog\/#\/schema\/person\/ff663f524a15142a60f2c66b0b7ec943","name":"Buscounchollo.com","image":{"@type":"ImageObject","inLanguage":"en-US","@id":"https:\/\/www.buscounchollo.com\/blog\/#\/schema\/person\/image\/","url":"https:\/\/secure.gravatar.com\/avatar\/8f749c37ac2066e447f5a55925cb7eaf?s=96&d=mm&r=g","contentUrl":"https:\/\/secure.gravatar.com\/avatar\/8f749c37ac2066e447f5a55925cb7eaf?s=96&d=mm&r=g","caption":"Buscounchollo.com"},"url":"https:\/\/www.buscounchollo.com\/blog\/author\/marketing\/"}]}},"_links":{"self":[{"href":"https:\/\/www.buscounchollo.com\/blog\/wp-json\/wp\/v2\/posts\/17756"}],"collection":[{"href":"https:\/\/www.buscounchollo.com\/blog\/wp-json\/wp\/v2\/posts"}],"about":[{"href":"https:\/\/www.buscounchollo.com\/blog\/wp-json\/wp\/v2\/types\/post"}],"author":[{"embeddable":true,"href":"https:\/\/www.buscounchollo.com\/blog\/wp-json\/wp\/v2\/users\/7"}],"replies":[{"embeddable":true,"href":"https:\/\/www.buscounchollo.com\/blog\/wp-json\/wp\/v2\/comments?post=17756"}],"version-history":[{"count":7,"href":"https:\/\/www.buscounchollo.com\/blog\/wp-json\/wp\/v2\/posts\/17756\/revisions"}],"predecessor-version":[{"id":17809,"href":"https:\/\/www.buscounchollo.com\/blog\/wp-json\/wp\/v2\/posts\/17756\/revisions\/17809"}],"wp:featuredmedia":[{"embeddable":true,"href":"https:\/\/www.buscounchollo.com\/blog\/wp-json\/wp\/v2\/media\/17788"}],"wp:attachment":[{"href":"https:\/\/www.buscounchollo.com\/blog\/wp-json\/wp\/v2\/media?parent=17756"}],"wp:term":[{"taxonomy":"category","embeddable":true,"href":"https:\/\/www.buscounchollo.com\/blog\/wp-json\/wp\/v2\/categories?post=17756"},{"taxonomy":"post_tag","embeddable":true,"href":"https:\/\/www.buscounchollo.com\/blog\/wp-json\/wp\/v2\/tags?post=17756"}],"curies":[{"name":"wp","href":"https:\/\/api.w.org\/{rel}","templated":true}]}}