{"id":18670,"date":"2024-05-14T17:05:37","date_gmt":"2024-05-14T15:05:37","guid":{"rendered":"https:\/\/www.buscounchollo.com\/blog\/?p=18670"},"modified":"2025-07-22T18:57:37","modified_gmt":"2025-07-22T16:57:37","slug":"comunitat-valenciana-en-verano-destinos-y-planes-por-hacer","status":"publish","type":"post","link":"https:\/\/www.buscounchollo.com\/blog\/comunitat-valenciana-en-verano-destinos-y-planes-por-hacer\/","title":{"rendered":"Los mejores planes y lugares secretos para este verano 2025 en la Comunitat Valenciana"},"content":{"rendered":"<div id=\"toc_container\" class=\"no_bullets\"><p class=\"toc_title\">Contenido<\/p><ul class=\"toc_list\"><li><a href=\"#Destinos_secretos_por_descubrir_en_la_Comunitat_Valenciana\"><span class=\"toc_number toc_depth_1\">1<\/span> Destinos secretos por descubrir en la Comunitat Valenciana<\/a><ul><li><a href=\"#Sierra_de_Irta_un_particular_paraiso_frente_al_mar\"><span class=\"toc_number toc_depth_2\">1.1<\/span> Sierra de Irta, un particular para\u00edso frente al mar<\/a><\/li><li><a href=\"#Una_joya_de_la_naturaleza_las_Islas_Columbretes\"><span class=\"toc_number toc_depth_2\">1.2<\/span> Una joya de la naturaleza: las Islas Columbretes<\/a><\/li><li><a href=\"#La_Isla_de_Tabarca_la_unica_habitada_de_la_Comunitat_Valenciana\"><span class=\"toc_number toc_depth_2\">1.3<\/span> La Isla de Tabarca, la \u00fanica habitada de la Comunitat Valenciana<\/a><\/li><li><a href=\"#Guadalest_uno_de_los_pueblos_mas_bonitos_de_Espana_en_Alicante\"><span class=\"toc_number toc_depth_2\">1.4<\/span> Guadalest, uno de los pueblos m\u00e1s bonitos de Espa\u00f1a, en Alicante<\/a><\/li><\/ul><\/li><li><a href=\"#Planes_unicos_por_hacer_en_tus_vacaciones_por_la_Comunitat_Valenciana\"><span class=\"toc_number toc_depth_1\">2<\/span> Planes \u00fanicos por hacer en tus vacaciones por la Comunitat Valenciana<\/a><ul><li><a href=\"#El_Dragon_de_la_Calderona_Un_secreto_escondido_en_Valencia\"><span class=\"toc_number toc_depth_2\">2.1<\/span> El Drag\u00f3n de la Calderona: Un secreto escondido en Valencia<\/a><\/li><li><a href=\"#El_laberinto_mas_grande_de_Espana_se_encuentra_en_Peniscola\"><span class=\"toc_number toc_depth_2\">2.2<\/span> El laberinto m\u00e1s grande de Espa\u00f1a se encuentra en Pe\u00f1\u00edscola<\/a><\/li><li><a href=\"#La_Ruta_de_los_Puentes_Colgantes_de_Chulilla\"><span class=\"toc_number toc_depth_2\">2.3<\/span> La Ruta de los Puentes Colgantes de Chulilla<\/a><\/li><\/ul><\/li><\/ul><\/div>\n\n<p><\/p>\n\n\n\n<p>Se <strong>acerca el verano<\/strong> y en la <strong>Comunitat Valenciana<\/strong> puedes pasar unas <strong>vacaciones ideales<\/strong> para disfrutar y desconectar. <\/p>\n\n\n\n<p><\/p>\n\n\n\n<p>Los viajeros <strong>m\u00e1s previsores<\/strong> ya empiezan a preparar su pr\u00f3ximo <a href=\"https:\/\/www.buscounchollo.com\/destinos\/\">destino de vacaciones<\/a> \ud83e\uddf3y consultar toooodos los planes disponibles para aprovechar al m\u00e1ximo \ud83e\udd29  y<strong> <\/strong>por eso te traemos el trabajo hecho: <\/p>\n\n\n\n<p><\/p>\n\n\n\n<p><\/p>\n\n\n\n<p>Aqu\u00ed encontrar\u00e1s<strong> toda la informaci\u00f3n<\/strong> para saltarte el paso de revisar todas las webs de viajes buscando el mejor plan \ud83d\ude0e<\/p>\n\n\n\n<p><\/p>\n\n\n\n<div class=\"wp-block-image\"><figure class=\"aligncenter\"><img decoding=\"async\" src=\"https:\/\/media.giphy.com\/media\/v1.Y2lkPTc5MGI3NjExcXh2ZWdraWpiOWwyMGl5aXV5bDlrZ2F2dTYyZDJ4OTVsczVwbGx4aSZlcD12MV9pbnRlcm5hbF9naWZfYnlfaWQmY3Q9Zw\/2dlsQFgODL1d7Xzuv1\/giphy.gif\" alt=\"\"\/><\/figure><\/div>\n\n\n\n<p><\/p>\n\n\n\n<h2 class=\"wp-block-heading\"><span id=\"Destinos_secretos_por_descubrir_en_la_Comunitat_Valenciana\">Destinos secretos por descubrir en la Comunitat Valenciana<\/span><\/h2>\n\n\n\n<p><\/p>\n\n\n\n<p>Visitar lugares<strong> poco populares <\/strong>tiene <strong>grandes ventajas en tus vacaciones<\/strong>: suelen ser destinos <strong>m\u00e1s econ\u00f3micos <\/strong>y te encuentras <strong>muuucha menos gente<\/strong> \ud83d\ude09<\/p>\n\n\n\n<p><\/p>\n\n\n\n<p>\ud83e\udd2d A continuaci\u00f3n te <strong>descubriremos 4 de ellos<\/strong> que probablemente no tengas en el radar:<\/p>\n\n\n\n<p><\/p>\n\n\n\n<div class=\"wp-block-image\"><figure class=\"aligncenter\"><img decoding=\"async\" src=\"https:\/\/media.giphy.com\/media\/v1.Y2lkPTc5MGI3NjExbHp0a2poY3A3Mm16em5idDNqMnltdXdya3k1cnY3azZ0cjF2cm5sMiZlcD12MV9pbnRlcm5hbF9naWZfYnlfaWQmY3Q9Zw\/NdKVEei95yvIY\/giphy-downsized.gif\" alt=\"\"\/><\/figure><\/div>\n\n\n\n<p><\/p>\n\n\n\n<h3 class=\"wp-block-heading\"><span id=\"Sierra_de_Irta_un_particular_paraiso_frente_al_mar\">Sierra de Irta, un particular para\u00edso frente al mar<\/span><\/h3>\n\n\n\n<p><\/p>\n\n\n\n<p>Si quieres <strong>huir de las aglomeraciones<\/strong> del verano, pero no quieres <strong>renunciar al buen tiempo y al mar <\/strong>\ud83d\udc94 el <strong>Parque Natural de la Sierra de Irta<\/strong> es justo lo que necesitas.<\/p>\n\n\n\n<p><\/p>\n\n\n\n<div class=\"wp-block-image\"><figure class=\"aligncenter\"><img loading=\"lazy\" decoding=\"async\" width=\"3444\" height=\"1449\" src=\"https:\/\/www.buscounchollo.com\/blog\/app\/uploads\/2024\/05\/sierra-de-irta-1.png\" alt=\"Sierra de Irta\" class=\"wp-image-18671\"\/><figcaption> <em>Acantilados sobre la Sierra de Irta<\/em> <\/figcaption><\/figure><\/div>\n\n\n\n<p><\/p>\n\n\n\n<p>Situada <strong>entre las localidades de Pe\u00f1\u00edscola y Alcocebre<\/strong>, se trata de una de las <strong>\u00faltimas sierras<\/strong> v\u00edrgenes del litoral valenciano \ud83d\udcab<\/p>\n\n\n\n<p><\/p>\n\n\n\n<p>Es perfecta para los <strong>amantes del senderismo<\/strong> y de los<strong> rayos de sol <\/strong>\ud83d\udc9b ya que, a trav\u00e9s de sus bosques de pinos sobre acantilados, encontrar\u00e1s <strong>peque\u00f1as calas<\/strong> que forman 13 kil\u00f3metros de<strong> costa virgen<\/strong>, \u00a1son preciosas!<\/p>\n\n\n\n<p><\/p>\n\n\n\n<div class=\"wp-block-image\"><figure class=\"aligncenter\"><img loading=\"lazy\" decoding=\"async\" width=\"3444\" height=\"1449\" src=\"https:\/\/www.buscounchollo.com\/blog\/app\/uploads\/2024\/05\/sierra-de-irta-1-1-1.png\" alt=\"Calas Sierra de Irta\" class=\"wp-image-18672\"\/><figcaption> <em>Seguro que encuentras muy poquita gente y puedes disfrutar de ellas tranquilamente<\/em><\/figcaption><\/figure><\/div>\n\n\n\n<p><\/p>\n\n\n\n<h3 class=\"wp-block-heading\"><span id=\"Una_joya_de_la_naturaleza_las_Islas_Columbretes\">Una joya de la naturaleza: las Islas Columbretes<\/span><\/h3>\n\n\n\n<p><\/p>\n\n\n\n<p>Cerca de las<strong> costas de Castell\u00f3n<\/strong> se encuentra la llamada antigua Isla de las Serpientes \ud83d\udc0d: el Parque Natural de las Islas Columbretes.<\/p>\n\n\n\n<p><\/p>\n\n\n\n<p>Se trata de un archipi\u00e9lago que se divide en<strong> 4 islotes volc\u00e1nicos<\/strong>: La Grossa, la Ferrera, la Foradada y el Carallot \ud83c\udfdd\ufe0f<\/p>\n\n\n\n<div class=\"wp-block-image\"><figure class=\"aligncenter\"><img loading=\"lazy\" decoding=\"async\" width=\"3444\" height=\"1449\" src=\"https:\/\/www.buscounchollo.com\/blog\/app\/uploads\/2024\/05\/Rectangle-1.png\" alt=\"Islas Columbretes\" class=\"wp-image-18674\"\/><figcaption> <em>La isla de La Grossa, un paisaje fascinante \ud83d\udc99<\/em><\/figcaption><\/figure><\/div>\n\n\n\n<p><\/p>\n\n\n\n<p>Actualmente, solo se puede acceder a la <strong>isla de La Grossa<\/strong> y solo la pueden <strong>visitar 80 personas al d\u00eda. <\/strong><\/p>\n\n\n\n<p><\/p>\n\n\n\n<p>Debido a sus <strong>peculiares condiciones<\/strong>, han aparecido nuevas especies \ud83d\udc96 \u00a1Es ideal para <strong>hacer esn\u00f3rquel<\/strong> \ud83e\udd3f y si tienes suerte, avistar delfines! \ud83d\udc2c<\/p>\n\n\n\n<p><\/p>\n\n\n\n<div class=\"wp-block-image\"><figure class=\"aligncenter\"><img loading=\"lazy\" decoding=\"async\" width=\"3444\" height=\"1961\" src=\"https:\/\/www.buscounchollo.com\/blog\/app\/uploads\/2024\/05\/columbretes.png\" alt=\"Esn\u00f3rquel Islas Columbretes\" class=\"wp-image-18673\"\/><figcaption> <em>\u00a1Podr\u00edas ser t\u00fa!<\/em><\/figcaption><\/figure><\/div>\n\n\n\n<p><\/p>\n\n\n\n<h3 class=\"wp-block-heading\"><span id=\"La_Isla_de_Tabarca_la_unica_habitada_de_la_Comunitat_Valenciana\">La Isla de Tabarca, la \u00fanica habitada de la Comunitat Valenciana<\/span><\/h3>\n\n\n\n<p><\/p>\n\n\n\n<p>La <strong>Isla de Tabarca<\/strong> es la isla habitada <strong>m\u00e1s peque\u00f1a de Espa\u00f1a<\/strong>, con una longitud de aproximadamente 1.800 metros, as\u00ed que podr\u00e1s <strong>acceder f\u00e1cilmente a todos sus rincones.<\/strong><\/p>\n\n\n\n<p><\/p>\n\n\n\n<p>Se encuentra frente a la <strong>costa alicantina<\/strong>, y en ella solo constan unos <strong>50 habitantes<\/strong>, \u00a1qu\u00e9 pasada!<\/p>\n\n\n\n<p><\/p>\n\n\n\n<div class=\"wp-block-image\"><figure class=\"aligncenter\"><img loading=\"lazy\" decoding=\"async\" width=\"3444\" height=\"1961\" src=\"https:\/\/www.buscounchollo.com\/blog\/app\/uploads\/2024\/05\/isla-de-tabarca.png\" alt=\"Isla de Tabarca\" class=\"wp-image-18675\"\/><figcaption> <em>Vista a\u00e9rea de toda la isla<\/em><\/figcaption><\/figure><\/div>\n\n\n\n<p><\/p>\n\n\n\n<p>Para llegar, podr\u00e1s <strong>coger un ferry<\/strong> desde las localidades de Alicante, Santa Pola, Benidorm y Valencia \u26f4\ufe0f <\/p>\n\n\n\n<p><\/p>\n\n\n\n<p> Las calles del pueblo fortificado <strong>San Pedro y San Pablo<\/strong> te encantar\u00e1n, adem\u00e1s de sus calas paradis\u00edacas y cuevas marinas \ud83d\udc20<\/p>\n\n\n\n<p><\/p>\n\n\n\n<div class=\"wp-block-image\"><figure class=\"aligncenter\"><img loading=\"lazy\" decoding=\"async\" width=\"3444\" height=\"1961\" src=\"https:\/\/www.buscounchollo.com\/blog\/app\/uploads\/2024\/05\/isla-de-tabarca1.png\" alt=\"Isla de Tabarca\" class=\"wp-image-18676\"\/><figcaption><em>\u00a1Contraste de colores entre la isla y el mar! \ud83c\udf0a<\/em><\/figcaption><\/figure><\/div>\n\n\n\n<p><\/p>\n\n\n\n<p><\/p>\n\n\n\n<p>\u00a1En esta isla se encuentran <strong>muy poquitos alojamientos disponibles<\/strong>! \ud83d\ude31 Si te gustar\u00eda visitarla y alojarte en ella, en <strong>nuestro buscador de hoteles <a href=\"http:\/\/Amimir.com\">Amimir.com<\/a><\/strong> solo tenemos 5 \ud83d\udd25<\/p>\n\n\n\n<p><\/p>\n\n\n\n<div class=\"wp-block-button aligncenter\"><a class=\"wp-block-button__link has-text-color has-background\" href=\"https:\/\/www.amimir.com\/es\/ciudad\/7715-isla-de-tabarca\" style=\"background-color:#d12e95;color:#ffffff\">Quiero ver Hoteles en Tabarca<\/a><\/div>\n\n\n\n<p><\/p>\n\n\n\n<h3 class=\"wp-block-heading\"><span id=\"Guadalest_uno_de_los_pueblos_mas_bonitos_de_Espana_en_Alicante\">Guadalest, uno de los pueblos m\u00e1s bonitos de Espa\u00f1a, en Alicante<\/span><\/h3>\n\n\n\n<p><\/p>\n\n\n\n<p>El <strong>Castell de Guadalest<\/strong> es un encantador <strong>pueblo medieval <\/strong>que no te puedes perder si lo que buscas es huir de la costa y desconectar en unas vacaciones en la monta\u00f1a \u26f0\ufe0f<\/p>\n\n\n\n<p><\/p>\n\n\n\n<p>Se sit\u00faa en lo m\u00e1s alto de una pe\u00f1a rocosa y sin duda tienes que ver el <strong>Mirador del Embalse de Guadalest<\/strong>, en el que disfrutar\u00e1s de unas <strong>vistas magn\u00edficas <\/strong>a su embalse.<\/p>\n\n\n\n<p><\/p>\n\n\n\n<div class=\"wp-block-image\"><figure class=\"aligncenter\"><img loading=\"lazy\" decoding=\"async\" width=\"3444\" height=\"1961\" src=\"https:\/\/www.buscounchollo.com\/blog\/app\/uploads\/2024\/05\/guadalest-1.png\" alt=\"Guadalest\" class=\"wp-image-18677\"\/><figcaption><em>\u00a1Son una pasada! \ud83c\udfde\ufe0f<\/em><\/figcaption><\/figure><\/div>\n\n\n\n<p><\/p>\n\n\n\n<p>Otros<strong> puntos de inter\u00e9s<\/strong> que son<strong> imprescindibles en tu visita<\/strong> son: El Castillo de San Jos\u00e9 o Castell de Guadalest, el casco hist\u00f3rico del pueblo (al que se llega a trav\u00e9s de un t\u00fanel que atraviesa una roca), y su gran variedad de museos \ud83d\udccd <\/p>\n\n\n\n<p><\/p>\n\n\n\n<div class=\"wp-block-image\"><figure class=\"aligncenter\"><img loading=\"lazy\" decoding=\"async\" width=\"3444\" height=\"1961\" src=\"https:\/\/www.buscounchollo.com\/blog\/app\/uploads\/2024\/05\/pueblo-de-guadalest-1-1.png\" alt=\"Pueblo Guadalest\" class=\"wp-image-18678\"\/><figcaption>\u00a1En esta imagen puede apreciarse el enclave del pueblo en las rocas!<\/figcaption><\/figure><\/div>\n\n\n\n<p><\/p>\n\n\n\n<h2 class=\"wp-block-heading\"><span id=\"Planes_unicos_por_hacer_en_tus_vacaciones_por_la_Comunitat_Valenciana\">Planes \u00fanicos por hacer en tus vacaciones por la Comunitat Valenciana<\/span><\/h2>\n\n\n\n<p><\/p>\n\n\n\n<p><strong>Descubrir y conocer<\/strong> destinos est\u00e1 muy bien, pero saber <strong>qu\u00e9 hacer en cada uno de ellos<\/strong>, tambi\u00e9n es un punto muy importante en tus vacaciones \ud83c\udfaf<\/p>\n\n\n\n<p><\/p>\n\n\n\n<p>A pesar de la <strong>gran variedad de planes<\/strong> que puedes encontrar, hemos hecho una <strong>selecci\u00f3n de 3<\/strong> que creemos que pueden ser un planazo para este verano \ud83d\udcaf<\/p>\n\n\n\n<p><\/p>\n\n\n\n<h3 class=\"wp-block-heading\"><span id=\"El_Dragon_de_la_Calderona_Un_secreto_escondido_en_Valencia\">El Drag\u00f3n de la Calderona: Un secreto escondido en Valencia<\/span><\/h3>\n\n\n\n<p><\/p>\n\n\n\n<p>Esta <strong>singular construcci\u00f3n<\/strong> se encuentra en la provincia de Valencia, justo dentro del <strong>Parque Natural de la Sierra de Calderona. <\/strong><\/p>\n\n\n\n<p><\/p>\n\n\n\n<p>Si eres fan de<em><strong> La Casa del Drag\u00f3n<\/strong><\/em>, en este lugar viajar\u00e1s a la serie<strong> sin salir de Espa\u00f1a \ud83d\udc09<\/strong><\/p>\n\n\n\n<p><\/p>\n\n\n\n<div class=\"wp-block-image\"><figure class=\"aligncenter\"><img loading=\"lazy\" decoding=\"async\" width=\"3444\" height=\"1961\" src=\"https:\/\/www.buscounchollo.com\/blog\/app\/uploads\/2024\/05\/dragon-de-la-calderona.png\" alt=\"El Drag\u00f3n de la Calderona\" class=\"wp-image-18679\"\/><figcaption>\u00bfYa te imaginas en ella?<\/figcaption><\/figure><\/div>\n\n\n\n<p>Se trata de una escultura hecha por <strong>Rhea Marmentini<\/strong>, que forma una casa, haciendo la <strong>silueta de un drag\u00f3n<\/strong> y se construy\u00f3 como un <strong>centro de arte e investigaci\u00f3n. <\/strong><\/p>\n\n\n\n<p><\/p>\n\n\n\n<p>Actualmente se encuentra<strong> abierta al p\u00fablico<\/strong> y ofrecen <strong>visitas guiadas<\/strong> para conocer todo el proceso de creaci\u00f3n de los escultores \ud83c\udfc5<\/p>\n\n\n\n<p><\/p>\n\n\n\n<h3 class=\"wp-block-heading\"><span id=\"El_laberinto_mas_grande_de_Espana_se_encuentra_en_Peniscola\">El laberinto m\u00e1s grande de Espa\u00f1a se encuentra en Pe\u00f1\u00edscola<\/span><\/h3>\n\n\n\n<p><\/p>\n\n\n\n<p>Se trata del<strong> laberinto m\u00e1s grande de Espa\u00f1a y el tercero de Europa<\/strong>, con 3 kil\u00f3metros de recorrido, \u00a1qu\u00e9 pasada! \ud83c\udfc6<\/p>\n\n\n\n<p><\/p>\n\n\n\n<p>Si buscas <strong>vivir una experiencia diferente y original<\/strong>, perderse en un laberinto y elegir entre los distintos caminos hasta <strong>encontrar el destino<\/strong> es un planazo para toda la familia \ud83d\udc9a <\/p>\n\n\n\n<p><\/p>\n\n\n\n<div class=\"wp-block-image\"><figure class=\"aligncenter\"><img loading=\"lazy\" decoding=\"async\" width=\"3444\" height=\"1961\" src=\"https:\/\/www.buscounchollo.com\/blog\/app\/uploads\/2024\/05\/laberinto-pe\u00f1\u00edscola-1-1.png\" alt=\"Laberinto de Pen\u00edscola\" class=\"wp-image-18680\"\/><\/figure><\/div>\n\n\n\n<p><\/p>\n\n\n\n<p>\u2139\ufe0f Se encuentra <strong>abierto los s\u00e1bados y domingos<\/strong> entre las 10h y las 19h, y a partir del 1 de julio, mantendr\u00e1 <strong>abierto todos los d\u00edas <\/strong>\ud83d\udcc5<\/p>\n\n\n\n<p><\/p>\n\n\n\n<h3 class=\"wp-block-heading\"><span id=\"La_Ruta_de_los_Puentes_Colgantes_de_Chulilla\">La Ruta de los Puentes Colgantes de Chulilla<\/span><\/h3>\n\n\n\n<p><\/p>\n\n\n\n<p>A 1 hora de Valencia capital se encuentra el <strong>pueblo de Chulilla<\/strong>, con estrechas y blancas calles que ser\u00e1 el <strong>punto de partida de la ruta.<\/strong><\/p>\n\n\n\n<p><\/p>\n\n\n\n<div class=\"wp-block-image\"><figure class=\"aligncenter\"><img loading=\"lazy\" decoding=\"async\" width=\"3444\" height=\"1961\" src=\"https:\/\/www.buscounchollo.com\/blog\/app\/uploads\/2024\/05\/pueblo-de-chulilla-1.png\" alt=\"Pueblo Chulilla\" class=\"wp-image-18681\"\/><figcaption><em>\u00a1Vistas del pueblo de Chulilla!<\/em><\/figcaption><\/figure><\/div>\n\n\n\n<p>Es una <strong>ruta de nivel f\u00e1cil <\/strong>que podr\u00e1s disfrutar perfectamente con toda la familia, y tiene una longitud<strong> aproximadamente de 10 kil\u00f3metros.<\/strong><\/p>\n\n\n\n<p><\/p>\n\n\n\n<p>Si eres m\u00e1s atrevido y est\u00e1s m\u00e1s entrenado, puedes <strong>alargarla hasta 16 kil\u00f3metros<\/strong>, haciendo una ruta circular, en la que bordear\u00e1s el pueblo.<\/p>\n\n\n\n<p><\/p>\n\n\n\n<p>El mejor momento del d\u00eda ser\u00e1 cuando <strong>acabes la ruta<\/strong> y visites la<strong> panader\u00eda del pueblo,<\/strong> para probar sus <strong>dulces t\u00edpicos<\/strong> como: regui\u00f1os, mantecados, torticas de almendra\u2026 \u00a1Qu\u00e9 hambre!<\/p>\n\n\n\n<p><\/p>\n\n\n\n<div class=\"wp-block-image\"><figure class=\"aligncenter\"><img loading=\"lazy\" decoding=\"async\" width=\"3444\" height=\"1961\" src=\"https:\/\/www.buscounchollo.com\/blog\/app\/uploads\/2024\/05\/puentes-colgantes-chulilla-1-1-1.png\" alt=\"Ruta Puentes Colgantes Chulilla\" class=\"wp-image-18682\"\/><figcaption>Estas ser\u00e1n las vistas que te acompa\u00f1ar\u00e1n durante todo el camino<\/figcaption><\/figure><\/div>\n\n\n\n<p><\/p>\n\n\n\n<p><strong>\u00bfConoc\u00edas ya estos planes y lugares de la Comunitat Valenciana? \ud83d\ude48 <\/strong><\/p>\n\n\n\n<p><\/p>\n\n\n\n<p><strong>Si nunca los has visitado, \u00a1ya pueden estar en tu lista para no perd\u00e9rtelos este verano! \ud83d\udcdd <\/strong><\/p>\n\n\n\n<p><\/p>\n\n\n\n<p><strong>Y si quieres encontrar tu viaje al mejor precio, tenemos una<a href=\"https:\/\/www.buscounchollo.com\/destinos\/valencia\/181\/\"> gran variedad de chollos en Valencia<\/a>, \u00a1y para fechas de toodo el verano! \ud83d\udcc5<\/strong><\/p>\n\n\n\n<p><\/p>\n\n\n\n<div class=\"wp-block-button aligncenter\"><a class=\"wp-block-button__link has-text-color has-background has-vivid-red-background-color\" href=\"https:\/\/www.buscounchollo.com\/destinos\/valencia\/181\/\" style=\"color:#ffffff\">Ver chollos en la Comunitat Valenciana<\/a><\/div>\n\n\n\n<p><\/p>\n\n\n\n<div class=\"wp-block-image\"><figure class=\"aligncenter\"><a href=\"https:\/\/www.buscounchollo.com\/?insta\" target=\"_blank\" rel=\"noreferrer noopener\"><img loading=\"lazy\" decoding=\"async\" width=\"600\" height=\"400\" src=\"https:\/\/www.buscounchollo.com\/blog\/app\/uploads\/2024\/05\/blog.png\" alt=\"\" class=\"wp-image-18683\"\/><\/a><\/figure><\/div>\n","protected":false},"excerpt":{"rendered":"<p>Contenido1 Destinos secretos por descubrir en la Comunitat Valenciana1.1 Sierra de Irta, un particular para\u00edso frente al mar1.2 Una joya de la naturaleza: las Islas Columbretes1.3 La Isla de Tabarca, la \u00fanica habitada de la Comunitat Valenciana1.4 Guadalest, uno de los pueblos m\u00e1s bonitos de Espa\u00f1a, en Alicante2 Planes \u00fanicos por hacer en tus vacaciones&#8230;<\/p>\n","protected":false},"author":7,"featured_media":18685,"comment_status":"open","ping_status":"open","sticky":false,"template":"","format":"standard","meta":{"footnotes":""},"categories":[21],"tags":[1939,1938,1937,256,1936],"class_list":["post-18670","post","type-post","status-publish","format-standard","has-post-thumbnail","hentry","category-curiosidades","tag-destinos-escondidos-para-visitar-este-verano","tag-planes-secretos-para-hacer-en-verano","tag-que-hacer-en-verano-en-la-comunitat-valenciana","tag-verano","tag-verano-en-la-comunitat-valenciana"],"yoast_head":"<!-- This site is optimized with the Yoast SEO plugin v23.1 - https:\/\/yoast.com\/wordpress\/plugins\/seo\/ -->\n<title>Los mejores planes y lugares secretos para este verano 2025 en la Comunitat Valenciana - BuscoUnChollo Blog<\/title>\n<meta name=\"description\" content=\"Se acerca el verano y en la Comunitat Valenciana, los viajeros m\u00e1s previsores ya empiezan a preparar su pr\u00f3ximo destino de vacaciones y consultar todos los planes disponibles para aprovechar al m\u00e1ximo.\" \/>\n<meta name=\"robots\" content=\"index, follow, max-snippet:-1, max-image-preview:large, max-video-preview:-1\" \/>\n<link rel=\"canonical\" href=\"https:\/\/www.buscounchollo.com\/blog\/comunitat-valenciana-en-verano-destinos-y-planes-por-hacer\/\" \/>\n<meta property=\"og:locale\" content=\"en_US\" \/>\n<meta property=\"og:type\" content=\"article\" \/>\n<meta property=\"og:title\" content=\"Los mejores planes y lugares secretos para este verano 2025 en la Comunitat Valenciana - BuscoUnChollo Blog\" \/>\n<meta property=\"og:description\" content=\"Se acerca el verano y en la Comunitat Valenciana, los viajeros m\u00e1s previsores ya empiezan a preparar su pr\u00f3ximo destino de vacaciones y consultar todos los planes disponibles para aprovechar al m\u00e1ximo.\" \/>\n<meta property=\"og:url\" content=\"https:\/\/www.buscounchollo.com\/blog\/comunitat-valenciana-en-verano-destinos-y-planes-por-hacer\/\" \/>\n<meta property=\"og:site_name\" content=\"BuscoUnChollo Blog\" \/>\n<meta property=\"article:published_time\" content=\"2024-05-14T15:05:37+00:00\" \/>\n<meta property=\"article:modified_time\" content=\"2025-07-22T16:57:37+00:00\" \/>\n<meta property=\"og:image\" content=\"https:\/\/www.buscounchollo.com\/blog\/app\/uploads\/2024\/05\/Portada-Blog-1.jpg\" \/>\n\t<meta property=\"og:image:width\" content=\"391\" \/>\n\t<meta property=\"og:image:height\" content=\"293\" \/>\n\t<meta property=\"og:image:type\" content=\"image\/jpeg\" \/>\n<meta name=\"author\" content=\"Buscounchollo.com\" \/>\n<meta name=\"twitter:card\" content=\"summary_large_image\" \/>\n<meta name=\"twitter:label1\" content=\"Written by\" \/>\n\t<meta name=\"twitter:data1\" content=\"Buscounchollo.com\" \/>\n\t<meta name=\"twitter:label2\" content=\"Est. reading time\" \/>\n\t<meta name=\"twitter:data2\" content=\"1 minute\" \/>\n<script type=\"application\/ld+json\" class=\"yoast-schema-graph\">{\"@context\":\"https:\/\/schema.org\",\"@graph\":[{\"@type\":\"Article\",\"@id\":\"https:\/\/www.buscounchollo.com\/blog\/comunitat-valenciana-en-verano-destinos-y-planes-por-hacer\/#article\",\"isPartOf\":{\"@id\":\"https:\/\/www.buscounchollo.com\/blog\/comunitat-valenciana-en-verano-destinos-y-planes-por-hacer\/\"},\"author\":{\"name\":\"Buscounchollo.com\",\"@id\":\"https:\/\/www.buscounchollo.com\/blog\/#\/schema\/person\/ff663f524a15142a60f2c66b0b7ec943\"},\"headline\":\"Los mejores planes y lugares secretos para este verano 2025 en la Comunitat Valenciana\",\"datePublished\":\"2024-05-14T15:05:37+00:00\",\"dateModified\":\"2025-07-22T16:57:37+00:00\",\"mainEntityOfPage\":{\"@id\":\"https:\/\/www.buscounchollo.com\/blog\/comunitat-valenciana-en-verano-destinos-y-planes-por-hacer\/\"},\"wordCount\":1111,\"commentCount\":0,\"publisher\":{\"@id\":\"https:\/\/www.buscounchollo.com\/blog\/#organization\"},\"image\":{\"@id\":\"https:\/\/www.buscounchollo.com\/blog\/comunitat-valenciana-en-verano-destinos-y-planes-por-hacer\/#primaryimage\"},\"thumbnailUrl\":\"https:\/\/www.buscounchollo.com\/blog\/app\/uploads\/2024\/05\/Portada-Blog-1.jpg\",\"keywords\":[\"destinos escondidos para visitar este verano\",\"planes secretos para hacer en verano\",\"que hacer en verano en la Comunitat Valenciana\",\"verano\",\"verano en la Comunitat Valenciana\"],\"articleSection\":[\"Curiosidades\"],\"inLanguage\":\"en-US\",\"potentialAction\":[{\"@type\":\"CommentAction\",\"name\":\"Comment\",\"target\":[\"https:\/\/www.buscounchollo.com\/blog\/comunitat-valenciana-en-verano-destinos-y-planes-por-hacer\/#respond\"]}]},{\"@type\":\"WebPage\",\"@id\":\"https:\/\/www.buscounchollo.com\/blog\/comunitat-valenciana-en-verano-destinos-y-planes-por-hacer\/\",\"url\":\"https:\/\/www.buscounchollo.com\/blog\/comunitat-valenciana-en-verano-destinos-y-planes-por-hacer\/\",\"name\":\"Los mejores planes y lugares secretos para este verano 2025 en la Comunitat Valenciana - BuscoUnChollo Blog\",\"isPartOf\":{\"@id\":\"https:\/\/www.buscounchollo.com\/blog\/#website\"},\"primaryImageOfPage\":{\"@id\":\"https:\/\/www.buscounchollo.com\/blog\/comunitat-valenciana-en-verano-destinos-y-planes-por-hacer\/#primaryimage\"},\"image\":{\"@id\":\"https:\/\/www.buscounchollo.com\/blog\/comunitat-valenciana-en-verano-destinos-y-planes-por-hacer\/#primaryimage\"},\"thumbnailUrl\":\"https:\/\/www.buscounchollo.com\/blog\/app\/uploads\/2024\/05\/Portada-Blog-1.jpg\",\"datePublished\":\"2024-05-14T15:05:37+00:00\",\"dateModified\":\"2025-07-22T16:57:37+00:00\",\"description\":\"Se acerca el verano y en la Comunitat Valenciana, los viajeros m\u00e1s previsores ya empiezan a preparar su pr\u00f3ximo destino de vacaciones y consultar todos los planes disponibles para aprovechar al m\u00e1ximo.\",\"breadcrumb\":{\"@id\":\"https:\/\/www.buscounchollo.com\/blog\/comunitat-valenciana-en-verano-destinos-y-planes-por-hacer\/#breadcrumb\"},\"inLanguage\":\"en-US\",\"potentialAction\":[{\"@type\":\"ReadAction\",\"target\":[\"https:\/\/www.buscounchollo.com\/blog\/comunitat-valenciana-en-verano-destinos-y-planes-por-hacer\/\"]}]},{\"@type\":\"ImageObject\",\"inLanguage\":\"en-US\",\"@id\":\"https:\/\/www.buscounchollo.com\/blog\/comunitat-valenciana-en-verano-destinos-y-planes-por-hacer\/#primaryimage\",\"url\":\"https:\/\/www.buscounchollo.com\/blog\/app\/uploads\/2024\/05\/Portada-Blog-1.jpg\",\"contentUrl\":\"https:\/\/www.buscounchollo.com\/blog\/app\/uploads\/2024\/05\/Portada-Blog-1.jpg\",\"width\":391,\"height\":293},{\"@type\":\"BreadcrumbList\",\"@id\":\"https:\/\/www.buscounchollo.com\/blog\/comunitat-valenciana-en-verano-destinos-y-planes-por-hacer\/#breadcrumb\",\"itemListElement\":[{\"@type\":\"ListItem\",\"position\":1,\"name\":\"Home\",\"item\":\"https:\/\/www.buscounchollo.com\/blog\/\"},{\"@type\":\"ListItem\",\"position\":2,\"name\":\"Los mejores planes y lugares secretos para este verano 2025 en la Comunitat Valenciana\"}]},{\"@type\":\"WebSite\",\"@id\":\"https:\/\/www.buscounchollo.com\/blog\/#website\",\"url\":\"https:\/\/www.buscounchollo.com\/blog\/\",\"name\":\"BuscoUnChollo Blog\",\"description\":\"Consejos Para Viajar Y Curiosidades\",\"publisher\":{\"@id\":\"https:\/\/www.buscounchollo.com\/blog\/#organization\"},\"potentialAction\":[{\"@type\":\"SearchAction\",\"target\":{\"@type\":\"EntryPoint\",\"urlTemplate\":\"https:\/\/www.buscounchollo.com\/blog\/?s={search_term_string}\"},\"query-input\":\"required name=search_term_string\"}],\"inLanguage\":\"en-US\"},{\"@type\":\"Organization\",\"@id\":\"https:\/\/www.buscounchollo.com\/blog\/#organization\",\"name\":\"BuscoUnChollo Blog\",\"url\":\"https:\/\/www.buscounchollo.com\/blog\/\",\"logo\":{\"@type\":\"ImageObject\",\"inLanguage\":\"en-US\",\"@id\":\"https:\/\/www.buscounchollo.com\/blog\/#\/schema\/logo\/image\/\",\"url\":\"https:\/\/www.buscounchollo.com\/blog\/app\/uploads\/2021\/05\/logo_lg-1.png\",\"contentUrl\":\"https:\/\/www.buscounchollo.com\/blog\/app\/uploads\/2021\/05\/logo_lg-1.png\",\"width\":600,\"height\":185,\"caption\":\"BuscoUnChollo Blog\"},\"image\":{\"@id\":\"https:\/\/www.buscounchollo.com\/blog\/#\/schema\/logo\/image\/\"}},{\"@type\":\"Person\",\"@id\":\"https:\/\/www.buscounchollo.com\/blog\/#\/schema\/person\/ff663f524a15142a60f2c66b0b7ec943\",\"name\":\"Buscounchollo.com\",\"image\":{\"@type\":\"ImageObject\",\"inLanguage\":\"en-US\",\"@id\":\"https:\/\/www.buscounchollo.com\/blog\/#\/schema\/person\/image\/\",\"url\":\"https:\/\/secure.gravatar.com\/avatar\/8f749c37ac2066e447f5a55925cb7eaf?s=96&d=mm&r=g\",\"contentUrl\":\"https:\/\/secure.gravatar.com\/avatar\/8f749c37ac2066e447f5a55925cb7eaf?s=96&d=mm&r=g\",\"caption\":\"Buscounchollo.com\"},\"url\":\"https:\/\/www.buscounchollo.com\/blog\/author\/marketing\/\"}]}<\/script>\n<!-- \/ Yoast SEO plugin. -->","yoast_head_json":{"title":"Los mejores planes y lugares secretos para este verano 2025 en la Comunitat Valenciana - BuscoUnChollo Blog","description":"Se acerca el verano y en la Comunitat Valenciana, los viajeros m\u00e1s previsores ya empiezan a preparar su pr\u00f3ximo destino de vacaciones y consultar todos los planes disponibles para aprovechar al m\u00e1ximo.","robots":{"index":"index","follow":"follow","max-snippet":"max-snippet:-1","max-image-preview":"max-image-preview:large","max-video-preview":"max-video-preview:-1"},"canonical":"https:\/\/www.buscounchollo.com\/blog\/comunitat-valenciana-en-verano-destinos-y-planes-por-hacer\/","og_locale":"en_US","og_type":"article","og_title":"Los mejores planes y lugares secretos para este verano 2025 en la Comunitat Valenciana - BuscoUnChollo Blog","og_description":"Se acerca el verano y en la Comunitat Valenciana, los viajeros m\u00e1s previsores ya empiezan a preparar su pr\u00f3ximo destino de vacaciones y consultar todos los planes disponibles para aprovechar al m\u00e1ximo.","og_url":"https:\/\/www.buscounchollo.com\/blog\/comunitat-valenciana-en-verano-destinos-y-planes-por-hacer\/","og_site_name":"BuscoUnChollo Blog","article_published_time":"2024-05-14T15:05:37+00:00","article_modified_time":"2025-07-22T16:57:37+00:00","og_image":[{"width":391,"height":293,"url":"https:\/\/www.buscounchollo.com\/blog\/app\/uploads\/2024\/05\/Portada-Blog-1.jpg","type":"image\/jpeg"}],"author":"Buscounchollo.com","twitter_card":"summary_large_image","twitter_misc":{"Written by":"Buscounchollo.com","Est. reading time":"1 minute"},"schema":{"@context":"https:\/\/schema.org","@graph":[{"@type":"Article","@id":"https:\/\/www.buscounchollo.com\/blog\/comunitat-valenciana-en-verano-destinos-y-planes-por-hacer\/#article","isPartOf":{"@id":"https:\/\/www.buscounchollo.com\/blog\/comunitat-valenciana-en-verano-destinos-y-planes-por-hacer\/"},"author":{"name":"Buscounchollo.com","@id":"https:\/\/www.buscounchollo.com\/blog\/#\/schema\/person\/ff663f524a15142a60f2c66b0b7ec943"},"headline":"Los mejores planes y lugares secretos para este verano 2025 en la Comunitat Valenciana","datePublished":"2024-05-14T15:05:37+00:00","dateModified":"2025-07-22T16:57:37+00:00","mainEntityOfPage":{"@id":"https:\/\/www.buscounchollo.com\/blog\/comunitat-valenciana-en-verano-destinos-y-planes-por-hacer\/"},"wordCount":1111,"commentCount":0,"publisher":{"@id":"https:\/\/www.buscounchollo.com\/blog\/#organization"},"image":{"@id":"https:\/\/www.buscounchollo.com\/blog\/comunitat-valenciana-en-verano-destinos-y-planes-por-hacer\/#primaryimage"},"thumbnailUrl":"https:\/\/www.buscounchollo.com\/blog\/app\/uploads\/2024\/05\/Portada-Blog-1.jpg","keywords":["destinos escondidos para visitar este verano","planes secretos para hacer en verano","que hacer en verano en la Comunitat Valenciana","verano","verano en la Comunitat Valenciana"],"articleSection":["Curiosidades"],"inLanguage":"en-US","potentialAction":[{"@type":"CommentAction","name":"Comment","target":["https:\/\/www.buscounchollo.com\/blog\/comunitat-valenciana-en-verano-destinos-y-planes-por-hacer\/#respond"]}]},{"@type":"WebPage","@id":"https:\/\/www.buscounchollo.com\/blog\/comunitat-valenciana-en-verano-destinos-y-planes-por-hacer\/","url":"https:\/\/www.buscounchollo.com\/blog\/comunitat-valenciana-en-verano-destinos-y-planes-por-hacer\/","name":"Los mejores planes y lugares secretos para este verano 2025 en la Comunitat Valenciana - BuscoUnChollo Blog","isPartOf":{"@id":"https:\/\/www.buscounchollo.com\/blog\/#website"},"primaryImageOfPage":{"@id":"https:\/\/www.buscounchollo.com\/blog\/comunitat-valenciana-en-verano-destinos-y-planes-por-hacer\/#primaryimage"},"image":{"@id":"https:\/\/www.buscounchollo.com\/blog\/comunitat-valenciana-en-verano-destinos-y-planes-por-hacer\/#primaryimage"},"thumbnailUrl":"https:\/\/www.buscounchollo.com\/blog\/app\/uploads\/2024\/05\/Portada-Blog-1.jpg","datePublished":"2024-05-14T15:05:37+00:00","dateModified":"2025-07-22T16:57:37+00:00","description":"Se acerca el verano y en la Comunitat Valenciana, los viajeros m\u00e1s previsores ya empiezan a preparar su pr\u00f3ximo destino de vacaciones y consultar todos los planes disponibles para aprovechar al m\u00e1ximo.","breadcrumb":{"@id":"https:\/\/www.buscounchollo.com\/blog\/comunitat-valenciana-en-verano-destinos-y-planes-por-hacer\/#breadcrumb"},"inLanguage":"en-US","potentialAction":[{"@type":"ReadAction","target":["https:\/\/www.buscounchollo.com\/blog\/comunitat-valenciana-en-verano-destinos-y-planes-por-hacer\/"]}]},{"@type":"ImageObject","inLanguage":"en-US","@id":"https:\/\/www.buscounchollo.com\/blog\/comunitat-valenciana-en-verano-destinos-y-planes-por-hacer\/#primaryimage","url":"https:\/\/www.buscounchollo.com\/blog\/app\/uploads\/2024\/05\/Portada-Blog-1.jpg","contentUrl":"https:\/\/www.buscounchollo.com\/blog\/app\/uploads\/2024\/05\/Portada-Blog-1.jpg","width":391,"height":293},{"@type":"BreadcrumbList","@id":"https:\/\/www.buscounchollo.com\/blog\/comunitat-valenciana-en-verano-destinos-y-planes-por-hacer\/#breadcrumb","itemListElement":[{"@type":"ListItem","position":1,"name":"Home","item":"https:\/\/www.buscounchollo.com\/blog\/"},{"@type":"ListItem","position":2,"name":"Los mejores planes y lugares secretos para este verano 2025 en la Comunitat Valenciana"}]},{"@type":"WebSite","@id":"https:\/\/www.buscounchollo.com\/blog\/#website","url":"https:\/\/www.buscounchollo.com\/blog\/","name":"BuscoUnChollo Blog","description":"Consejos Para Viajar Y Curiosidades","publisher":{"@id":"https:\/\/www.buscounchollo.com\/blog\/#organization"},"potentialAction":[{"@type":"SearchAction","target":{"@type":"EntryPoint","urlTemplate":"https:\/\/www.buscounchollo.com\/blog\/?s={search_term_string}"},"query-input":"required name=search_term_string"}],"inLanguage":"en-US"},{"@type":"Organization","@id":"https:\/\/www.buscounchollo.com\/blog\/#organization","name":"BuscoUnChollo Blog","url":"https:\/\/www.buscounchollo.com\/blog\/","logo":{"@type":"ImageObject","inLanguage":"en-US","@id":"https:\/\/www.buscounchollo.com\/blog\/#\/schema\/logo\/image\/","url":"https:\/\/www.buscounchollo.com\/blog\/app\/uploads\/2021\/05\/logo_lg-1.png","contentUrl":"https:\/\/www.buscounchollo.com\/blog\/app\/uploads\/2021\/05\/logo_lg-1.png","width":600,"height":185,"caption":"BuscoUnChollo Blog"},"image":{"@id":"https:\/\/www.buscounchollo.com\/blog\/#\/schema\/logo\/image\/"}},{"@type":"Person","@id":"https:\/\/www.buscounchollo.com\/blog\/#\/schema\/person\/ff663f524a15142a60f2c66b0b7ec943","name":"Buscounchollo.com","image":{"@type":"ImageObject","inLanguage":"en-US","@id":"https:\/\/www.buscounchollo.com\/blog\/#\/schema\/person\/image\/","url":"https:\/\/secure.gravatar.com\/avatar\/8f749c37ac2066e447f5a55925cb7eaf?s=96&d=mm&r=g","contentUrl":"https:\/\/secure.gravatar.com\/avatar\/8f749c37ac2066e447f5a55925cb7eaf?s=96&d=mm&r=g","caption":"Buscounchollo.com"},"url":"https:\/\/www.buscounchollo.com\/blog\/author\/marketing\/"}]}},"_links":{"self":[{"href":"https:\/\/www.buscounchollo.com\/blog\/wp-json\/wp\/v2\/posts\/18670"}],"collection":[{"href":"https:\/\/www.buscounchollo.com\/blog\/wp-json\/wp\/v2\/posts"}],"about":[{"href":"https:\/\/www.buscounchollo.com\/blog\/wp-json\/wp\/v2\/types\/post"}],"author":[{"embeddable":true,"href":"https:\/\/www.buscounchollo.com\/blog\/wp-json\/wp\/v2\/users\/7"}],"replies":[{"embeddable":true,"href":"https:\/\/www.buscounchollo.com\/blog\/wp-json\/wp\/v2\/comments?post=18670"}],"version-history":[{"count":4,"href":"https:\/\/www.buscounchollo.com\/blog\/wp-json\/wp\/v2\/posts\/18670\/revisions"}],"predecessor-version":[{"id":21556,"href":"https:\/\/www.buscounchollo.com\/blog\/wp-json\/wp\/v2\/posts\/18670\/revisions\/21556"}],"wp:featuredmedia":[{"embeddable":true,"href":"https:\/\/www.buscounchollo.com\/blog\/wp-json\/wp\/v2\/media\/18685"}],"wp:attachment":[{"href":"https:\/\/www.buscounchollo.com\/blog\/wp-json\/wp\/v2\/media?parent=18670"}],"wp:term":[{"taxonomy":"category","embeddable":true,"href":"https:\/\/www.buscounchollo.com\/blog\/wp-json\/wp\/v2\/categories?post=18670"},{"taxonomy":"post_tag","embeddable":true,"href":"https:\/\/www.buscounchollo.com\/blog\/wp-json\/wp\/v2\/tags?post=18670"}],"curies":[{"name":"wp","href":"https:\/\/api.w.org\/{rel}","templated":true}]}}