{"id":21928,"date":"2025-09-05T13:40:18","date_gmt":"2025-09-05T11:40:18","guid":{"rendered":"https:\/\/www.buscounchollo.com\/blog\/?p=21928"},"modified":"2025-09-05T13:44:00","modified_gmt":"2025-09-05T11:44:00","slug":"la-cronica-de-cantabria-habla-sobre-los-datos-que-sacamos-sobre-nuestro-estudio-depresion-post-vacacional","status":"publish","type":"post","link":"https:\/\/www.buscounchollo.com\/blog\/la-cronica-de-cantabria-habla-sobre-los-datos-que-sacamos-sobre-nuestro-estudio-depresion-post-vacacional\/","title":{"rendered":"La Cr\u00f3nica de Cantabria habla sobre los datos que sacamos sobre nuestro estudio depresi\u00f3n post-vacacional"},"content":{"rendered":"\t\t<div data-elementor-type=\"wp-post\" data-elementor-id=\"21928\" class=\"elementor elementor-21928\" data-elementor-settings=\"[]\">\n\t\t\t\t\t\t<div class=\"elementor-inner\">\n\t\t\t\t\t\t\t<div class=\"elementor-section-wrap\">\n\t\t\t\t\t\t\t<section class=\"elementor-section elementor-top-section elementor-element elementor-element-30ddf1d elementor-section-boxed elementor-section-height-default elementor-section-height-default\" data-id=\"30ddf1d\" data-element_type=\"section\">\n\t\t\t\t\t\t<div class=\"elementor-container elementor-column-gap-default\">\n\t\t\t\t\t\t\t<div class=\"elementor-row\">\n\t\t\t\t\t<div class=\"elementor-column elementor-col-100 elementor-top-column elementor-element elementor-element-38ce488\" data-id=\"38ce488\" data-element_type=\"column\">\n\t\t\t<div class=\"elementor-column-wrap elementor-element-populated\">\n\t\t\t\t\t\t\t<div class=\"elementor-widget-wrap\">\n\t\t\t\t\t\t<div class=\"elementor-element elementor-element-5dc1d75 elementor-widget elementor-widget-text-editor\" data-id=\"5dc1d75\" data-element_type=\"widget\" data-widget_type=\"text-editor.default\">\n\t\t\t\t<div class=\"elementor-widget-container\">\n\t\t\t\t\t<div class=\"elementor-text-editor elementor-clearfix\"><p data-start=\"1211\" data-end=\"1527\">La vuelta a la rutina nunca es sencilla\u2026 y as\u00ed lo refleja nuestro estudio del que se hace eco <em data-start=\"1338\" data-end=\"1363\">La Cr\u00f3nica de Cantabria<\/em>: el 67% de los espa\u00f1oles prefiere ahora varias escapadas cortas para hacer m\u00e1s llevadera la depresi\u00f3n post-vacacional.<br \/><br data-start=\"1482\" data-end=\"1485\" \/>\u00a0Te lo contamos en detalle aqu\u00ed: \ud83d\udc47<\/p><\/div>\n\t\t\t\t<\/div>\n\t\t\t\t<\/div>\n\t\t\t\t\t\t<\/div>\n\t\t\t\t\t<\/div>\n\t\t<\/div>\n\t\t\t\t\t\t\t\t<\/div>\n\t\t\t\t\t<\/div>\n\t\t<\/section>\n\t\t\t\t<section class=\"elementor-section elementor-top-section elementor-element elementor-element-323222a elementor-section-boxed elementor-section-height-default elementor-section-height-default\" data-id=\"323222a\" data-element_type=\"section\">\n\t\t\t\t\t\t<div class=\"elementor-container elementor-column-gap-default\">\n\t\t\t\t\t\t\t<div class=\"elementor-row\">\n\t\t\t\t\t<div class=\"elementor-column elementor-col-100 elementor-top-column elementor-element elementor-element-28b4ba8\" data-id=\"28b4ba8\" data-element_type=\"column\">\n\t\t\t<div class=\"elementor-column-wrap elementor-element-populated\">\n\t\t\t\t\t\t\t<div class=\"elementor-widget-wrap\">\n\t\t\t\t\t\t<div class=\"elementor-element elementor-element-803eaf3 elementor-widget elementor-widget-image\" data-id=\"803eaf3\" data-element_type=\"widget\" data-widget_type=\"image.default\">\n\t\t\t\t<div class=\"elementor-widget-container\">\n\t\t\t\t\t<div class=\"elementor-image\">\n\t\t\t\t\t\t\t\t\t\t<img loading=\"lazy\" decoding=\"async\" width=\"775\" height=\"716\" src=\"https:\/\/www.buscounchollo.com\/blog\/app\/uploads\/2025\/09\/Captura-de-pantalla-2025-09-05-134107.png\" class=\"attachment-large size-large\" alt=\"\" srcset=\"https:\/\/www.buscounchollo.com\/blog\/app\/uploads\/2025\/09\/Captura-de-pantalla-2025-09-05-134107.png 775w, https:\/\/www.buscounchollo.com\/blog\/app\/uploads\/2025\/09\/Captura-de-pantalla-2025-09-05-134107-300x277.png 300w, https:\/\/www.buscounchollo.com\/blog\/app\/uploads\/2025\/09\/Captura-de-pantalla-2025-09-05-134107-768x710.png 768w\" sizes=\"(max-width: 775px) 100vw, 775px\" \/>\t\t\t\t\t\t\t\t\t\t\t<\/div>\n\t\t\t\t<\/div>\n\t\t\t\t<\/div>\n\t\t\t\t\t\t<\/div>\n\t\t\t\t\t<\/div>\n\t\t<\/div>\n\t\t\t\t\t\t\t\t<\/div>\n\t\t\t\t\t<\/div>\n\t\t<\/section>\n\t\t\t\t<section class=\"elementor-section elementor-top-section elementor-element elementor-element-ec96f73 elementor-section-boxed elementor-section-height-default elementor-section-height-default\" data-id=\"ec96f73\" data-element_type=\"section\">\n\t\t\t\t\t\t<div class=\"elementor-container elementor-column-gap-default\">\n\t\t\t\t\t\t\t<div class=\"elementor-row\">\n\t\t\t\t\t<div class=\"elementor-column elementor-col-100 elementor-top-column elementor-element elementor-element-e01b4b1\" data-id=\"e01b4b1\" data-element_type=\"column\">\n\t\t\t<div class=\"elementor-column-wrap elementor-element-populated\">\n\t\t\t\t\t\t\t<div class=\"elementor-widget-wrap\">\n\t\t\t\t\t\t<div class=\"elementor-element elementor-element-9dff332 elementor-widget elementor-widget-image\" data-id=\"9dff332\" data-element_type=\"widget\" data-widget_type=\"image.default\">\n\t\t\t\t<div class=\"elementor-widget-container\">\n\t\t\t\t\t<div class=\"elementor-image\">\n\t\t\t\t\t\t\t\t\t\t<img loading=\"lazy\" decoding=\"async\" width=\"774\" height=\"708\" src=\"https:\/\/www.buscounchollo.com\/blog\/app\/uploads\/2025\/09\/Captura-de-pantalla-2025-09-05-134020.png\" class=\"attachment-large size-large\" alt=\"\" srcset=\"https:\/\/www.buscounchollo.com\/blog\/app\/uploads\/2025\/09\/Captura-de-pantalla-2025-09-05-134020.png 774w, https:\/\/www.buscounchollo.com\/blog\/app\/uploads\/2025\/09\/Captura-de-pantalla-2025-09-05-134020-300x274.png 300w, https:\/\/www.buscounchollo.com\/blog\/app\/uploads\/2025\/09\/Captura-de-pantalla-2025-09-05-134020-768x703.png 768w\" sizes=\"(max-width: 774px) 100vw, 774px\" \/>\t\t\t\t\t\t\t\t\t\t\t<\/div>\n\t\t\t\t<\/div>\n\t\t\t\t<\/div>\n\t\t\t\t\t\t<\/div>\n\t\t\t\t\t<\/div>\n\t\t<\/div>\n\t\t\t\t\t\t\t\t<\/div>\n\t\t\t\t\t<\/div>\n\t\t<\/section>\n\t\t\t\t\t\t<\/div>\n\t\t\t\t\t\t<\/div>\n\t\t\t\t\t<\/div>\n\t\t","protected":false},"excerpt":{"rendered":"<p>La vuelta a la rutina nunca es sencilla\u2026 y as\u00ed lo refleja nuestro estudio del que se hace eco La Cr\u00f3nica de Cantabria: el 67% de los espa\u00f1oles prefiere ahora varias escapadas cortas para hacer m\u00e1s llevadera la depresi\u00f3n post-vacacional.\u00a0Te lo contamos en detalle aqu\u00ed: \ud83d\udc47<\/p>\n","protected":false},"author":7,"featured_media":21935,"comment_status":"open","ping_status":"open","sticky":false,"template":"","format":"standard","meta":{"footnotes":""},"categories":[557],"tags":[1330,2207,895,315],"class_list":["post-21928","post","type-post","status-publish","format-standard","has-post-thumbnail","hentry","category-buscounchollo-prensa","tag-buscounchollo-en-los-medios","tag-depresion-post-vacaciones","tag-medios","tag-vacaciones"],"yoast_head":"<!-- This site is optimized with the Yoast SEO plugin v23.1 - https:\/\/yoast.com\/wordpress\/plugins\/seo\/ -->\n<title>La Cr\u00f3nica de Cantabria habla sobre los datos que sacamos sobre nuestro estudio depresi\u00f3n post-vacacional - BuscoUnChollo Blog<\/title>\n<meta name=\"description\" content=\"Nuestro estudio revela que el 66% de los espa\u00f1oles sufre depresi\u00f3n post-vacacional. La Cr\u00f3nica de Cantabria se hace eco de ello.\" \/>\n<meta name=\"robots\" content=\"index, follow, max-snippet:-1, max-image-preview:large, max-video-preview:-1\" \/>\n<link rel=\"canonical\" href=\"https:\/\/www.buscounchollo.com\/blog\/la-cronica-de-cantabria-habla-sobre-los-datos-que-sacamos-sobre-nuestro-estudio-depresion-post-vacacional\/\" \/>\n<meta property=\"og:locale\" content=\"en_US\" \/>\n<meta property=\"og:type\" content=\"article\" \/>\n<meta property=\"og:title\" content=\"La Cr\u00f3nica de Cantabria habla sobre los datos que sacamos sobre nuestro estudio depresi\u00f3n post-vacacional - BuscoUnChollo Blog\" \/>\n<meta property=\"og:description\" content=\"Nuestro estudio revela que el 66% de los espa\u00f1oles sufre depresi\u00f3n post-vacacional. La Cr\u00f3nica de Cantabria se hace eco de ello.\" \/>\n<meta property=\"og:url\" content=\"https:\/\/www.buscounchollo.com\/blog\/la-cronica-de-cantabria-habla-sobre-los-datos-que-sacamos-sobre-nuestro-estudio-depresion-post-vacacional\/\" \/>\n<meta property=\"og:site_name\" content=\"BuscoUnChollo Blog\" \/>\n<meta property=\"article:published_time\" content=\"2025-09-05T11:40:18+00:00\" \/>\n<meta property=\"article:modified_time\" content=\"2025-09-05T11:44:00+00:00\" \/>\n<meta property=\"og:image\" content=\"https:\/\/www.buscounchollo.com\/blog\/app\/uploads\/2025\/09\/Frame-3103-3-scaled.jpg\" \/>\n\t<meta property=\"og:image:width\" content=\"2560\" \/>\n\t<meta property=\"og:image:height\" content=\"1707\" \/>\n\t<meta property=\"og:image:type\" content=\"image\/jpeg\" \/>\n<meta name=\"author\" content=\"Buscounchollo.com\" \/>\n<meta name=\"twitter:card\" content=\"summary_large_image\" \/>\n<meta name=\"twitter:label1\" content=\"Written by\" \/>\n\t<meta name=\"twitter:data1\" content=\"Buscounchollo.com\" \/>\n\t<meta name=\"twitter:label2\" content=\"Est. reading time\" \/>\n\t<meta name=\"twitter:data2\" content=\"1 minute\" \/>\n<script type=\"application\/ld+json\" class=\"yoast-schema-graph\">{\"@context\":\"https:\/\/schema.org\",\"@graph\":[{\"@type\":\"Article\",\"@id\":\"https:\/\/www.buscounchollo.com\/blog\/la-cronica-de-cantabria-habla-sobre-los-datos-que-sacamos-sobre-nuestro-estudio-depresion-post-vacacional\/#article\",\"isPartOf\":{\"@id\":\"https:\/\/www.buscounchollo.com\/blog\/la-cronica-de-cantabria-habla-sobre-los-datos-que-sacamos-sobre-nuestro-estudio-depresion-post-vacacional\/\"},\"author\":{\"name\":\"Buscounchollo.com\",\"@id\":\"https:\/\/www.buscounchollo.com\/blog\/#\/schema\/person\/ff663f524a15142a60f2c66b0b7ec943\"},\"headline\":\"La Cr\u00f3nica de Cantabria habla sobre los datos que sacamos sobre nuestro estudio depresi\u00f3n post-vacacional\",\"datePublished\":\"2025-09-05T11:40:18+00:00\",\"dateModified\":\"2025-09-05T11:44:00+00:00\",\"mainEntityOfPage\":{\"@id\":\"https:\/\/www.buscounchollo.com\/blog\/la-cronica-de-cantabria-habla-sobre-los-datos-que-sacamos-sobre-nuestro-estudio-depresion-post-vacacional\/\"},\"wordCount\":66,\"commentCount\":0,\"publisher\":{\"@id\":\"https:\/\/www.buscounchollo.com\/blog\/#organization\"},\"image\":{\"@id\":\"https:\/\/www.buscounchollo.com\/blog\/la-cronica-de-cantabria-habla-sobre-los-datos-que-sacamos-sobre-nuestro-estudio-depresion-post-vacacional\/#primaryimage\"},\"thumbnailUrl\":\"https:\/\/www.buscounchollo.com\/blog\/app\/uploads\/2025\/09\/Frame-3103-3-scaled.jpg\",\"keywords\":[\"buscounchollo en los medios\",\"Depresi\u00f3n Post-Vacaciones\",\"medios\",\"Vacaciones\"],\"articleSection\":[\"Buscounchollo en los medios\"],\"inLanguage\":\"en-US\",\"potentialAction\":[{\"@type\":\"CommentAction\",\"name\":\"Comment\",\"target\":[\"https:\/\/www.buscounchollo.com\/blog\/la-cronica-de-cantabria-habla-sobre-los-datos-que-sacamos-sobre-nuestro-estudio-depresion-post-vacacional\/#respond\"]}]},{\"@type\":\"WebPage\",\"@id\":\"https:\/\/www.buscounchollo.com\/blog\/la-cronica-de-cantabria-habla-sobre-los-datos-que-sacamos-sobre-nuestro-estudio-depresion-post-vacacional\/\",\"url\":\"https:\/\/www.buscounchollo.com\/blog\/la-cronica-de-cantabria-habla-sobre-los-datos-que-sacamos-sobre-nuestro-estudio-depresion-post-vacacional\/\",\"name\":\"La Cr\u00f3nica de Cantabria habla sobre los datos que sacamos sobre nuestro estudio depresi\u00f3n post-vacacional - BuscoUnChollo Blog\",\"isPartOf\":{\"@id\":\"https:\/\/www.buscounchollo.com\/blog\/#website\"},\"primaryImageOfPage\":{\"@id\":\"https:\/\/www.buscounchollo.com\/blog\/la-cronica-de-cantabria-habla-sobre-los-datos-que-sacamos-sobre-nuestro-estudio-depresion-post-vacacional\/#primaryimage\"},\"image\":{\"@id\":\"https:\/\/www.buscounchollo.com\/blog\/la-cronica-de-cantabria-habla-sobre-los-datos-que-sacamos-sobre-nuestro-estudio-depresion-post-vacacional\/#primaryimage\"},\"thumbnailUrl\":\"https:\/\/www.buscounchollo.com\/blog\/app\/uploads\/2025\/09\/Frame-3103-3-scaled.jpg\",\"datePublished\":\"2025-09-05T11:40:18+00:00\",\"dateModified\":\"2025-09-05T11:44:00+00:00\",\"description\":\"Nuestro estudio revela que el 66% de los espa\u00f1oles sufre depresi\u00f3n post-vacacional. La Cr\u00f3nica de Cantabria se hace eco de ello.\",\"breadcrumb\":{\"@id\":\"https:\/\/www.buscounchollo.com\/blog\/la-cronica-de-cantabria-habla-sobre-los-datos-que-sacamos-sobre-nuestro-estudio-depresion-post-vacacional\/#breadcrumb\"},\"inLanguage\":\"en-US\",\"potentialAction\":[{\"@type\":\"ReadAction\",\"target\":[\"https:\/\/www.buscounchollo.com\/blog\/la-cronica-de-cantabria-habla-sobre-los-datos-que-sacamos-sobre-nuestro-estudio-depresion-post-vacacional\/\"]}]},{\"@type\":\"ImageObject\",\"inLanguage\":\"en-US\",\"@id\":\"https:\/\/www.buscounchollo.com\/blog\/la-cronica-de-cantabria-habla-sobre-los-datos-que-sacamos-sobre-nuestro-estudio-depresion-post-vacacional\/#primaryimage\",\"url\":\"https:\/\/www.buscounchollo.com\/blog\/app\/uploads\/2025\/09\/Frame-3103-3-scaled.jpg\",\"contentUrl\":\"https:\/\/www.buscounchollo.com\/blog\/app\/uploads\/2025\/09\/Frame-3103-3-scaled.jpg\",\"width\":2560,\"height\":1707},{\"@type\":\"BreadcrumbList\",\"@id\":\"https:\/\/www.buscounchollo.com\/blog\/la-cronica-de-cantabria-habla-sobre-los-datos-que-sacamos-sobre-nuestro-estudio-depresion-post-vacacional\/#breadcrumb\",\"itemListElement\":[{\"@type\":\"ListItem\",\"position\":1,\"name\":\"Home\",\"item\":\"https:\/\/www.buscounchollo.com\/blog\/\"},{\"@type\":\"ListItem\",\"position\":2,\"name\":\"La Cr\u00f3nica de Cantabria habla sobre los datos que sacamos sobre nuestro estudio depresi\u00f3n post-vacacional\"}]},{\"@type\":\"WebSite\",\"@id\":\"https:\/\/www.buscounchollo.com\/blog\/#website\",\"url\":\"https:\/\/www.buscounchollo.com\/blog\/\",\"name\":\"BuscoUnChollo Blog\",\"description\":\"Consejos Para Viajar Y Curiosidades\",\"publisher\":{\"@id\":\"https:\/\/www.buscounchollo.com\/blog\/#organization\"},\"potentialAction\":[{\"@type\":\"SearchAction\",\"target\":{\"@type\":\"EntryPoint\",\"urlTemplate\":\"https:\/\/www.buscounchollo.com\/blog\/?s={search_term_string}\"},\"query-input\":\"required name=search_term_string\"}],\"inLanguage\":\"en-US\"},{\"@type\":\"Organization\",\"@id\":\"https:\/\/www.buscounchollo.com\/blog\/#organization\",\"name\":\"BuscoUnChollo Blog\",\"url\":\"https:\/\/www.buscounchollo.com\/blog\/\",\"logo\":{\"@type\":\"ImageObject\",\"inLanguage\":\"en-US\",\"@id\":\"https:\/\/www.buscounchollo.com\/blog\/#\/schema\/logo\/image\/\",\"url\":\"https:\/\/www.buscounchollo.com\/blog\/app\/uploads\/2021\/05\/logo_lg-1.png\",\"contentUrl\":\"https:\/\/www.buscounchollo.com\/blog\/app\/uploads\/2021\/05\/logo_lg-1.png\",\"width\":600,\"height\":185,\"caption\":\"BuscoUnChollo Blog\"},\"image\":{\"@id\":\"https:\/\/www.buscounchollo.com\/blog\/#\/schema\/logo\/image\/\"}},{\"@type\":\"Person\",\"@id\":\"https:\/\/www.buscounchollo.com\/blog\/#\/schema\/person\/ff663f524a15142a60f2c66b0b7ec943\",\"name\":\"Buscounchollo.com\",\"image\":{\"@type\":\"ImageObject\",\"inLanguage\":\"en-US\",\"@id\":\"https:\/\/www.buscounchollo.com\/blog\/#\/schema\/person\/image\/\",\"url\":\"https:\/\/secure.gravatar.com\/avatar\/8f749c37ac2066e447f5a55925cb7eaf?s=96&d=mm&r=g\",\"contentUrl\":\"https:\/\/secure.gravatar.com\/avatar\/8f749c37ac2066e447f5a55925cb7eaf?s=96&d=mm&r=g\",\"caption\":\"Buscounchollo.com\"},\"url\":\"https:\/\/www.buscounchollo.com\/blog\/author\/marketing\/\"}]}<\/script>\n<!-- \/ Yoast SEO plugin. -->","yoast_head_json":{"title":"La Cr\u00f3nica de Cantabria habla sobre los datos que sacamos sobre nuestro estudio depresi\u00f3n post-vacacional - BuscoUnChollo Blog","description":"Nuestro estudio revela que el 66% de los espa\u00f1oles sufre depresi\u00f3n post-vacacional. La Cr\u00f3nica de Cantabria se hace eco de ello.","robots":{"index":"index","follow":"follow","max-snippet":"max-snippet:-1","max-image-preview":"max-image-preview:large","max-video-preview":"max-video-preview:-1"},"canonical":"https:\/\/www.buscounchollo.com\/blog\/la-cronica-de-cantabria-habla-sobre-los-datos-que-sacamos-sobre-nuestro-estudio-depresion-post-vacacional\/","og_locale":"en_US","og_type":"article","og_title":"La Cr\u00f3nica de Cantabria habla sobre los datos que sacamos sobre nuestro estudio depresi\u00f3n post-vacacional - BuscoUnChollo Blog","og_description":"Nuestro estudio revela que el 66% de los espa\u00f1oles sufre depresi\u00f3n post-vacacional. La Cr\u00f3nica de Cantabria se hace eco de ello.","og_url":"https:\/\/www.buscounchollo.com\/blog\/la-cronica-de-cantabria-habla-sobre-los-datos-que-sacamos-sobre-nuestro-estudio-depresion-post-vacacional\/","og_site_name":"BuscoUnChollo Blog","article_published_time":"2025-09-05T11:40:18+00:00","article_modified_time":"2025-09-05T11:44:00+00:00","og_image":[{"width":2560,"height":1707,"url":"https:\/\/www.buscounchollo.com\/blog\/app\/uploads\/2025\/09\/Frame-3103-3-scaled.jpg","type":"image\/jpeg"}],"author":"Buscounchollo.com","twitter_card":"summary_large_image","twitter_misc":{"Written by":"Buscounchollo.com","Est. reading time":"1 minute"},"schema":{"@context":"https:\/\/schema.org","@graph":[{"@type":"Article","@id":"https:\/\/www.buscounchollo.com\/blog\/la-cronica-de-cantabria-habla-sobre-los-datos-que-sacamos-sobre-nuestro-estudio-depresion-post-vacacional\/#article","isPartOf":{"@id":"https:\/\/www.buscounchollo.com\/blog\/la-cronica-de-cantabria-habla-sobre-los-datos-que-sacamos-sobre-nuestro-estudio-depresion-post-vacacional\/"},"author":{"name":"Buscounchollo.com","@id":"https:\/\/www.buscounchollo.com\/blog\/#\/schema\/person\/ff663f524a15142a60f2c66b0b7ec943"},"headline":"La Cr\u00f3nica de Cantabria habla sobre los datos que sacamos sobre nuestro estudio depresi\u00f3n post-vacacional","datePublished":"2025-09-05T11:40:18+00:00","dateModified":"2025-09-05T11:44:00+00:00","mainEntityOfPage":{"@id":"https:\/\/www.buscounchollo.com\/blog\/la-cronica-de-cantabria-habla-sobre-los-datos-que-sacamos-sobre-nuestro-estudio-depresion-post-vacacional\/"},"wordCount":66,"commentCount":0,"publisher":{"@id":"https:\/\/www.buscounchollo.com\/blog\/#organization"},"image":{"@id":"https:\/\/www.buscounchollo.com\/blog\/la-cronica-de-cantabria-habla-sobre-los-datos-que-sacamos-sobre-nuestro-estudio-depresion-post-vacacional\/#primaryimage"},"thumbnailUrl":"https:\/\/www.buscounchollo.com\/blog\/app\/uploads\/2025\/09\/Frame-3103-3-scaled.jpg","keywords":["buscounchollo en los medios","Depresi\u00f3n Post-Vacaciones","medios","Vacaciones"],"articleSection":["Buscounchollo en los medios"],"inLanguage":"en-US","potentialAction":[{"@type":"CommentAction","name":"Comment","target":["https:\/\/www.buscounchollo.com\/blog\/la-cronica-de-cantabria-habla-sobre-los-datos-que-sacamos-sobre-nuestro-estudio-depresion-post-vacacional\/#respond"]}]},{"@type":"WebPage","@id":"https:\/\/www.buscounchollo.com\/blog\/la-cronica-de-cantabria-habla-sobre-los-datos-que-sacamos-sobre-nuestro-estudio-depresion-post-vacacional\/","url":"https:\/\/www.buscounchollo.com\/blog\/la-cronica-de-cantabria-habla-sobre-los-datos-que-sacamos-sobre-nuestro-estudio-depresion-post-vacacional\/","name":"La Cr\u00f3nica de Cantabria habla sobre los datos que sacamos sobre nuestro estudio depresi\u00f3n post-vacacional - BuscoUnChollo Blog","isPartOf":{"@id":"https:\/\/www.buscounchollo.com\/blog\/#website"},"primaryImageOfPage":{"@id":"https:\/\/www.buscounchollo.com\/blog\/la-cronica-de-cantabria-habla-sobre-los-datos-que-sacamos-sobre-nuestro-estudio-depresion-post-vacacional\/#primaryimage"},"image":{"@id":"https:\/\/www.buscounchollo.com\/blog\/la-cronica-de-cantabria-habla-sobre-los-datos-que-sacamos-sobre-nuestro-estudio-depresion-post-vacacional\/#primaryimage"},"thumbnailUrl":"https:\/\/www.buscounchollo.com\/blog\/app\/uploads\/2025\/09\/Frame-3103-3-scaled.jpg","datePublished":"2025-09-05T11:40:18+00:00","dateModified":"2025-09-05T11:44:00+00:00","description":"Nuestro estudio revela que el 66% de los espa\u00f1oles sufre depresi\u00f3n post-vacacional. La Cr\u00f3nica de Cantabria se hace eco de ello.","breadcrumb":{"@id":"https:\/\/www.buscounchollo.com\/blog\/la-cronica-de-cantabria-habla-sobre-los-datos-que-sacamos-sobre-nuestro-estudio-depresion-post-vacacional\/#breadcrumb"},"inLanguage":"en-US","potentialAction":[{"@type":"ReadAction","target":["https:\/\/www.buscounchollo.com\/blog\/la-cronica-de-cantabria-habla-sobre-los-datos-que-sacamos-sobre-nuestro-estudio-depresion-post-vacacional\/"]}]},{"@type":"ImageObject","inLanguage":"en-US","@id":"https:\/\/www.buscounchollo.com\/blog\/la-cronica-de-cantabria-habla-sobre-los-datos-que-sacamos-sobre-nuestro-estudio-depresion-post-vacacional\/#primaryimage","url":"https:\/\/www.buscounchollo.com\/blog\/app\/uploads\/2025\/09\/Frame-3103-3-scaled.jpg","contentUrl":"https:\/\/www.buscounchollo.com\/blog\/app\/uploads\/2025\/09\/Frame-3103-3-scaled.jpg","width":2560,"height":1707},{"@type":"BreadcrumbList","@id":"https:\/\/www.buscounchollo.com\/blog\/la-cronica-de-cantabria-habla-sobre-los-datos-que-sacamos-sobre-nuestro-estudio-depresion-post-vacacional\/#breadcrumb","itemListElement":[{"@type":"ListItem","position":1,"name":"Home","item":"https:\/\/www.buscounchollo.com\/blog\/"},{"@type":"ListItem","position":2,"name":"La Cr\u00f3nica de Cantabria habla sobre los datos que sacamos sobre nuestro estudio depresi\u00f3n post-vacacional"}]},{"@type":"WebSite","@id":"https:\/\/www.buscounchollo.com\/blog\/#website","url":"https:\/\/www.buscounchollo.com\/blog\/","name":"BuscoUnChollo Blog","description":"Consejos Para Viajar Y Curiosidades","publisher":{"@id":"https:\/\/www.buscounchollo.com\/blog\/#organization"},"potentialAction":[{"@type":"SearchAction","target":{"@type":"EntryPoint","urlTemplate":"https:\/\/www.buscounchollo.com\/blog\/?s={search_term_string}"},"query-input":"required name=search_term_string"}],"inLanguage":"en-US"},{"@type":"Organization","@id":"https:\/\/www.buscounchollo.com\/blog\/#organization","name":"BuscoUnChollo Blog","url":"https:\/\/www.buscounchollo.com\/blog\/","logo":{"@type":"ImageObject","inLanguage":"en-US","@id":"https:\/\/www.buscounchollo.com\/blog\/#\/schema\/logo\/image\/","url":"https:\/\/www.buscounchollo.com\/blog\/app\/uploads\/2021\/05\/logo_lg-1.png","contentUrl":"https:\/\/www.buscounchollo.com\/blog\/app\/uploads\/2021\/05\/logo_lg-1.png","width":600,"height":185,"caption":"BuscoUnChollo Blog"},"image":{"@id":"https:\/\/www.buscounchollo.com\/blog\/#\/schema\/logo\/image\/"}},{"@type":"Person","@id":"https:\/\/www.buscounchollo.com\/blog\/#\/schema\/person\/ff663f524a15142a60f2c66b0b7ec943","name":"Buscounchollo.com","image":{"@type":"ImageObject","inLanguage":"en-US","@id":"https:\/\/www.buscounchollo.com\/blog\/#\/schema\/person\/image\/","url":"https:\/\/secure.gravatar.com\/avatar\/8f749c37ac2066e447f5a55925cb7eaf?s=96&d=mm&r=g","contentUrl":"https:\/\/secure.gravatar.com\/avatar\/8f749c37ac2066e447f5a55925cb7eaf?s=96&d=mm&r=g","caption":"Buscounchollo.com"},"url":"https:\/\/www.buscounchollo.com\/blog\/author\/marketing\/"}]}},"_links":{"self":[{"href":"https:\/\/www.buscounchollo.com\/blog\/wp-json\/wp\/v2\/posts\/21928"}],"collection":[{"href":"https:\/\/www.buscounchollo.com\/blog\/wp-json\/wp\/v2\/posts"}],"about":[{"href":"https:\/\/www.buscounchollo.com\/blog\/wp-json\/wp\/v2\/types\/post"}],"author":[{"embeddable":true,"href":"https:\/\/www.buscounchollo.com\/blog\/wp-json\/wp\/v2\/users\/7"}],"replies":[{"embeddable":true,"href":"https:\/\/www.buscounchollo.com\/blog\/wp-json\/wp\/v2\/comments?post=21928"}],"version-history":[{"count":3,"href":"https:\/\/www.buscounchollo.com\/blog\/wp-json\/wp\/v2\/posts\/21928\/revisions"}],"predecessor-version":[{"id":21934,"href":"https:\/\/www.buscounchollo.com\/blog\/wp-json\/wp\/v2\/posts\/21928\/revisions\/21934"}],"wp:featuredmedia":[{"embeddable":true,"href":"https:\/\/www.buscounchollo.com\/blog\/wp-json\/wp\/v2\/media\/21935"}],"wp:attachment":[{"href":"https:\/\/www.buscounchollo.com\/blog\/wp-json\/wp\/v2\/media?parent=21928"}],"wp:term":[{"taxonomy":"category","embeddable":true,"href":"https:\/\/www.buscounchollo.com\/blog\/wp-json\/wp\/v2\/categories?post=21928"},{"taxonomy":"post_tag","embeddable":true,"href":"https:\/\/www.buscounchollo.com\/blog\/wp-json\/wp\/v2\/tags?post=21928"}],"curies":[{"name":"wp","href":"https:\/\/api.w.org\/{rel}","templated":true}]}}