{"id":2978,"date":"2016-07-05T17:08:26","date_gmt":"2016-07-05T15:08:26","guid":{"rendered":"http:\/\/buscounchollo.com\/blog\/?p=2978"},"modified":"2021-08-27T18:25:24","modified_gmt":"2021-08-27T16:25:24","slug":"16-curiosidades-san-fermin","status":"publish","type":"post","link":"https:\/\/www.buscounchollo.com\/blog\/16-curiosidades-san-fermin\/","title":{"rendered":"16 curiosidades sobre San Ferm\u00edn 2017"},"content":{"rendered":"<div id=\"toc_container\" class=\"no_bullets\"><p class=\"toc_title\">Contenido<\/p><ul class=\"toc_list\"><li><a href=\"#1_No_siempre_ha_hecho_calor_en_San_Fermin\"><span class=\"toc_number toc_depth_1\">1<\/span> 1. No siempre ha hecho calor en San Ferm\u00edn<\/a><\/li><li><a href=\"#2_Una_fiesta_para_todo_el_mundo\"><span class=\"toc_number toc_depth_1\">2<\/span> 2. Una fiesta para todo el mundo<\/a><\/li><li><a href=\"#4_El_chupinazo_pequeno_pero_maton\"><span class=\"toc_number toc_depth_1\">3<\/span> 4. El chupinazo: peque\u00f1o, pero mat\u00f3n<\/a><\/li><li><a href=\"#5_Y_el_panuelo_rojo_cuando_me_lo_pongo\"><span class=\"toc_number toc_depth_1\">4<\/span> 5. Y el pa\u00f1uelo rojo, \u00bfcu\u00e1ndo me lo pongo?<\/a><\/li><li><a href=\"#6_Los_rumores_del_significado_del_panuelo_rojo\"><span class=\"toc_number toc_depth_1\">5<\/span> 6. Los rumores del significado del pa\u00f1uelo rojo<\/a><\/li><li><a href=\"#7_Los_sanfermines_mas_que_corridas_de_toros\"><span class=\"toc_number toc_depth_1\">6<\/span> 7. Los sanfermines: m\u00e1s que corridas de toros<\/a><\/li><li><a href=\"#8_Y_hablando_de_los_gigantes_de_Pamplona\"><span class=\"toc_number toc_depth_1\">7<\/span> 8. Y hablando de los gigantes de Pamplona<\/a><\/li><li><a href=\"#9_Una_fiesta_nacional_reconocida_internacionalmente\"><span class=\"toc_number toc_depth_1\">8<\/span> 9. Una fiesta nacional reconocida internacionalmente<\/a><\/li><li><a href=\"#10_A_mover_el_esqueleto\"><span class=\"toc_number toc_depth_1\">9<\/span> 10. \u00a1A mover el esqueleto!<\/a><\/li><li><a href=\"#11_Los_momenticosnbspy_la_procesion_del_santo\"><span class=\"toc_number toc_depth_1\">10<\/span> 11. Los momenticos&nbsp;y la procesi\u00f3n del santo<\/a><\/li><li><a href=\"#12_La_Manueta8230Rico_rico\"><span class=\"toc_number toc_depth_1\">11<\/span> 12. La Ma\u00f1ueta&#8230;\u00a1Rico, rico!<\/a><\/li><li><a href=\"#13_El_perro_que_fue_manteado\"><span class=\"toc_number toc_depth_1\">12<\/span> 13. El perro que fue manteado<\/a><\/li><li><a href=\"#14_La_sonata_de_despedida_8220Pobre_de_mi8221\"><span class=\"toc_number toc_depth_1\">13<\/span> 14. La sonata de despedida: &#8220;Pobre de m\u00ed&#8221;<\/a><\/li><li><a href=\"#15_Los_sanferminesnbsp2016_tienen_un_toque_zombie\"><span class=\"toc_number toc_depth_1\">14<\/span> 15. Los sanfermines&nbsp;2016 tienen un toque zombie<\/a><\/li><li><a href=\"#16_San_Fermin_por_el_mundo\"><span class=\"toc_number toc_depth_1\">15<\/span> 16. San Ferm\u00edn por el mundo<\/a><\/li><\/ul><\/div>\n\n<p><strong>\u00a17 de julio, San Ferm\u00edn!&nbsp;<\/strong>\u00bfQui\u00e9n no se ha resistido a tararear este c\u00e1ntico cuando llegan estos d\u00edas? Sin duda alguna, esta festividad,&nbsp;uno de los eventos m\u00e1s populares del panorama nacional, re\u00fane en <strong>Navarra<\/strong> cada <a href=\"http:\/\/www.buscounchollo.com\" target=\"_blank\" rel=\"noreferrer noopener\">verano<\/a>&nbsp;a cientos y cientos de personas dispuestas a&nbsp;pasarlo en grande.<\/p>\n\n\n\n<p>Sin embargo, muchos de los que acuden a las concurridas calles de <a href=\"http:\/\/www.buscounchollo.com\/grupos\/alojate_en_hotel_4_en_pamplona_centro\/04072016\/comprar\/index.php\" target=\"_blank\" rel=\"noreferrer noopener\"><strong>Pamplona<\/strong><\/a> para celebrar las <strong>fiestas del co-patr\u00f3n de la comunidad foral<\/strong>, no conocen algunas&nbsp;de las curiosidades y costumbres sobre los sanfermines. Por ello, hemos decidido recopilar diversas an\u00e9cdotas&nbsp;de gran inter\u00e9s. Si sigues leyendo, podr\u00e1s hacerte pasar por todo un lugare\u00f1o. \u00a1Vamos all\u00e1!<\/p>\n\n\n\n<div class=\"wp-block-image\"><figure class=\"aligncenter\"><img decoding=\"async\" src=\"https:\/\/buscounchollo.com\/blog\/wp-content\/uploads\/2016\/07\/1436187825932.jpg\" alt=\"Plaza de San Fermines\" class=\"wp-image-3001\"\/><\/figure><\/div>\n\n\n\n<h2 class=\"wp-block-heading\"><span id=\"1_No_siempre_ha_hecho_calor_en_San_Fermin\">1. No siempre ha hecho calor en San Ferm\u00edn<\/span><\/h2>\n\n\n\n<p>Antes de comenzar a hablar sobre esta fiesta&nbsp;debemos remontarnos muy atr\u00e1s en el tiempo. Hace muchos a\u00f1os, el d\u00eda del co-patr\u00f3n se celebraba el <strong>10 de octubre<\/strong>. No obstante, en el 1591 se decidi\u00f3 cambiar la fecha y celebrarlo en pleno verano.<\/p>\n\n\n\n<div class=\"wp-block-image\"><figure class=\"aligncenter\"><img decoding=\"async\" src=\"https:\/\/buscounchollo.com\/blog\/wp-content\/uploads\/2016\/07\/2014-07-06_javier-martinez_Agua_va-1.jpg\" alt=\"Calor en San Ferm\u00edn\" class=\"wp-image-2987\"\/><\/figure><\/div>\n\n\n\n<h2 class=\"wp-block-heading\"><span id=\"2_Una_fiesta_para_todo_el_mundo\">2. Una fiesta para todo el mundo<\/span><\/h2>\n\n\n\n<p>Antiguamente,&nbsp;los festejos de San Ferm\u00edn estaban pensados&nbsp;\u00fanicamente para hombres. Por suerte, esto ha cambiado,&nbsp;y actualmente<strong> todo el que quiera es bienvenido a los&nbsp;sanfermines:<\/strong> hombres, mujeres, ni\u00f1os&#8230;\u00a1A disfrutar!<\/p>\n\n\n\n<div class=\"wp-block-image wp-image-2988 size-full\"><figure class=\"aligncenter\"><img decoding=\"async\" src=\"https:\/\/buscounchollo.com\/blog\/wp-content\/uploads\/2016\/07\/1436179420916.jpg\" alt=\"Gigantes en San Fermines\" class=\"wp-image-2988\"\/><figcaption>Fotograf\u00eda de Javier Martinez<\/figcaption><\/figure><\/div>\n\n\n\n<p><strong>3. \u00a1Los sanfermines&nbsp;no empiezan el 7 de julio!<\/strong><\/p>\n\n\n\n<p>No te confundas: el 7 de julio es el d\u00eda del co-patr\u00f3n de Navarra, pero las fiestas comienzan el<strong> 6 de julio<\/strong> en la <strong>plaza Consistorial<\/strong> con el <strong><em>chupinazo<\/em>&nbsp;<\/strong>a las 12 del mediod\u00eda. Eso s\u00ed: si quieres coger sitio, te recomendamos ir un rato antes.<\/p>\n\n\n\n<div class=\"wp-block-image\"><figure class=\"aligncenter\"><img decoding=\"async\" src=\"https:\/\/buscounchollo.com\/blog\/wp-content\/uploads\/2016\/07\/1436186994570.jpg\" alt=\"Plaza de Pamplona\" class=\"wp-image-2989\"\/><\/figure><\/div>\n\n\n\n<h2 class=\"wp-block-heading\"><span id=\"4_El_chupinazo_pequeno_pero_maton\">4. El chupinazo: peque\u00f1o, pero mat\u00f3n<\/span><\/h2>\n\n\n\n<p>La se\u00f1al que da por iniciados los sanfermines&nbsp;tiene una altura de <strong>1 metro y 20 cent\u00edmetros<\/strong>. Dicho as\u00ed, da la sensaci\u00f3n de que no sea nada del otro mundo, \u00bfverdad? Pues el ruido que produce <strong>equivale al que produce un avi\u00f3n al despegar<\/strong>. \u00a1Impresionante!<\/p>\n\n\n\n<div class=\"wp-block-image\"><figure class=\"aligncenter\"><img decoding=\"async\" src=\"https:\/\/buscounchollo.com\/blog\/wp-content\/uploads\/2016\/07\/Chupinazo.jpg\" alt=\"Chupinazo San Ferm\u00edn\" class=\"wp-image-2990\"\/><\/figure><\/div>\n\n\n\n<h2 class=\"wp-block-heading\"><span id=\"5_Y_el_panuelo_rojo_cuando_me_lo_pongo\"><strong>5. Y el pa\u00f1uelo rojo, \u00bfcu\u00e1ndo me lo pongo?<\/strong><\/span><\/h2>\n\n\n\n<p>En el preciso momento en el que se lanza&nbsp;chupinazo, ya puedes llevar el <strong>pa\u00f1uelo<\/strong>. Sin embargo, hasta que no se cite el famoso:<strong><em>&#8220;pamploneses, pamplonesas, \u00a1viva San Ferm\u00edn! Gora San Ferm\u00edn!&#8221;,<\/em>&nbsp;<\/strong>se debe llevar atado a la <strong>mu\u00f1eca<\/strong>. De aqu\u00ed en adelante, ya puedes anud\u00e1rtelo al cuello.<\/p>\n\n\n\n<div class=\"wp-block-image\"><figure class=\"aligncenter\"><img decoding=\"async\" src=\"https:\/\/buscounchollo.com\/blog\/wp-content\/uploads\/2016\/07\/Pa\u00f1uelos-rojos.jpg\" alt=\"Pa\u00f1uelo San Ferm\u00edn\" class=\"wp-image-2991\"\/><\/figure><\/div>\n\n\n\n<h2 class=\"wp-block-heading\"><span id=\"6_Los_rumores_del_significado_del_panuelo_rojo\">6. Los rumores del significado del pa\u00f1uelo rojo<\/span><\/h2>\n\n\n\n<div class=\"wp-block-image wp-image-3002 size-full\"><figure class=\"aligncenter\"><img decoding=\"async\" src=\"https:\/\/buscounchollo.com\/blog\/wp-content\/uploads\/2016\/07\/2012-07-06_hanna-quevedo_Pasion.jpg\" alt=\"Significado pa\u00f1uelo rojo\" class=\"wp-image-3002\"\/><figcaption>Fotograf\u00eda de Hanna Quevedo<\/figcaption><\/figure><\/div>\n\n\n\n<p>El significado de la vestimenta tradicional de la fiesta es en realidad todo un interrogante y un misterio. Por lo que hemos averiguado, se trata de un reconocimiento en <strong>honor a San Ferm\u00edn<\/strong>, que fue decapitado con 31 a\u00f1os. En cambio, hay algunos que comentan que es para incitar al toro, y otros se atreven a asegurar que tiene relaci\u00f3n con la bandera de la comunidad. \u00bfT\u00fa qu\u00e9 opinas?<\/p>\n\n\n\n<h2 class=\"wp-block-heading\"><span id=\"7_Los_sanfermines_mas_que_corridas_de_toros\">7. Los sanfermines: m\u00e1s que corridas de toros<\/span><\/h2>\n\n\n\n<p>Estas fiestas patronales son much\u00edsimo m\u00e1s que corridas de toros. A pesar de que \u00e9stas&nbsp;son uno de los grandes eventos, tambi\u00e9n se realizan una gran variedad de actividades como <strong>desfiles de gigantes<\/strong>, <strong>conciertos<\/strong>&nbsp;y <strong>fuegos artificiales.<\/strong><\/p>\n\n\n\n<div class=\"wp-block-image wp-image-2992 size-full\"><figure class=\"aligncenter\"><img decoding=\"async\" src=\"https:\/\/buscounchollo.com\/blog\/wp-content\/uploads\/2016\/07\/2008-07-08_maite-h.-mateo_fuegos-artificiales.jpg\" alt=\"Fuegos Pamplona\" class=\"wp-image-2992\"\/><figcaption>Fotograf\u00eda de Maite H. Mateo<\/figcaption><\/figure><\/div>\n\n\n\n<h2 class=\"wp-block-heading\"><span id=\"8_Y_hablando_de_los_gigantes_de_Pamplona\">8. Y hablando de los gigantes de Pamplona<\/span><\/h2>\n\n\n\n<p>En 1850, sele encarg\u00f3&nbsp;a un artesano de la ciudad construir las cuatro<strong>&nbsp;parejas de cabezudos<\/strong> que desfilar\u00edan cada a\u00f1o por las concurridas calles acompa\u00f1ados de un alegre comp\u00e1s. Hay dos&nbsp;por cada raza o color, y representan a&nbsp;<strong>Am\u00e9rica<\/strong>, <strong>\u00c1frica<\/strong>, <strong>Europa<\/strong> y <strong>Asia<\/strong>. Desde <a href=\"http:\/\/www.buscounchollo.com\" target=\"_blank\" rel=\"noreferrer noopener\">BuscoUnChollo.com<\/a> nos preguntamos&#8230; \u00bfqu\u00e9 pasa con <strong>Ocean\u00eda<\/strong>?<\/p>\n\n\n\n<div class=\"wp-block-image\"><figure class=\"aligncenter\"><img decoding=\"async\" src=\"https:\/\/buscounchollo.com\/blog\/wp-content\/uploads\/2016\/07\/sfoctava1g.jpg\" alt=\"Gigantes San Ferm\u00edn\" class=\"wp-image-2993\"\/><\/figure><\/div>\n\n\n\n<h2 class=\"wp-block-heading\"><span id=\"9_Una_fiesta_nacional_reconocida_internacionalmente\">9. Una fiesta nacional reconocida internacionalmente<\/span><\/h2>\n\n\n\n<p>Los sanfermines&nbsp;no solamente son famosos en Espa\u00f1a; de hecho, su popularidad es tal, que la <strong>poblaci\u00f3n de Pamplona se multiplica por dos<\/strong>&nbsp;esas fechas. De entre toda la multitud de turistas que acuden estos d\u00edas a la capital navarra, \u00a1<strong>m\u00e1s de la mitad son extranjeros<\/strong>! \u00bfC\u00f3mo llevas el ingl\u00e9s?<\/p>\n\n\n\n<div class=\"wp-block-image wp-image-3003 size-full\"><figure class=\"aligncenter\"><img decoding=\"async\" src=\"https:\/\/buscounchollo.com\/blog\/wp-content\/uploads\/2016\/07\/2014-07-06_javier-martinez_Txupinazo_feliz.jpg\" alt=\"San Ferm\u00edn internacional\" class=\"wp-image-3003\"\/><figcaption>Fotograf\u00eda de Javier Mart\u00ednez<\/figcaption><\/figure><\/div>\n\n\n\n<h2 class=\"wp-block-heading\"><span id=\"10_A_mover_el_esqueleto\">10. \u00a1A mover el esqueleto!<\/span><\/h2>\n\n\n\n<p>Todos los d\u00edas, a las 9 de la ma\u00f1ana tiene lugar el tradicional <strong>baile de la<\/strong> <strong>alpargata<\/strong>. Vestidos con este singular calzado, los m\u00e1s atrevidos se lanzan a una pista de baile improvisada para seguir con la tradici\u00f3n. La pregunta que nos surge es si la gente que va all\u00ed ha madrugado o ya viene de bailar toda la noche ;-).<\/p>\n\n\n\n<div class=\"wp-block-image\"><figure class=\"aligncenter\"><img decoding=\"async\" src=\"https:\/\/buscounchollo.com\/blog\/wp-content\/uploads\/2016\/07\/sfprocesion2g.jpg\" alt=\"Bailar San Fermines\" class=\"wp-image-2994\"\/><\/figure><\/div>\n\n\n\n<h2 class=\"wp-block-heading\"><span id=\"11_Los_momenticosnbspy_la_procesion_del_santo\">11. Los <em>momenticos<\/em>&nbsp;y la procesi\u00f3n del santo<\/span><\/h2>\n\n\n\n<p>El 7 de julio, a las 10 de la ma\u00f1ana, da comienzo la <strong>procesi\u00f3n de San Ferm\u00edn<\/strong>. Desde la Catedral, la comitiva se dirige a la parroquia de San Lorenzo. All\u00ed, recoger\u00e1n la&nbsp;imagen del santo e iniciar\u00e1n una ruta por el casco antiguo de Pamplona&nbsp;durante una hora y media aproximadamente. A lo largo de este&nbsp;trayecto, se realizan pausas conocidas como <em><strong>momenticos<\/strong><\/em>&nbsp;en las cuales se canta al santo y se llevan a cabo oraciones.<\/p>\n\n\n\n<div class=\"wp-block-image\"><figure class=\"aligncenter\"><img decoding=\"async\" src=\"https:\/\/buscounchollo.com\/blog\/wp-content\/uploads\/2016\/07\/sfprocesion1g.jpg\" alt=\"Procesi\u00f3n San Ferm\u00edn\" class=\"wp-image-2995\"\/><\/figure><\/div>\n\n\n\n<h2 class=\"wp-block-heading\"><span id=\"12_La_Manueta8230Rico_rico\">12. La Ma\u00f1ueta&#8230;\u00a1Rico, rico!<\/span><\/h2>\n\n\n\n<div class=\"wp-block-image\"><figure class=\"aligncenter\"><img decoding=\"async\" src=\"https:\/\/buscounchollo.com\/blog\/wp-content\/uploads\/2016\/07\/Screenshot_4.jpg\" alt=\"Churrer\u00eda La Ma\u00f1ueta\" class=\"wp-image-3004\"\/><\/figure><\/div>\n\n\n\n<p>\u00bfA qui\u00e9n no le apetecen unos deliciosos churros con chocolate despu\u00e9s de una larga noche de marcha? Si \u00e9ste es tu caso, te recomendamos hacer una visita a <strong>La Ma\u00f1ueta<\/strong>; una famosa churrer\u00eda que ha pasado de generaci\u00f3n en generaci\u00f3n desde 1872 y que actualmente, s\u00f3lo abre para San Ferm\u00edn. Si finalmente decides echar un vistazo, no te asustes de&nbsp;las colas: suelen ser bastantes largas.<br><\/p>\n\n\n\n<h2 class=\"wp-block-heading\"><span id=\"13_El_perro_que_fue_manteado\">13. El perro que fue manteado<\/span><\/h2>\n\n\n\n<div class=\"wp-block-image\"><figure class=\"aligncenter\"><img decoding=\"async\" src=\"https:\/\/buscounchollo.com\/blog\/wp-content\/uploads\/2016\/07\/sfencierro5.jpg\" alt=\"Encierros San Ferm\u00edn\" class=\"wp-image-2996\"\/><\/figure><\/div>\n\n\n\n<p>La mayor\u00eda de los encierros suelen durar unos segundos. No obstante, un a\u00f1o hubo un toro que, durante media hora se resisti\u00f3 a entrar a la plaza. Despu\u00e9s de esta espera, un perro acudi\u00f3 y mordi\u00f3 los tobillos al bravo animal, que entr\u00f3 corriendo a la plaza. Se cuenta que despu\u00e9s, el perro entr\u00f3 a&nbsp;hombros al ruedo. \u00bfSer\u00e1 verdad?<br><\/p>\n\n\n\n<h2 class=\"wp-block-heading\"><span id=\"14_La_sonata_de_despedida_8220Pobre_de_mi8221\">14. La sonata de despedida:<em> &#8220;Pobre de m\u00ed&#8221;<\/em><\/span><\/h2>\n\n\n\n<div class=\"wp-block-image\"><figure class=\"aligncenter\"><img decoding=\"async\" src=\"https:\/\/buscounchollo.com\/blog\/wp-content\/uploads\/2016\/07\/sfpobre1g-1024x337.jpg\" alt=\"Canci\u00f3n Pobre de M\u00ed\" class=\"wp-image-2997\"\/><\/figure><\/div>\n\n\n\n<p>A las 12 de la noche del 14 de julio, finalizan los sanfermines&nbsp;en la misma plaza en la que tuvo lugar el preg\u00f3n y el chupinazo de la fiesta. En ese momento, suena la canci\u00f3n <strong><em>&#8220;Pobre de m\u00ed&#8221;<\/em><\/strong>, un momento en el que se encienden las velas en honor al co-patr\u00f3n,mientras el&nbsp;alcalde saluda e invita a todos los congregados a asistir a los festejos del pr\u00f3ximo a\u00f1o.<br><\/p>\n\n\n\n<h2 class=\"wp-block-heading\"><span id=\"15_Los_sanferminesnbsp2016_tienen_un_toque_zombie\">15. Los sanfermines&nbsp;2016 tienen un toque <em>zombie<\/em><\/span><\/h2>\n\n\n\n<div class=\"wp-block-image\"><figure class=\"aligncenter\"><img decoding=\"async\" src=\"https:\/\/buscounchollo.com\/blog\/wp-content\/uploads\/2016\/07\/Screenshot_3.jpg\" alt=\"Running Dead\" class=\"wp-image-2999\"\/><\/figure><\/div>\n\n\n\n<p>Este a\u00f1o 2016, se celebra un ensayo de las corridas el d\u00eda 5 de julio entre la calle de la Estafeta y la Mercaderes, pero que cuentan con unos protagonistas especiales: los <em>zombies<\/em>. En efecto m\u00e1s&nbsp;de 20 actores perseguir\u00e1n a todos los valientes que se atrevan a saltar a las calles. \u00bfSer\u00e1s&nbsp;t\u00fa uno de ellos?<br><\/p>\n\n\n\n<h2 class=\"wp-block-heading\"><span id=\"16_San_Fermin_por_el_mundo\">16. San Ferm\u00edn por el mundo<\/span><\/h2>\n\n\n\n<div class=\"wp-block-image\"><figure class=\"aligncenter\"><img decoding=\"async\" src=\"https:\/\/buscounchollo.com\/blog\/wp-content\/uploads\/2016\/07\/Screenshot_1.jpg\" alt=\"Nola Bulls\" class=\"wp-image-3000\"\/><\/figure><\/div>\n\n\n\n<p>Como pasa con todas las cosas que despiertan pasiones, los sanfermines&nbsp;han viajado a trav\u00e9s de todo el mundo y muchas localidades han copiado esta tradici\u00f3n. Entre los casos m\u00e1s&nbsp;destacados, queremos hacer especial menci\u00f3n de<strong>&nbsp;Nueva Orleans,&nbsp;<\/strong>donde tienen lugar los&nbsp;<strong>Nola Bulls<\/strong>. Pero hay una diferencia: aqu\u00ed no corren toros, si no patinadores con cuernos. \u00a1Qu\u00e9 gracioso!<br><br>Por \u00faltimo, no quer\u00edamos terminar el <em>post<\/em> sin recordarte que tengas <strong>mucho cuidado con los sanfermines<\/strong>, especialmente en durante el <strong>encierro diario<\/strong>.&nbsp;\u00a1Esperamos que te haya gustado&nbsp;este art\u00edculo! Si tienes cualquier otra curiosidad o comentario acerca de esta celebraci\u00f3n, nos encantar\u00e1 leerlo :-).<br>\u00a1Riau,Riau!<\/p>\n","protected":false},"excerpt":{"rendered":"<p>Contenido1 1. No siempre ha hecho calor en San Ferm\u00edn2 2. Una fiesta para todo el mundo3 4. El chupinazo: peque\u00f1o, pero mat\u00f3n4 5. Y el pa\u00f1uelo rojo, \u00bfcu\u00e1ndo me lo pongo?5 6. Los rumores del significado del pa\u00f1uelo rojo6 7. Los sanfermines: m\u00e1s que corridas de toros7 8. Y hablando de los gigantes de&#8230;<\/p>\n","protected":false},"author":5,"featured_media":13707,"comment_status":"open","ping_status":"open","sticky":false,"template":"","format":"standard","meta":{"footnotes":""},"categories":[614],"tags":[],"class_list":["post-2978","post","type-post","status-publish","format-standard","has-post-thumbnail","hentry","category-trucos-consejos"],"yoast_head":"<!-- This site is optimized with the Yoast SEO plugin v23.1 - https:\/\/yoast.com\/wordpress\/plugins\/seo\/ -->\n<title>16 curiosidades sobre San Ferm\u00edn 2017 - BuscoUnChollo Blog<\/title>\n<meta name=\"robots\" content=\"index, follow, max-snippet:-1, max-image-preview:large, max-video-preview:-1\" \/>\n<link rel=\"canonical\" href=\"https:\/\/www.buscounchollo.com\/blog\/16-curiosidades-san-fermin\/\" \/>\n<meta property=\"og:locale\" content=\"en_US\" \/>\n<meta property=\"og:type\" content=\"article\" \/>\n<meta property=\"og:title\" content=\"16 curiosidades sobre San Ferm\u00edn 2017 - BuscoUnChollo Blog\" \/>\n<meta property=\"og:description\" content=\"Contenido1 1. No siempre ha hecho calor en San Ferm\u00edn2 2. Una fiesta para todo el mundo3 4. El chupinazo: peque\u00f1o, pero mat\u00f3n4 5. Y el pa\u00f1uelo rojo, \u00bfcu\u00e1ndo me lo pongo?5 6. Los rumores del significado del pa\u00f1uelo rojo6 7. Los sanfermines: m\u00e1s que corridas de toros7 8. Y hablando de los gigantes de...\" \/>\n<meta property=\"og:url\" content=\"https:\/\/www.buscounchollo.com\/blog\/16-curiosidades-san-fermin\/\" \/>\n<meta property=\"og:site_name\" content=\"BuscoUnChollo Blog\" \/>\n<meta property=\"article:published_time\" content=\"2016-07-05T15:08:26+00:00\" \/>\n<meta property=\"article:modified_time\" content=\"2021-08-27T16:25:24+00:00\" \/>\n<meta property=\"og:image\" content=\"https:\/\/www.buscounchollo.com\/blog\/app\/uploads\/2016\/07\/1436187825932-1.jpg\" \/>\n\t<meta property=\"og:image:width\" content=\"887\" \/>\n\t<meta property=\"og:image:height\" content=\"394\" \/>\n\t<meta property=\"og:image:type\" content=\"image\/jpeg\" \/>\n<meta name=\"author\" content=\"BuscoUnChollo.com\" \/>\n<meta name=\"twitter:card\" content=\"summary_large_image\" \/>\n<meta name=\"twitter:label1\" content=\"Written by\" \/>\n\t<meta name=\"twitter:data1\" content=\"BuscoUnChollo.com\" \/>\n\t<meta name=\"twitter:label2\" content=\"Est. reading time\" \/>\n\t<meta name=\"twitter:data2\" content=\"6 minutes\" \/>\n<script type=\"application\/ld+json\" class=\"yoast-schema-graph\">{\"@context\":\"https:\/\/schema.org\",\"@graph\":[{\"@type\":\"Article\",\"@id\":\"https:\/\/www.buscounchollo.com\/blog\/16-curiosidades-san-fermin\/#article\",\"isPartOf\":{\"@id\":\"https:\/\/www.buscounchollo.com\/blog\/16-curiosidades-san-fermin\/\"},\"author\":{\"name\":\"BuscoUnChollo.com\",\"@id\":\"https:\/\/www.buscounchollo.com\/blog\/#\/schema\/person\/f1d358d56b7a947fde4b03bdde7d493d\"},\"headline\":\"16 curiosidades sobre San Ferm\u00edn 2017\",\"datePublished\":\"2016-07-05T15:08:26+00:00\",\"dateModified\":\"2021-08-27T16:25:24+00:00\",\"mainEntityOfPage\":{\"@id\":\"https:\/\/www.buscounchollo.com\/blog\/16-curiosidades-san-fermin\/\"},\"wordCount\":1267,\"commentCount\":0,\"publisher\":{\"@id\":\"https:\/\/www.buscounchollo.com\/blog\/#organization\"},\"image\":{\"@id\":\"https:\/\/www.buscounchollo.com\/blog\/16-curiosidades-san-fermin\/#primaryimage\"},\"thumbnailUrl\":\"https:\/\/www.buscounchollo.com\/blog\/app\/uploads\/2016\/07\/1436187825932-1.jpg\",\"articleSection\":[\"Trucos y consejos\"],\"inLanguage\":\"en-US\",\"potentialAction\":[{\"@type\":\"CommentAction\",\"name\":\"Comment\",\"target\":[\"https:\/\/www.buscounchollo.com\/blog\/16-curiosidades-san-fermin\/#respond\"]}]},{\"@type\":\"WebPage\",\"@id\":\"https:\/\/www.buscounchollo.com\/blog\/16-curiosidades-san-fermin\/\",\"url\":\"https:\/\/www.buscounchollo.com\/blog\/16-curiosidades-san-fermin\/\",\"name\":\"16 curiosidades sobre San Ferm\u00edn 2017 - BuscoUnChollo Blog\",\"isPartOf\":{\"@id\":\"https:\/\/www.buscounchollo.com\/blog\/#website\"},\"primaryImageOfPage\":{\"@id\":\"https:\/\/www.buscounchollo.com\/blog\/16-curiosidades-san-fermin\/#primaryimage\"},\"image\":{\"@id\":\"https:\/\/www.buscounchollo.com\/blog\/16-curiosidades-san-fermin\/#primaryimage\"},\"thumbnailUrl\":\"https:\/\/www.buscounchollo.com\/blog\/app\/uploads\/2016\/07\/1436187825932-1.jpg\",\"datePublished\":\"2016-07-05T15:08:26+00:00\",\"dateModified\":\"2021-08-27T16:25:24+00:00\",\"breadcrumb\":{\"@id\":\"https:\/\/www.buscounchollo.com\/blog\/16-curiosidades-san-fermin\/#breadcrumb\"},\"inLanguage\":\"en-US\",\"potentialAction\":[{\"@type\":\"ReadAction\",\"target\":[\"https:\/\/www.buscounchollo.com\/blog\/16-curiosidades-san-fermin\/\"]}]},{\"@type\":\"ImageObject\",\"inLanguage\":\"en-US\",\"@id\":\"https:\/\/www.buscounchollo.com\/blog\/16-curiosidades-san-fermin\/#primaryimage\",\"url\":\"https:\/\/www.buscounchollo.com\/blog\/app\/uploads\/2016\/07\/1436187825932-1.jpg\",\"contentUrl\":\"https:\/\/www.buscounchollo.com\/blog\/app\/uploads\/2016\/07\/1436187825932-1.jpg\",\"width\":887,\"height\":394,\"caption\":\"GRA183. PAMPLONA, 06\/07\/2015.- Miles de personas abarrotan la Plaza del Castillo en el inicio de las fiestas de San Ferm\u00edn 2015 tras el lanzamiento del tradicional \\\"txupinazo\\\" desde el balc\u00f3n de la Casa Consistorial. EFE\/Daniel Fern\u00e1ndez\"},{\"@type\":\"BreadcrumbList\",\"@id\":\"https:\/\/www.buscounchollo.com\/blog\/16-curiosidades-san-fermin\/#breadcrumb\",\"itemListElement\":[{\"@type\":\"ListItem\",\"position\":1,\"name\":\"Home\",\"item\":\"https:\/\/www.buscounchollo.com\/blog\/\"},{\"@type\":\"ListItem\",\"position\":2,\"name\":\"16 curiosidades sobre San Ferm\u00edn 2017\"}]},{\"@type\":\"WebSite\",\"@id\":\"https:\/\/www.buscounchollo.com\/blog\/#website\",\"url\":\"https:\/\/www.buscounchollo.com\/blog\/\",\"name\":\"BuscoUnChollo Blog\",\"description\":\"Consejos Para Viajar Y Curiosidades\",\"publisher\":{\"@id\":\"https:\/\/www.buscounchollo.com\/blog\/#organization\"},\"potentialAction\":[{\"@type\":\"SearchAction\",\"target\":{\"@type\":\"EntryPoint\",\"urlTemplate\":\"https:\/\/www.buscounchollo.com\/blog\/?s={search_term_string}\"},\"query-input\":\"required name=search_term_string\"}],\"inLanguage\":\"en-US\"},{\"@type\":\"Organization\",\"@id\":\"https:\/\/www.buscounchollo.com\/blog\/#organization\",\"name\":\"BuscoUnChollo Blog\",\"url\":\"https:\/\/www.buscounchollo.com\/blog\/\",\"logo\":{\"@type\":\"ImageObject\",\"inLanguage\":\"en-US\",\"@id\":\"https:\/\/www.buscounchollo.com\/blog\/#\/schema\/logo\/image\/\",\"url\":\"https:\/\/www.buscounchollo.com\/blog\/app\/uploads\/2021\/05\/logo_lg-1.png\",\"contentUrl\":\"https:\/\/www.buscounchollo.com\/blog\/app\/uploads\/2021\/05\/logo_lg-1.png\",\"width\":600,\"height\":185,\"caption\":\"BuscoUnChollo Blog\"},\"image\":{\"@id\":\"https:\/\/www.buscounchollo.com\/blog\/#\/schema\/logo\/image\/\"}},{\"@type\":\"Person\",\"@id\":\"https:\/\/www.buscounchollo.com\/blog\/#\/schema\/person\/f1d358d56b7a947fde4b03bdde7d493d\",\"name\":\"BuscoUnChollo.com\",\"image\":{\"@type\":\"ImageObject\",\"inLanguage\":\"en-US\",\"@id\":\"https:\/\/www.buscounchollo.com\/blog\/#\/schema\/person\/image\/\",\"url\":\"https:\/\/secure.gravatar.com\/avatar\/?s=96&d=mm&r=g\",\"contentUrl\":\"https:\/\/secure.gravatar.com\/avatar\/?s=96&d=mm&r=g\",\"caption\":\"BuscoUnChollo.com\"},\"url\":\"https:\/\/www.buscounchollo.com\/blog\/author\/buscounchollo-com\/\"}]}<\/script>\n<!-- \/ Yoast SEO plugin. -->","yoast_head_json":{"title":"16 curiosidades sobre San Ferm\u00edn 2017 - BuscoUnChollo Blog","robots":{"index":"index","follow":"follow","max-snippet":"max-snippet:-1","max-image-preview":"max-image-preview:large","max-video-preview":"max-video-preview:-1"},"canonical":"https:\/\/www.buscounchollo.com\/blog\/16-curiosidades-san-fermin\/","og_locale":"en_US","og_type":"article","og_title":"16 curiosidades sobre San Ferm\u00edn 2017 - BuscoUnChollo Blog","og_description":"Contenido1 1. No siempre ha hecho calor en San Ferm\u00edn2 2. Una fiesta para todo el mundo3 4. El chupinazo: peque\u00f1o, pero mat\u00f3n4 5. Y el pa\u00f1uelo rojo, \u00bfcu\u00e1ndo me lo pongo?5 6. Los rumores del significado del pa\u00f1uelo rojo6 7. Los sanfermines: m\u00e1s que corridas de toros7 8. Y hablando de los gigantes de...","og_url":"https:\/\/www.buscounchollo.com\/blog\/16-curiosidades-san-fermin\/","og_site_name":"BuscoUnChollo Blog","article_published_time":"2016-07-05T15:08:26+00:00","article_modified_time":"2021-08-27T16:25:24+00:00","og_image":[{"width":887,"height":394,"url":"https:\/\/www.buscounchollo.com\/blog\/app\/uploads\/2016\/07\/1436187825932-1.jpg","type":"image\/jpeg"}],"author":"BuscoUnChollo.com","twitter_card":"summary_large_image","twitter_misc":{"Written by":"BuscoUnChollo.com","Est. reading time":"6 minutes"},"schema":{"@context":"https:\/\/schema.org","@graph":[{"@type":"Article","@id":"https:\/\/www.buscounchollo.com\/blog\/16-curiosidades-san-fermin\/#article","isPartOf":{"@id":"https:\/\/www.buscounchollo.com\/blog\/16-curiosidades-san-fermin\/"},"author":{"name":"BuscoUnChollo.com","@id":"https:\/\/www.buscounchollo.com\/blog\/#\/schema\/person\/f1d358d56b7a947fde4b03bdde7d493d"},"headline":"16 curiosidades sobre San Ferm\u00edn 2017","datePublished":"2016-07-05T15:08:26+00:00","dateModified":"2021-08-27T16:25:24+00:00","mainEntityOfPage":{"@id":"https:\/\/www.buscounchollo.com\/blog\/16-curiosidades-san-fermin\/"},"wordCount":1267,"commentCount":0,"publisher":{"@id":"https:\/\/www.buscounchollo.com\/blog\/#organization"},"image":{"@id":"https:\/\/www.buscounchollo.com\/blog\/16-curiosidades-san-fermin\/#primaryimage"},"thumbnailUrl":"https:\/\/www.buscounchollo.com\/blog\/app\/uploads\/2016\/07\/1436187825932-1.jpg","articleSection":["Trucos y consejos"],"inLanguage":"en-US","potentialAction":[{"@type":"CommentAction","name":"Comment","target":["https:\/\/www.buscounchollo.com\/blog\/16-curiosidades-san-fermin\/#respond"]}]},{"@type":"WebPage","@id":"https:\/\/www.buscounchollo.com\/blog\/16-curiosidades-san-fermin\/","url":"https:\/\/www.buscounchollo.com\/blog\/16-curiosidades-san-fermin\/","name":"16 curiosidades sobre San Ferm\u00edn 2017 - BuscoUnChollo Blog","isPartOf":{"@id":"https:\/\/www.buscounchollo.com\/blog\/#website"},"primaryImageOfPage":{"@id":"https:\/\/www.buscounchollo.com\/blog\/16-curiosidades-san-fermin\/#primaryimage"},"image":{"@id":"https:\/\/www.buscounchollo.com\/blog\/16-curiosidades-san-fermin\/#primaryimage"},"thumbnailUrl":"https:\/\/www.buscounchollo.com\/blog\/app\/uploads\/2016\/07\/1436187825932-1.jpg","datePublished":"2016-07-05T15:08:26+00:00","dateModified":"2021-08-27T16:25:24+00:00","breadcrumb":{"@id":"https:\/\/www.buscounchollo.com\/blog\/16-curiosidades-san-fermin\/#breadcrumb"},"inLanguage":"en-US","potentialAction":[{"@type":"ReadAction","target":["https:\/\/www.buscounchollo.com\/blog\/16-curiosidades-san-fermin\/"]}]},{"@type":"ImageObject","inLanguage":"en-US","@id":"https:\/\/www.buscounchollo.com\/blog\/16-curiosidades-san-fermin\/#primaryimage","url":"https:\/\/www.buscounchollo.com\/blog\/app\/uploads\/2016\/07\/1436187825932-1.jpg","contentUrl":"https:\/\/www.buscounchollo.com\/blog\/app\/uploads\/2016\/07\/1436187825932-1.jpg","width":887,"height":394,"caption":"GRA183. PAMPLONA, 06\/07\/2015.- Miles de personas abarrotan la Plaza del Castillo en el inicio de las fiestas de San Ferm\u00edn 2015 tras el lanzamiento del tradicional \"txupinazo\" desde el balc\u00f3n de la Casa Consistorial. EFE\/Daniel Fern\u00e1ndez"},{"@type":"BreadcrumbList","@id":"https:\/\/www.buscounchollo.com\/blog\/16-curiosidades-san-fermin\/#breadcrumb","itemListElement":[{"@type":"ListItem","position":1,"name":"Home","item":"https:\/\/www.buscounchollo.com\/blog\/"},{"@type":"ListItem","position":2,"name":"16 curiosidades sobre San Ferm\u00edn 2017"}]},{"@type":"WebSite","@id":"https:\/\/www.buscounchollo.com\/blog\/#website","url":"https:\/\/www.buscounchollo.com\/blog\/","name":"BuscoUnChollo Blog","description":"Consejos Para Viajar Y Curiosidades","publisher":{"@id":"https:\/\/www.buscounchollo.com\/blog\/#organization"},"potentialAction":[{"@type":"SearchAction","target":{"@type":"EntryPoint","urlTemplate":"https:\/\/www.buscounchollo.com\/blog\/?s={search_term_string}"},"query-input":"required name=search_term_string"}],"inLanguage":"en-US"},{"@type":"Organization","@id":"https:\/\/www.buscounchollo.com\/blog\/#organization","name":"BuscoUnChollo Blog","url":"https:\/\/www.buscounchollo.com\/blog\/","logo":{"@type":"ImageObject","inLanguage":"en-US","@id":"https:\/\/www.buscounchollo.com\/blog\/#\/schema\/logo\/image\/","url":"https:\/\/www.buscounchollo.com\/blog\/app\/uploads\/2021\/05\/logo_lg-1.png","contentUrl":"https:\/\/www.buscounchollo.com\/blog\/app\/uploads\/2021\/05\/logo_lg-1.png","width":600,"height":185,"caption":"BuscoUnChollo Blog"},"image":{"@id":"https:\/\/www.buscounchollo.com\/blog\/#\/schema\/logo\/image\/"}},{"@type":"Person","@id":"https:\/\/www.buscounchollo.com\/blog\/#\/schema\/person\/f1d358d56b7a947fde4b03bdde7d493d","name":"BuscoUnChollo.com","image":{"@type":"ImageObject","inLanguage":"en-US","@id":"https:\/\/www.buscounchollo.com\/blog\/#\/schema\/person\/image\/","url":"https:\/\/secure.gravatar.com\/avatar\/?s=96&d=mm&r=g","contentUrl":"https:\/\/secure.gravatar.com\/avatar\/?s=96&d=mm&r=g","caption":"BuscoUnChollo.com"},"url":"https:\/\/www.buscounchollo.com\/blog\/author\/buscounchollo-com\/"}]}},"_links":{"self":[{"href":"https:\/\/www.buscounchollo.com\/blog\/wp-json\/wp\/v2\/posts\/2978"}],"collection":[{"href":"https:\/\/www.buscounchollo.com\/blog\/wp-json\/wp\/v2\/posts"}],"about":[{"href":"https:\/\/www.buscounchollo.com\/blog\/wp-json\/wp\/v2\/types\/post"}],"author":[{"embeddable":true,"href":"https:\/\/www.buscounchollo.com\/blog\/wp-json\/wp\/v2\/users\/5"}],"replies":[{"embeddable":true,"href":"https:\/\/www.buscounchollo.com\/blog\/wp-json\/wp\/v2\/comments?post=2978"}],"version-history":[{"count":1,"href":"https:\/\/www.buscounchollo.com\/blog\/wp-json\/wp\/v2\/posts\/2978\/revisions"}],"predecessor-version":[{"id":13705,"href":"https:\/\/www.buscounchollo.com\/blog\/wp-json\/wp\/v2\/posts\/2978\/revisions\/13705"}],"wp:featuredmedia":[{"embeddable":true,"href":"https:\/\/www.buscounchollo.com\/blog\/wp-json\/wp\/v2\/media\/13707"}],"wp:attachment":[{"href":"https:\/\/www.buscounchollo.com\/blog\/wp-json\/wp\/v2\/media?parent=2978"}],"wp:term":[{"taxonomy":"category","embeddable":true,"href":"https:\/\/www.buscounchollo.com\/blog\/wp-json\/wp\/v2\/categories?post=2978"},{"taxonomy":"post_tag","embeddable":true,"href":"https:\/\/www.buscounchollo.com\/blog\/wp-json\/wp\/v2\/tags?post=2978"}],"curies":[{"name":"wp","href":"https:\/\/api.w.org\/{rel}","templated":true}]}}