{"id":3029,"date":"2019-06-11T09:00:14","date_gmt":"2019-06-11T07:00:14","guid":{"rendered":"http:\/\/buscounchollo.com\/blog\/?p=3029"},"modified":"2021-08-23T13:56:38","modified_gmt":"2021-08-23T11:56:38","slug":"las-10-canciones-del-verano-2019-que-mas-van-a-sonar","status":"publish","type":"post","link":"https:\/\/www.buscounchollo.com\/blog\/las-10-canciones-del-verano-2019-que-mas-van-a-sonar\/","title":{"rendered":"Las 10 canciones del verano 2019 que m\u00e1s van a sonar"},"content":{"rendered":"<div id=\"toc_container\" class=\"no_bullets\"><p class=\"toc_title\">Contenido<\/p><ul class=\"toc_list\"><li><a href=\"#Antes_de_empezar8230\"><span class=\"toc_number toc_depth_1\">1<\/span> Antes de empezar&#8230;<\/a><\/li><li><a href=\"#10_Callaita_8211_Bad_Bunny\"><span class=\"toc_number toc_depth_1\">2<\/span> 10. Calla\u00edta &#8211; Bad Bunny<\/a><\/li><li><a href=\"#9_Me_llama_8211_Beret\"><span class=\"toc_number toc_depth_1\">3<\/span> 9. Me llama &#8211; Beret<\/a><\/li><li><a href=\"#8_Solo_Pienso_en_Ti_8211_Paulo_Londra_ft_De_La_Ghetto_Justin_Quiles\"><span class=\"toc_number toc_depth_1\">4<\/span> 8. Solo Pienso en Ti &#8211; Paulo Londra ft. De La Ghetto, Justin Quiles<\/a><\/li><li><a href=\"#7_Otro_trago_8211_Sech_con_Darrell\"><span class=\"toc_number toc_depth_1\">5<\/span> 7. Otro trago &#8211; Sech con Darrell<\/a><\/li><li><a href=\"#6_Soldi_8211_Mahmood_ft_Maikel_Delacalle\"><span class=\"toc_number toc_depth_1\">6<\/span> 6. Soldi &#8211; Mahmood ft. Maikel Delacalle<\/a><\/li><li><a href=\"#5_Baila_Baila_Baila_8211_Ozuna_Remix_Feat_Daddy_Yankee_J_Balvin_Farruko_Anuel_AA\"><span class=\"toc_number toc_depth_1\">7<\/span> 5. Baila Baila Baila &#8211; Ozuna (Remix) Feat. Daddy Yankee, J Balvin, Farruko, Anuel AA<\/a><\/li><li><a href=\"#4_Presiento_8211_Morat_Aitana\"><span class=\"toc_number toc_depth_1\">8<\/span> 4. Presiento &#8211; Morat, Aitana<\/a><\/li><li><a href=\"#3_Contando_lunares_8211_Don_Patricio_con_Cruz_Cafune\"><span class=\"toc_number toc_depth_1\">9<\/span> 3. Contando lunares &#8211; Don Patricio con Cruz Cafun\u00e9<\/a><\/li><li><a href=\"#2_Soltera_Remix_8211_Lunay_Daddy_Yankee_y_Bad_Bunny\"><span class=\"toc_number toc_depth_1\">10<\/span> 2. Soltera Remix &#8211; Lunay, Daddy Yankee y Bad Bunny<\/a><\/li><li><a href=\"#1_Con_Calma_8211_Daddy_Yankee\"><span class=\"toc_number toc_depth_1\">11<\/span> 1. Con Calma &#8211; Daddy Yankee<\/a><\/li><li><a href=\"#Bonus_Track_Hagamos_un_remember\"><span class=\"toc_number toc_depth_1\">12<\/span> Bonus Track: Hagamos un remember<\/a><ul><li><a href=\"#2016_-gt_La_bicicleta\"><span class=\"toc_number toc_depth_2\">12.1<\/span> 2016 -&gt; La bicicleta<\/a><\/li><li><a href=\"#2017_-gt_Despacito\"><span class=\"toc_number toc_depth_2\">12.2<\/span> 2017 -&gt; Despacito<\/a><\/li><li><a href=\"#2018_-gt_La_cintura\"><span class=\"toc_number toc_depth_2\">12.3<\/span> 2018 -&gt; La cintura<\/a><\/li><\/ul><\/li><\/ul><\/div>\n\n<p>Cuando pensamos en las <strong><a href=\"http:\/\/www.buscounchollo.com\" target=\"_blank\" rel=\"noreferrer noopener\">vacaciones de verano<\/a><\/strong>, son much\u00edsimas las cosas que nos vienen a la cabeza: buen tiempo, playa, cervezas fresquitas en una terraza&#8230; Pero hay algo que a\u00f1o tras a\u00f1o nos tiene en vilo: \u00bfcu\u00e1l ser\u00e1 la <strong>canci\u00f3n del verano<\/strong>?<\/p>\n\n\n\n<p>\u00bfQui\u00e9n no ha cantado alguna vez eso de <em>&#8220;vaya, vaya, aqu\u00ed no hay playa&#8221;<\/em> o&nbsp;se ha resistido a mover el esqueleto mientras cantaba al comp\u00e1s de los del R\u00edo de <em>&#8220;dale a tu cuerpo alegr\u00eda Macarena&#8221;<\/em>?<\/p>\n\n\n\n<p>Dado este fen\u00f3meno, no es de extra\u00f1ar que muchos artistas se animen a lanzar un <em>hit<\/em> que ocupe un lugar privilegiado en todas las listas de reproducci\u00f3n de los chiringuitos y discotecas durante los meses de verano.<\/p>\n\n\n\n<div class=\"wp-block-image\"><figure class=\"aligncenter\"><img decoding=\"async\" src=\"https:\/\/buscounchollo.com\/blog\/wp-content\/uploads\/2016\/07\/cancion-del-verano-2019.jpg\" alt=\"\" class=\"wp-image-7312\"\/><\/figure><\/div>\n\n\n\n<p>Y es que ocupar ese hueco es una tarea mucho m\u00e1s dif\u00edcil a\u00f1o tras a\u00f1o. Ya no vale aquello de repetir una frase una y otra vez sobre una melod\u00eda&nbsp;animada y marchosa: la canci\u00f3n tiene que ser original, pegadiza, bailable&#8230;. <strong>\u00bfO no?<\/strong><\/p>\n\n\n\n<p>A continuaci\u00f3n, vamos a detallarte las <strong>10&nbsp;canciones del verano 2019<\/strong>&nbsp;que van a sonar en tus vacaciones y que, con toda probabilidad, vas a o\u00edr&nbsp;m\u00e1s de una ve. \u00bfTienes ya una preferida?<\/p>\n\n\n\n<h2 class=\"wp-block-heading\"><span id=\"Antes_de_empezar8230\">Antes de empezar&#8230;<\/span><\/h2>\n\n\n\n<p>\u00bfSomos los \u00fanicos que pensamos que este a\u00f1o el terreno musical ha empezado muy fuerte? La verdad, es que tenemos muchas candidatas para ser la canci\u00f3n del verano 2019. Eso s\u00ed, debemos avisarte. Hemos estado investigando sin parar y una cosa queda clara, casi todo es m\u00fasica urbana, como dijo Daddy Yankee: esta es una nueva era musical.<\/p>\n\n\n\n<p>Asimismo, te proponemos un reto, chollero. A ver cuanto tiempo tardas en empezar a tararear las canciones que hemos seleccionado \ud83d\ude42 \u00bfEst\u00e1s listo? \u00a1Empezamos!<\/p>\n\n\n\n<figure><iframe loading=\"lazy\" src=\"https:\/\/giphy.com\/embed\/3o85g2cRAMwUTuPfGM\" width=\"480\" height=\"270\" allowfullscreen=\"allowfullscreen\"><\/iframe><\/figure>\n\n\n\n<h2 class=\"wp-block-heading\"><span id=\"10_Callaita_8211_Bad_Bunny\">10. Calla\u00edta &#8211; Bad Bunny<\/span><\/h2>\n\n\n\n<p>El conejo malo ha estrenado un nuevo hit. Con esta nueva propuesta musical, <strong>Bad Bunny<\/strong> nos acerca todav\u00eda m\u00e1s al verano. Calla\u00edta cuenta la historia de una chica t\u00edmida que tras una relaci\u00f3n t\u00f3xica, decide cambiar y mostrar su lado m\u00e1s salvaje. \u00a1Exitazo!<\/p>\n\n\n\n<figure><iframe loading=\"lazy\" src=\"https:\/\/www.youtube.com\/embed\/acEOASYioGY\" width=\"560\" height=\"315\" allowfullscreen=\"allowfullscreen\"><\/iframe><\/figure>\n\n\n\n<h2 class=\"wp-block-heading\"><span id=\"9_Me_llama_8211_Beret\">9. Me llama &#8211; Beret<\/span><\/h2>\n\n\n\n<p>\u00bfTe has fijado que \u00faltimamente el sevillano no deja de petarlo? Beret es uno de la artistas que m\u00e1s est\u00e1 dando que hablar, y no es para menos. Con tan solo 22 a\u00f1os ha conseguido crear un estilo completamente diferente y \u00fanico. Su nuevo sencillo \u201cMe llama\u201d es espectacular y pegadizo. Tiene ritmazo y tambi\u00e9n ese punto de tristeza y melancol\u00eda por la dureza de su voz.<\/p>\n\n\n\n<figure><iframe loading=\"lazy\" src=\"https:\/\/www.youtube.com\/embed\/ASm_a-UHC6k\" width=\"560\" height=\"315\" allowfullscreen=\"allowfullscreen\"><\/iframe><\/figure>\n\n\n\n<h2 class=\"wp-block-heading\"><span id=\"8_Solo_Pienso_en_Ti_8211_Paulo_Londra_ft_De_La_Ghetto_Justin_Quiles\">8. Solo Pienso en Ti &#8211; Paulo Londra ft. De La Ghetto, Justin Quiles<\/span><\/h2>\n\n\n\n<p>Paulo Londra, uno de los artistas m\u00e1s j\u00f3venes (21 a\u00f1os) y talentosos del panorama actual ha lanzado un nuevo tema junto con dos referentes del g\u00e9nero urbano: De La Ghetto y Justin Quiles. \u00bfSab\u00edas que su videoclip se ha convertido en n\u00famero 1 en tendencias de Youtube Espa\u00f1a?<\/p>\n\n\n\n<p>Esta canci\u00f3n es un himno que trata sobre el arrepentimiento que sientes por haber alejado a esa persona especial de tu vida y es inevitable que ocupe tu mente. \u00bfA\u00fan no la has escuchado? \u00a1Dale al play!<\/p>\n\n\n\n<figure><iframe loading=\"lazy\" src=\"https:\/\/www.youtube.com\/embed\/1GS7wxWPaxc\" width=\"560\" height=\"315\" allowfullscreen=\"allowfullscreen\"><\/iframe><\/figure>\n\n\n\n<h2 class=\"wp-block-heading\"><span id=\"7_Otro_trago_8211_Sech_con_Darrell\">7. Otro trago &#8211; Sech con Darrell<\/span><\/h2>\n\n\n\n<p>Sech, cantante paname\u00f1o que acaba de hacer un antes y despu\u00e9s en su carrera con \u201cOtro Trago\u201d. En parte, por la colaboraci\u00f3n que ha hecho junto a Darell; la uni\u00f3n de ambas voces ha sido realmente especial. Por ese motivo, nos ha dejado sin palabras. Simplemente, disfruta de las vibras que transmite esta canci\u00f3n:<\/p>\n\n\n\n<figure><iframe loading=\"lazy\" src=\"https:\/\/www.youtube.com\/embed\/t_qn-f7XfJo\" width=\"560\" height=\"315\" allowfullscreen=\"allowfullscreen\"><\/iframe><\/figure>\n\n\n\n<h2 class=\"wp-block-heading\"><span id=\"6_Soldi_8211_Mahmood_ft_Maikel_Delacalle\">6. Soldi &#8211; Mahmood ft. Maikel Delacalle<\/span><\/h2>\n\n\n\n<p>Si hay que decir que el representante de Italia en Eurovisi\u00f3n 2019 ha sacado un exitazo, se dice. Nosotros le dimos 12 puntos y seg\u00fan Tony Aguilar, en Espa\u00f1a va arrasar este verano \ud83d\ude42<\/p>\n\n\n\n<p>Mahmood se ali\u00f3 con el cantante y compositor tinerfe\u00f1o Maikel Delacalle para reeditar Soldi en espa\u00f1ol y darle nuevos aires. El tema Soldi ya de por s\u00ed, tiene algo. Pero es esta nuevo remix tiene todos los ingredientes para seguir creciendo y convertirse en todo un temazo de verano. \u00a1Esc\u00fachala!<\/p>\n\n\n\n<figure><iframe loading=\"lazy\" src=\"https:\/\/www.youtube.com\/embed\/9JHD543QEfw\" width=\"560\" height=\"315\" allowfullscreen=\"allowfullscreen\"><\/iframe><\/figure>\n\n\n\n<h2 class=\"wp-block-heading\"><span id=\"5_Baila_Baila_Baila_8211_Ozuna_Remix_Feat_Daddy_Yankee_J_Balvin_Farruko_Anuel_AA\">5. Baila Baila Baila &#8211; Ozuna (Remix) Feat. Daddy Yankee, J Balvin, Farruko, Anuel AA<\/span><\/h2>\n\n\n\n<p>Ozuna ha reunido a casi todos los cracks del reggaet\u00f3n para hacer el remix de su tema Baila, baila, baila; y se postula como un claro competidor para lograr el t\u00edtulo de canci\u00f3n del verano. En <a href=\"http:\/\/www.buscounchollo.com\">BuscoUnChollo.com<\/a> estamos seguros de que este \u201cpegajoso\u201d tema no va a dejar de sonar en discotecas y pubs.<\/p>\n\n\n\n<figure><iframe loading=\"lazy\" src=\"https:\/\/www.youtube.com\/embed\/CsSgg_iZHz4\" width=\"560\" height=\"315\" allowfullscreen=\"allowfullscreen\"><\/iframe><\/figure>\n\n\n\n<h2 class=\"wp-block-heading\"><span id=\"4_Presiento_8211_Morat_Aitana\">4. Presiento &#8211; Morat, Aitana<\/span><\/h2>\n\n\n\n<p>Morat y Aitana Oca\u00f1a, triunfita de OT 2018, se han lanzado juntos a una nueva aventura. El sencillo titulado \u201cPresiento\u201d fusiona la frescura de la cantante catalana con el sonido caracter\u00edstico de los colombianos. La canci\u00f3n habla sobre los comienzos de algo inesperado en una relaci\u00f3n y la lucha incansable para mantenerla aunque uno de los dos no est\u00e9 seguro de que vaya a funcionar.<\/p>\n\n\n\n<figure><iframe loading=\"lazy\" src=\"https:\/\/www.youtube.com\/embed\/ZueYnZFggoQ\" width=\"560\" height=\"315\" allowfullscreen=\"allowfullscreen\"><\/iframe><\/figure>\n\n\n\n<h2 class=\"wp-block-heading\"><span id=\"3_Contando_lunares_8211_Don_Patricio_con_Cruz_Cafune\">3. Contando lunares &#8211; Don Patricio con Cruz Cafun\u00e9<\/span><\/h2>\n\n\n\n<p>Don Patricio nunca imagin\u00f3 todo el \u00e9xito que iba a tener tras Contando Lunares, una canci\u00f3n que junto con su colega Cruz Cafun\u00e9 han conquistado a todo tipo de p\u00fablicos (incluso los m\u00e1s alejados del panorama urbano espa\u00f1ol).<\/p>\n\n\n\n<p>Cuando esta canci\u00f3n suena en una discoteca todo el mundo se la sabe. Y cientos de voces se unen al son de: vente, vasila un poquito\u2026 Porque s\u00ed, ac\u00e9ptalo, todos decimos vasila \ud83d\ude09 Es tan pegadiza que aunque no te guste, no puedes escapar de su ritmo y su letra.<\/p>\n\n\n\n<figure><iframe loading=\"lazy\" src=\"https:\/\/www.youtube.com\/embed\/IWELYcYYhWc\" width=\"560\" height=\"315\" allowfullscreen=\"allowfullscreen\"><\/iframe><\/figure>\n\n\n\n<h2 class=\"wp-block-heading\"><span id=\"2_Soltera_Remix_8211_Lunay_Daddy_Yankee_y_Bad_Bunny\">2. Soltera Remix &#8211; Lunay, Daddy Yankee y Bad Bunny<\/span><\/h2>\n\n\n\n<p>Ten\u00edamos claro que la canci\u00f3n de Soltera era todo un bombazo, pero tras el remix, lo confirmamos. El ritmo es mucho m\u00e1s pegadizo, la voz inicial de Bad Bunny ya avecina un temazo y la parte de Daddy Yankee nos trae de nuevo el aut\u00e9ntico reggaet\u00f3n de vuelta. Una fusi\u00f3n extraordinaria entre el pasado, presente y futuro.<\/p>\n\n\n\n<p>Por eso mismo este verano, estar soltera est\u00e1 de moda.<\/p>\n\n\n\n<figure><iframe loading=\"lazy\" src=\"https:\/\/www.youtube.com\/embed\/yTU22MRiD7A\" width=\"560\" height=\"315\" allowfullscreen=\"allowfullscreen\"><\/iframe><\/figure>\n\n\n\n<h2 class=\"wp-block-heading\"><span id=\"1_Con_Calma_8211_Daddy_Yankee\">1. Con Calma &#8211; Daddy Yankee<\/span><\/h2>\n\n\n\n<p>\u201cEl Dios del reggeat\u00f3n\u201d, Daddy Yankee, ha lanzado un temazo que va a sonar en todas las pistas de baile este verano. Actualmente es la canci\u00f3n m\u00e1s escuchada en toda Espa\u00f1a, la m\u00e1s reproducida en plataformas como Spotify \u00a1y la m\u00e1s buscada en todo el planeta en Shazam!<\/p>\n\n\n\n<p>Y es que con calma las cosas siempre salen mejor y sino que se lo digan a \u201cThe Big Boss\u201d.<\/p>\n\n\n\n<figure><iframe loading=\"lazy\" src=\"https:\/\/www.youtube.com\/embed\/DiItGE3eAyQ\" width=\"560\" height=\"315\" allowfullscreen=\"allowfullscreen\"><\/iframe><\/figure>\n\n\n\n<h2 class=\"wp-block-heading\"><span id=\"Bonus_Track_Hagamos_un_remember\"><em>Bonus Track<\/em>: Hagamos un remember<\/span><\/h2>\n\n\n\n<p>En BuscoUnChollo.com nos hemos puesto nost\u00e1lgicos y hemos querido recuperar las canciones de veranos pasados. Y nos hemos dado cuenta: \u00a1qu\u00e9 r\u00e1pido pasa el tiempo!<\/p>\n\n\n\n<h3 class=\"wp-block-heading\"><span id=\"2016_-gt_La_bicicleta\">2016 -&gt; La bicicleta<\/span><\/h3>\n\n\n\n<p>\u00d3yeme, BuscoUnChollo, ll\u00e9vame en tu bicicleta. Lleva, ll\u00e9vame en tu bicicleta\u2026 Carlos Vives y Shakira fueron el gran dueto del verano 2016. \u00bfSab\u00edas que se mantuvo l\u00edder en el \u201cTop 50 de Espa\u00f1a\u201d en Spotify? Y hasta los 10 \u00faltimos d\u00edas de verano se alcanzaron m\u00e1s de 2 millones de reproducciones. \u00a1Alucinante!<\/p>\n\n\n\n<figure><iframe loading=\"lazy\" src=\"https:\/\/www.youtube.com\/embed\/-UV0QGLmYys\" width=\"560\" height=\"315\" allowfullscreen=\"allowfullscreen\"><\/iframe><\/figure>\n\n\n\n<h3 class=\"wp-block-heading\"><span id=\"2017_-gt_Despacito\">2017 -&gt; Despacito<\/span><\/h3>\n\n\n\n<p>Por favor, no es necesario que reproduzcas esta canci\u00f3n. La escuchamos tanto, que al final hemos acabado cogi\u00e9ndole hasta rabia. Sonaba en todos lados, sin parar, en cada rinc\u00f3n, en todas las emisoras de radio y; cuando no, siempre hab\u00eda alguien que la trarareara. Aceptamos que aqu\u00ed Luis Fonsi se gan\u00f3 los dieses.<\/p>\n\n\n\n<figure><iframe loading=\"lazy\" src=\"https:\/\/www.youtube.com\/embed\/kJQP7kiw5Fk\" width=\"560\" height=\"315\" allowfullscreen=\"allowfullscreen\"><\/iframe><\/figure>\n\n\n\n<h3 class=\"wp-block-heading\"><span id=\"2018_-gt_La_cintura\">2018 -&gt; La cintura<\/span><\/h3>\n\n\n\n<p>\u00c1lvaro Soler arras\u00f3 con este temazo, nada m\u00e1s salir ya se convirti\u00f3 en un \u00e9xito. Y aunque tuvo una peque\u00f1a disputa con Lo Malo de Aitana y Ana War, finalmente \u00c1lvaro sali\u00f3 victorioso. Esta canci\u00f3n tiene ese algo que te dan ganas de mover el esqueleto, es por eso que el verano pasado no dejamos de bailarla y cantarla ni un segundo. Eso s\u00ed, a diferencia de despacito, esta canci\u00f3n puede seguir sonando en nuestra playlist sin que alg\u00fan compi de la oficina nos rebane la cabeza \ud83d\ude42<\/p>\n\n\n\n<figure><iframe loading=\"lazy\" src=\"https:\/\/www.youtube.com\/embed\/Eg4LUvUjUWI\" width=\"560\" height=\"315\" allowfullscreen=\"allowfullscreen\"><\/iframe><\/figure>\n\n\n\n<p><strong>Y hasta aqu\u00ed la entrada de esta semana. \u00bfHas echado en falta&nbsp;alguna posible canci\u00f3n del verano 2019? D\u00e9janos un comentario diciendo de cual se trata para que la podamos escuchar. Y de paso, si quieres contarnos canciones del verano de otros a\u00f1os que te hayan gustado mucho, \u00a1estaremos encantados de leerte!<\/strong><\/p>\n","protected":false},"excerpt":{"rendered":"<p>Contenido1 Antes de empezar&#8230;2 10. Calla\u00edta &#8211; Bad Bunny3 9. Me llama &#8211; Beret4 8. Solo Pienso en Ti &#8211; Paulo Londra ft. De La Ghetto, Justin Quiles5 7. Otro trago &#8211; Sech con Darrell6 6. Soldi &#8211; Mahmood ft. Maikel Delacalle7 5. Baila Baila Baila &#8211; Ozuna (Remix) Feat. Daddy Yankee, J Balvin, Farruko,&#8230;<\/p>\n","protected":false},"author":5,"featured_media":13038,"comment_status":"open","ping_status":"open","sticky":false,"template":"","format":"standard","meta":{"footnotes":""},"categories":[21],"tags":[821,822],"class_list":["post-3029","post","type-post","status-publish","format-standard","has-post-thumbnail","hentry","category-curiosidades","tag-cancion-del-verano-2016","tag-verano-2016"],"yoast_head":"<!-- This site is optimized with the Yoast SEO plugin v23.1 - https:\/\/yoast.com\/wordpress\/plugins\/seo\/ -->\n<title>Las 10 canciones del verano 2019 que m\u00e1s van a sonar - BuscoUnChollo Blog<\/title>\n<meta name=\"robots\" content=\"index, follow, max-snippet:-1, max-image-preview:large, max-video-preview:-1\" \/>\n<link rel=\"canonical\" href=\"https:\/\/www.buscounchollo.com\/blog\/las-10-canciones-del-verano-2019-que-mas-van-a-sonar\/\" \/>\n<meta property=\"og:locale\" content=\"en_US\" \/>\n<meta property=\"og:type\" content=\"article\" \/>\n<meta property=\"og:title\" content=\"Las 10 canciones del verano 2019 que m\u00e1s van a sonar - BuscoUnChollo Blog\" \/>\n<meta property=\"og:description\" content=\"Contenido1 Antes de empezar&#8230;2 10. Calla\u00edta &#8211; Bad Bunny3 9. Me llama &#8211; Beret4 8. Solo Pienso en Ti &#8211; Paulo Londra ft. De La Ghetto, Justin Quiles5 7. Otro trago &#8211; Sech con Darrell6 6. Soldi &#8211; Mahmood ft. Maikel Delacalle7 5. Baila Baila Baila &#8211; Ozuna (Remix) Feat. Daddy Yankee, J Balvin, Farruko,...\" \/>\n<meta property=\"og:url\" content=\"https:\/\/www.buscounchollo.com\/blog\/las-10-canciones-del-verano-2019-que-mas-van-a-sonar\/\" \/>\n<meta property=\"og:site_name\" content=\"BuscoUnChollo Blog\" \/>\n<meta property=\"article:published_time\" content=\"2019-06-11T07:00:14+00:00\" \/>\n<meta property=\"article:modified_time\" content=\"2021-08-23T11:56:38+00:00\" \/>\n<meta property=\"og:image\" content=\"https:\/\/www.buscounchollo.com\/blog\/app\/uploads\/2019\/06\/cancion-del-verano-2019.jpg\" \/>\n\t<meta property=\"og:image:width\" content=\"1500\" \/>\n\t<meta property=\"og:image:height\" content=\"681\" \/>\n\t<meta property=\"og:image:type\" content=\"image\/jpeg\" \/>\n<meta name=\"author\" content=\"BuscoUnChollo.com\" \/>\n<meta name=\"twitter:card\" content=\"summary_large_image\" \/>\n<meta name=\"twitter:label1\" content=\"Written by\" \/>\n\t<meta name=\"twitter:data1\" content=\"BuscoUnChollo.com\" \/>\n\t<meta name=\"twitter:label2\" content=\"Est. reading time\" \/>\n\t<meta name=\"twitter:data2\" content=\"7 minutes\" \/>\n<script type=\"application\/ld+json\" class=\"yoast-schema-graph\">{\"@context\":\"https:\/\/schema.org\",\"@graph\":[{\"@type\":\"Article\",\"@id\":\"https:\/\/www.buscounchollo.com\/blog\/las-10-canciones-del-verano-2019-que-mas-van-a-sonar\/#article\",\"isPartOf\":{\"@id\":\"https:\/\/www.buscounchollo.com\/blog\/las-10-canciones-del-verano-2019-que-mas-van-a-sonar\/\"},\"author\":{\"name\":\"BuscoUnChollo.com\",\"@id\":\"https:\/\/www.buscounchollo.com\/blog\/#\/schema\/person\/f1d358d56b7a947fde4b03bdde7d493d\"},\"headline\":\"Las 10 canciones del verano 2019 que m\u00e1s van a sonar\",\"datePublished\":\"2019-06-11T07:00:14+00:00\",\"dateModified\":\"2021-08-23T11:56:38+00:00\",\"mainEntityOfPage\":{\"@id\":\"https:\/\/www.buscounchollo.com\/blog\/las-10-canciones-del-verano-2019-que-mas-van-a-sonar\/\"},\"wordCount\":1415,\"commentCount\":1,\"publisher\":{\"@id\":\"https:\/\/www.buscounchollo.com\/blog\/#organization\"},\"image\":{\"@id\":\"https:\/\/www.buscounchollo.com\/blog\/las-10-canciones-del-verano-2019-que-mas-van-a-sonar\/#primaryimage\"},\"thumbnailUrl\":\"https:\/\/www.buscounchollo.com\/blog\/app\/uploads\/2019\/06\/cancion-del-verano-2019.jpg\",\"keywords\":[\"canci\u00f3n del verano 2016\",\"verano 2016\"],\"articleSection\":[\"Curiosidades\"],\"inLanguage\":\"en-US\",\"potentialAction\":[{\"@type\":\"CommentAction\",\"name\":\"Comment\",\"target\":[\"https:\/\/www.buscounchollo.com\/blog\/las-10-canciones-del-verano-2019-que-mas-van-a-sonar\/#respond\"]}]},{\"@type\":\"WebPage\",\"@id\":\"https:\/\/www.buscounchollo.com\/blog\/las-10-canciones-del-verano-2019-que-mas-van-a-sonar\/\",\"url\":\"https:\/\/www.buscounchollo.com\/blog\/las-10-canciones-del-verano-2019-que-mas-van-a-sonar\/\",\"name\":\"Las 10 canciones del verano 2019 que m\u00e1s van a sonar - BuscoUnChollo Blog\",\"isPartOf\":{\"@id\":\"https:\/\/www.buscounchollo.com\/blog\/#website\"},\"primaryImageOfPage\":{\"@id\":\"https:\/\/www.buscounchollo.com\/blog\/las-10-canciones-del-verano-2019-que-mas-van-a-sonar\/#primaryimage\"},\"image\":{\"@id\":\"https:\/\/www.buscounchollo.com\/blog\/las-10-canciones-del-verano-2019-que-mas-van-a-sonar\/#primaryimage\"},\"thumbnailUrl\":\"https:\/\/www.buscounchollo.com\/blog\/app\/uploads\/2019\/06\/cancion-del-verano-2019.jpg\",\"datePublished\":\"2019-06-11T07:00:14+00:00\",\"dateModified\":\"2021-08-23T11:56:38+00:00\",\"breadcrumb\":{\"@id\":\"https:\/\/www.buscounchollo.com\/blog\/las-10-canciones-del-verano-2019-que-mas-van-a-sonar\/#breadcrumb\"},\"inLanguage\":\"en-US\",\"potentialAction\":[{\"@type\":\"ReadAction\",\"target\":[\"https:\/\/www.buscounchollo.com\/blog\/las-10-canciones-del-verano-2019-que-mas-van-a-sonar\/\"]}]},{\"@type\":\"ImageObject\",\"inLanguage\":\"en-US\",\"@id\":\"https:\/\/www.buscounchollo.com\/blog\/las-10-canciones-del-verano-2019-que-mas-van-a-sonar\/#primaryimage\",\"url\":\"https:\/\/www.buscounchollo.com\/blog\/app\/uploads\/2019\/06\/cancion-del-verano-2019.jpg\",\"contentUrl\":\"https:\/\/www.buscounchollo.com\/blog\/app\/uploads\/2019\/06\/cancion-del-verano-2019.jpg\",\"width\":1500,\"height\":681,\"caption\":\"foto difimunada de una fiesta con luces colgando, texto grande en el medio de la imagen que dice \\\"La Canci\u00f3n del verano\\\"\"},{\"@type\":\"BreadcrumbList\",\"@id\":\"https:\/\/www.buscounchollo.com\/blog\/las-10-canciones-del-verano-2019-que-mas-van-a-sonar\/#breadcrumb\",\"itemListElement\":[{\"@type\":\"ListItem\",\"position\":1,\"name\":\"Home\",\"item\":\"https:\/\/www.buscounchollo.com\/blog\/\"},{\"@type\":\"ListItem\",\"position\":2,\"name\":\"Las 10 canciones del verano 2019 que m\u00e1s van a sonar\"}]},{\"@type\":\"WebSite\",\"@id\":\"https:\/\/www.buscounchollo.com\/blog\/#website\",\"url\":\"https:\/\/www.buscounchollo.com\/blog\/\",\"name\":\"BuscoUnChollo Blog\",\"description\":\"Consejos Para Viajar Y Curiosidades\",\"publisher\":{\"@id\":\"https:\/\/www.buscounchollo.com\/blog\/#organization\"},\"potentialAction\":[{\"@type\":\"SearchAction\",\"target\":{\"@type\":\"EntryPoint\",\"urlTemplate\":\"https:\/\/www.buscounchollo.com\/blog\/?s={search_term_string}\"},\"query-input\":\"required name=search_term_string\"}],\"inLanguage\":\"en-US\"},{\"@type\":\"Organization\",\"@id\":\"https:\/\/www.buscounchollo.com\/blog\/#organization\",\"name\":\"BuscoUnChollo Blog\",\"url\":\"https:\/\/www.buscounchollo.com\/blog\/\",\"logo\":{\"@type\":\"ImageObject\",\"inLanguage\":\"en-US\",\"@id\":\"https:\/\/www.buscounchollo.com\/blog\/#\/schema\/logo\/image\/\",\"url\":\"https:\/\/www.buscounchollo.com\/blog\/app\/uploads\/2021\/05\/logo_lg-1.png\",\"contentUrl\":\"https:\/\/www.buscounchollo.com\/blog\/app\/uploads\/2021\/05\/logo_lg-1.png\",\"width\":600,\"height\":185,\"caption\":\"BuscoUnChollo Blog\"},\"image\":{\"@id\":\"https:\/\/www.buscounchollo.com\/blog\/#\/schema\/logo\/image\/\"}},{\"@type\":\"Person\",\"@id\":\"https:\/\/www.buscounchollo.com\/blog\/#\/schema\/person\/f1d358d56b7a947fde4b03bdde7d493d\",\"name\":\"BuscoUnChollo.com\",\"image\":{\"@type\":\"ImageObject\",\"inLanguage\":\"en-US\",\"@id\":\"https:\/\/www.buscounchollo.com\/blog\/#\/schema\/person\/image\/\",\"url\":\"https:\/\/secure.gravatar.com\/avatar\/?s=96&d=mm&r=g\",\"contentUrl\":\"https:\/\/secure.gravatar.com\/avatar\/?s=96&d=mm&r=g\",\"caption\":\"BuscoUnChollo.com\"},\"url\":\"https:\/\/www.buscounchollo.com\/blog\/author\/buscounchollo-com\/\"}]}<\/script>\n<!-- \/ Yoast SEO plugin. -->","yoast_head_json":{"title":"Las 10 canciones del verano 2019 que m\u00e1s van a sonar - BuscoUnChollo Blog","robots":{"index":"index","follow":"follow","max-snippet":"max-snippet:-1","max-image-preview":"max-image-preview:large","max-video-preview":"max-video-preview:-1"},"canonical":"https:\/\/www.buscounchollo.com\/blog\/las-10-canciones-del-verano-2019-que-mas-van-a-sonar\/","og_locale":"en_US","og_type":"article","og_title":"Las 10 canciones del verano 2019 que m\u00e1s van a sonar - BuscoUnChollo Blog","og_description":"Contenido1 Antes de empezar&#8230;2 10. Calla\u00edta &#8211; Bad Bunny3 9. Me llama &#8211; Beret4 8. Solo Pienso en Ti &#8211; Paulo Londra ft. De La Ghetto, Justin Quiles5 7. Otro trago &#8211; Sech con Darrell6 6. Soldi &#8211; Mahmood ft. Maikel Delacalle7 5. Baila Baila Baila &#8211; Ozuna (Remix) Feat. Daddy Yankee, J Balvin, Farruko,...","og_url":"https:\/\/www.buscounchollo.com\/blog\/las-10-canciones-del-verano-2019-que-mas-van-a-sonar\/","og_site_name":"BuscoUnChollo Blog","article_published_time":"2019-06-11T07:00:14+00:00","article_modified_time":"2021-08-23T11:56:38+00:00","og_image":[{"width":1500,"height":681,"url":"https:\/\/www.buscounchollo.com\/blog\/app\/uploads\/2019\/06\/cancion-del-verano-2019.jpg","type":"image\/jpeg"}],"author":"BuscoUnChollo.com","twitter_card":"summary_large_image","twitter_misc":{"Written by":"BuscoUnChollo.com","Est. reading time":"7 minutes"},"schema":{"@context":"https:\/\/schema.org","@graph":[{"@type":"Article","@id":"https:\/\/www.buscounchollo.com\/blog\/las-10-canciones-del-verano-2019-que-mas-van-a-sonar\/#article","isPartOf":{"@id":"https:\/\/www.buscounchollo.com\/blog\/las-10-canciones-del-verano-2019-que-mas-van-a-sonar\/"},"author":{"name":"BuscoUnChollo.com","@id":"https:\/\/www.buscounchollo.com\/blog\/#\/schema\/person\/f1d358d56b7a947fde4b03bdde7d493d"},"headline":"Las 10 canciones del verano 2019 que m\u00e1s van a sonar","datePublished":"2019-06-11T07:00:14+00:00","dateModified":"2021-08-23T11:56:38+00:00","mainEntityOfPage":{"@id":"https:\/\/www.buscounchollo.com\/blog\/las-10-canciones-del-verano-2019-que-mas-van-a-sonar\/"},"wordCount":1415,"commentCount":1,"publisher":{"@id":"https:\/\/www.buscounchollo.com\/blog\/#organization"},"image":{"@id":"https:\/\/www.buscounchollo.com\/blog\/las-10-canciones-del-verano-2019-que-mas-van-a-sonar\/#primaryimage"},"thumbnailUrl":"https:\/\/www.buscounchollo.com\/blog\/app\/uploads\/2019\/06\/cancion-del-verano-2019.jpg","keywords":["canci\u00f3n del verano 2016","verano 2016"],"articleSection":["Curiosidades"],"inLanguage":"en-US","potentialAction":[{"@type":"CommentAction","name":"Comment","target":["https:\/\/www.buscounchollo.com\/blog\/las-10-canciones-del-verano-2019-que-mas-van-a-sonar\/#respond"]}]},{"@type":"WebPage","@id":"https:\/\/www.buscounchollo.com\/blog\/las-10-canciones-del-verano-2019-que-mas-van-a-sonar\/","url":"https:\/\/www.buscounchollo.com\/blog\/las-10-canciones-del-verano-2019-que-mas-van-a-sonar\/","name":"Las 10 canciones del verano 2019 que m\u00e1s van a sonar - BuscoUnChollo Blog","isPartOf":{"@id":"https:\/\/www.buscounchollo.com\/blog\/#website"},"primaryImageOfPage":{"@id":"https:\/\/www.buscounchollo.com\/blog\/las-10-canciones-del-verano-2019-que-mas-van-a-sonar\/#primaryimage"},"image":{"@id":"https:\/\/www.buscounchollo.com\/blog\/las-10-canciones-del-verano-2019-que-mas-van-a-sonar\/#primaryimage"},"thumbnailUrl":"https:\/\/www.buscounchollo.com\/blog\/app\/uploads\/2019\/06\/cancion-del-verano-2019.jpg","datePublished":"2019-06-11T07:00:14+00:00","dateModified":"2021-08-23T11:56:38+00:00","breadcrumb":{"@id":"https:\/\/www.buscounchollo.com\/blog\/las-10-canciones-del-verano-2019-que-mas-van-a-sonar\/#breadcrumb"},"inLanguage":"en-US","potentialAction":[{"@type":"ReadAction","target":["https:\/\/www.buscounchollo.com\/blog\/las-10-canciones-del-verano-2019-que-mas-van-a-sonar\/"]}]},{"@type":"ImageObject","inLanguage":"en-US","@id":"https:\/\/www.buscounchollo.com\/blog\/las-10-canciones-del-verano-2019-que-mas-van-a-sonar\/#primaryimage","url":"https:\/\/www.buscounchollo.com\/blog\/app\/uploads\/2019\/06\/cancion-del-verano-2019.jpg","contentUrl":"https:\/\/www.buscounchollo.com\/blog\/app\/uploads\/2019\/06\/cancion-del-verano-2019.jpg","width":1500,"height":681,"caption":"foto difimunada de una fiesta con luces colgando, texto grande en el medio de la imagen que dice \"La Canci\u00f3n del verano\""},{"@type":"BreadcrumbList","@id":"https:\/\/www.buscounchollo.com\/blog\/las-10-canciones-del-verano-2019-que-mas-van-a-sonar\/#breadcrumb","itemListElement":[{"@type":"ListItem","position":1,"name":"Home","item":"https:\/\/www.buscounchollo.com\/blog\/"},{"@type":"ListItem","position":2,"name":"Las 10 canciones del verano 2019 que m\u00e1s van a sonar"}]},{"@type":"WebSite","@id":"https:\/\/www.buscounchollo.com\/blog\/#website","url":"https:\/\/www.buscounchollo.com\/blog\/","name":"BuscoUnChollo Blog","description":"Consejos Para Viajar Y Curiosidades","publisher":{"@id":"https:\/\/www.buscounchollo.com\/blog\/#organization"},"potentialAction":[{"@type":"SearchAction","target":{"@type":"EntryPoint","urlTemplate":"https:\/\/www.buscounchollo.com\/blog\/?s={search_term_string}"},"query-input":"required name=search_term_string"}],"inLanguage":"en-US"},{"@type":"Organization","@id":"https:\/\/www.buscounchollo.com\/blog\/#organization","name":"BuscoUnChollo Blog","url":"https:\/\/www.buscounchollo.com\/blog\/","logo":{"@type":"ImageObject","inLanguage":"en-US","@id":"https:\/\/www.buscounchollo.com\/blog\/#\/schema\/logo\/image\/","url":"https:\/\/www.buscounchollo.com\/blog\/app\/uploads\/2021\/05\/logo_lg-1.png","contentUrl":"https:\/\/www.buscounchollo.com\/blog\/app\/uploads\/2021\/05\/logo_lg-1.png","width":600,"height":185,"caption":"BuscoUnChollo Blog"},"image":{"@id":"https:\/\/www.buscounchollo.com\/blog\/#\/schema\/logo\/image\/"}},{"@type":"Person","@id":"https:\/\/www.buscounchollo.com\/blog\/#\/schema\/person\/f1d358d56b7a947fde4b03bdde7d493d","name":"BuscoUnChollo.com","image":{"@type":"ImageObject","inLanguage":"en-US","@id":"https:\/\/www.buscounchollo.com\/blog\/#\/schema\/person\/image\/","url":"https:\/\/secure.gravatar.com\/avatar\/?s=96&d=mm&r=g","contentUrl":"https:\/\/secure.gravatar.com\/avatar\/?s=96&d=mm&r=g","caption":"BuscoUnChollo.com"},"url":"https:\/\/www.buscounchollo.com\/blog\/author\/buscounchollo-com\/"}]}},"_links":{"self":[{"href":"https:\/\/www.buscounchollo.com\/blog\/wp-json\/wp\/v2\/posts\/3029"}],"collection":[{"href":"https:\/\/www.buscounchollo.com\/blog\/wp-json\/wp\/v2\/posts"}],"about":[{"href":"https:\/\/www.buscounchollo.com\/blog\/wp-json\/wp\/v2\/types\/post"}],"author":[{"embeddable":true,"href":"https:\/\/www.buscounchollo.com\/blog\/wp-json\/wp\/v2\/users\/5"}],"replies":[{"embeddable":true,"href":"https:\/\/www.buscounchollo.com\/blog\/wp-json\/wp\/v2\/comments?post=3029"}],"version-history":[{"count":3,"href":"https:\/\/www.buscounchollo.com\/blog\/wp-json\/wp\/v2\/posts\/3029\/revisions"}],"predecessor-version":[{"id":13437,"href":"https:\/\/www.buscounchollo.com\/blog\/wp-json\/wp\/v2\/posts\/3029\/revisions\/13437"}],"wp:featuredmedia":[{"embeddable":true,"href":"https:\/\/www.buscounchollo.com\/blog\/wp-json\/wp\/v2\/media\/13038"}],"wp:attachment":[{"href":"https:\/\/www.buscounchollo.com\/blog\/wp-json\/wp\/v2\/media?parent=3029"}],"wp:term":[{"taxonomy":"category","embeddable":true,"href":"https:\/\/www.buscounchollo.com\/blog\/wp-json\/wp\/v2\/categories?post=3029"},{"taxonomy":"post_tag","embeddable":true,"href":"https:\/\/www.buscounchollo.com\/blog\/wp-json\/wp\/v2\/tags?post=3029"}],"curies":[{"name":"wp","href":"https:\/\/api.w.org\/{rel}","templated":true}]}}