{"id":3191,"date":"2013-06-28T11:03:44","date_gmt":"2013-06-28T09:03:44","guid":{"rendered":"http:\/\/buscounchollo.com\/blog\/?p=3191"},"modified":"2021-09-07T14:19:54","modified_gmt":"2021-09-07T12:19:54","slug":"una-bloguera-nos-cuenta-su-viaje-a-braga-con-buscounchollo-com-2","status":"publish","type":"post","link":"https:\/\/www.buscounchollo.com\/blog\/una-bloguera-nos-cuenta-su-viaje-a-braga-con-buscounchollo-com-2\/","title":{"rendered":"\u00a1Una bloguera nos cuenta su viaje a Braga con BuscoUnChollo.com!"},"content":{"rendered":"\n<p>Apreciad@ Buscador de Chollos,<br>Hoy nos alegra mucho poder publicar en nuestro Blog una experiencia de una clienta de BuscoUnChollo.com, Rosario Rosendo, que viaj\u00f3 a <strong>Braga<\/strong> la pasada <strong>Semana Santa<\/strong> al espectacular <strong>Hotel Melia Braga 5*<\/strong> de Portugal. A continuaci\u00f3n, te&nbsp;dejamos con su <strong>experiencia de viaje con BuscoUnChollo.com<\/strong>, \u00a1no te&nbsp;perd\u00e1is las fotos que hizo de las impresionantes habitaciones!<br>&nbsp;<br><em>Hola a tod@s,<\/em><br><em>Soy NeroBeauty una bloguera de belleza, salud y bienestar a la que le gusta darse \u201cescapadas wellness\u201d en donde, despu\u00e9s de pasear, me pueda relajar en el balneario o spa que tenga el hotel. Esta pasada semana Santa aprovech\u00e9 para visitar Braga y alojarme en el Mel\u00ed\u00e1 Braga 5*. La habitaci\u00f3n me dej\u00f3 sin aliento y el desayuno era fant\u00e1stico, personal agradable\u2026en fin toda una experiencia \u201cdeluxe\u201dun precio fant\u00e1stico gracias a&nbsp;<a href=\"http:\/\/www.buscounchollo.com\/\" target=\"_blank\" rel=\"noreferrer noopener\">BuscoUnChollo.com.&nbsp;<\/a><\/em><br><em>A continuaci\u00f3n os dejo con el post que publiqu\u00e9 en mi <a href=\"http:\/\/nerobeautyblog.blogspot.com.es\/\" target=\"_blank\" rel=\"noreferrer noopener\">Blog<\/a> para que no os perd\u00e1is detalle de mi estancia en Braga<\/em>:<\/p>\n\n\n\n<p>******<\/p>\n\n\n\n<p><em>Vacaciones\u2026<\/em><br><em>Creo que solo el hecho de pensar en&nbsp;la palabra \u201cvacaciones\u201d hace que te cambie la actitud; y&nbsp;no me refiero al hecho de irte de vacaciones, sino simplemente estarlo.<\/em><br><em>S\u00ed, as\u00ed lo creo porque estando de vacaciones, te relajas en todos los aspectos (por lo menos en mi caso). Te levantas m\u00e1s tarde, disfrutas del desayuno (a veces haces un \u201cbrunch\u201d porque tienes tiempo para hacerlo), lees el peri\u00f3dico sin prisas, en fin\u2026disfrutar.<\/em><br><em>Esta Semana Santa he hecho una \u201cmini\u201d escapada al pa\u00eds vecino: Portugal. Tal y como os dije en el post anterior, debido a las inclemencias del tiempo, tuve que cambiar el destino;&nbsp;&nbsp;Braga y Lisboa fueron las elegidas y la verdad que fue todo un acierto.<\/em><br><em>En Braga estuve en el Meli\u00e1&nbsp;Braga Hotel&nbsp;&amp; Spa\u2026<\/em><br><em>Lo mejor de todo es que gracias a que una amiga que&nbsp;me dio el aviso de esta pagina web <a href=\"http:\/\/www.buscounchollo.com\/\">Busco Un Chollo<\/a>&nbsp;pude disfrutar de este hotel tres noches con desayuno por \u00a1\u00a172\u20ac\/ noche!!<\/em><\/p>\n\n\n\n<div class=\"wp-block-image wp-image-3192 size-full\"><figure class=\"aligncenter\"><img decoding=\"async\" src=\"https:\/\/buscounchollo.com\/blog\/wp-content\/uploads\/2016\/07\/Hotel-Melia-Braga-ba\u00f1o.jpg\" alt=\"Ba\u00f1o Hotel Meli\u00e0 Braga\" class=\"wp-image-3192\"\/><figcaption>Ba\u00f1era incluida en la habitaci\u00f3n del Hotel Meli\u00e1 Braga.<\/figcaption><\/figure><\/div>\n\n\n\n<div class=\"wp-block-image wp-image-3193 size-full\"><figure class=\"aligncenter\"><img decoding=\"async\" src=\"https:\/\/buscounchollo.com\/blog\/wp-content\/uploads\/2016\/07\/Hotel-Melia-Braga-Ba\u00f1o22.png\" alt=\"Ba\u00f1o en el Hotel en Braga\" class=\"wp-image-3193\"\/><figcaption>Otra foto de la ba\u00f1era de la habitaci\u00f3n del Hotel Melia Braga 5*<\/figcaption><\/figure><\/div>\n\n\n\n<div class=\"wp-block-image wp-image-3194 size-full\"><figure class=\"aligncenter\"><img decoding=\"async\" src=\"https:\/\/buscounchollo.com\/blog\/wp-content\/uploads\/2016\/07\/Hotel-Melia-Braga-vistas-lluvia.jpg\" alt=\"Lluvia en Braga\" class=\"wp-image-3194\"\/><figcaption>Como pod\u00e9is observar, el tiempo no di\u00f3 tregua en los tres d\u00edas que estuve en Braga<\/figcaption><\/figure><\/div>\n\n\n\n<p><br>&nbsp;<br><strong>\u00a1Muchas gracias por tu post Rosario! Y t\u00fa? Deseas contarnos tus experiencias de viajes con BuscoUnChollo.com? \u00a1Ponte en contacto con nosotros y te publicamos tu experiencia! ?<\/strong><\/p>\n","protected":false},"excerpt":{"rendered":"<p>Apreciad@ Buscador de Chollos,Hoy nos alegra mucho poder publicar en nuestro Blog una experiencia de una clienta de BuscoUnChollo.com, Rosario Rosendo, que viaj\u00f3 a Braga la pasada Semana Santa al espectacular Hotel Melia Braga 5* de Portugal. A continuaci\u00f3n, te&nbsp;dejamos con su experiencia de viaje con BuscoUnChollo.com, \u00a1no te&nbsp;perd\u00e1is las fotos que hizo de las&#8230;<\/p>\n","protected":false},"author":5,"featured_media":13944,"comment_status":"open","ping_status":"open","sticky":false,"template":"","format":"standard","meta":{"footnotes":""},"categories":[590],"tags":[632,633,634],"class_list":["post-3191","post","type-post","status-publish","format-standard","has-post-thumbnail","hentry","category-cholloexperiencias","tag-braga","tag-destinos-de-viaje","tag-portugal"],"yoast_head":"<!-- This site is optimized with the Yoast SEO plugin v23.1 - https:\/\/yoast.com\/wordpress\/plugins\/seo\/ -->\n<title>\u00a1Una bloguera nos cuenta su viaje a Braga con BuscoUnChollo.com! - BuscoUnChollo Blog<\/title>\n<meta name=\"robots\" content=\"index, follow, max-snippet:-1, max-image-preview:large, max-video-preview:-1\" \/>\n<link rel=\"canonical\" href=\"https:\/\/www.buscounchollo.com\/blog\/una-bloguera-nos-cuenta-su-viaje-a-braga-con-buscounchollo-com-2\/\" \/>\n<meta property=\"og:locale\" content=\"en_US\" \/>\n<meta property=\"og:type\" content=\"article\" \/>\n<meta property=\"og:title\" content=\"\u00a1Una bloguera nos cuenta su viaje a Braga con BuscoUnChollo.com! - BuscoUnChollo Blog\" \/>\n<meta property=\"og:description\" content=\"Apreciad@ Buscador de Chollos,Hoy nos alegra mucho poder publicar en nuestro Blog una experiencia de una clienta de BuscoUnChollo.com, Rosario Rosendo, que viaj\u00f3 a Braga la pasada Semana Santa al espectacular Hotel Melia Braga 5* de Portugal. A continuaci\u00f3n, te&nbsp;dejamos con su experiencia de viaje con BuscoUnChollo.com, \u00a1no te&nbsp;perd\u00e1is las fotos que hizo de las...\" \/>\n<meta property=\"og:url\" content=\"https:\/\/www.buscounchollo.com\/blog\/una-bloguera-nos-cuenta-su-viaje-a-braga-con-buscounchollo-com-2\/\" \/>\n<meta property=\"og:site_name\" content=\"BuscoUnChollo Blog\" \/>\n<meta property=\"article:published_time\" content=\"2013-06-28T09:03:44+00:00\" \/>\n<meta property=\"article:modified_time\" content=\"2021-09-07T12:19:54+00:00\" \/>\n<meta property=\"og:image\" content=\"https:\/\/www.buscounchollo.com\/blog\/app\/uploads\/2013\/06\/Hotel-Melia-Braga-Ba\u00f1o.jpg\" \/>\n\t<meta property=\"og:image:width\" content=\"480\" \/>\n\t<meta property=\"og:image:height\" content=\"396\" \/>\n\t<meta property=\"og:image:type\" content=\"image\/jpeg\" \/>\n<meta name=\"author\" content=\"BuscoUnChollo.com\" \/>\n<meta name=\"twitter:card\" content=\"summary_large_image\" \/>\n<meta name=\"twitter:label1\" content=\"Written by\" \/>\n\t<meta name=\"twitter:data1\" content=\"BuscoUnChollo.com\" \/>\n\t<meta name=\"twitter:label2\" content=\"Est. reading time\" \/>\n\t<meta name=\"twitter:data2\" content=\"2 minutes\" \/>\n<script type=\"application\/ld+json\" class=\"yoast-schema-graph\">{\"@context\":\"https:\/\/schema.org\",\"@graph\":[{\"@type\":\"Article\",\"@id\":\"https:\/\/www.buscounchollo.com\/blog\/una-bloguera-nos-cuenta-su-viaje-a-braga-con-buscounchollo-com-2\/#article\",\"isPartOf\":{\"@id\":\"https:\/\/www.buscounchollo.com\/blog\/una-bloguera-nos-cuenta-su-viaje-a-braga-con-buscounchollo-com-2\/\"},\"author\":{\"name\":\"BuscoUnChollo.com\",\"@id\":\"https:\/\/www.buscounchollo.com\/blog\/#\/schema\/person\/f1d358d56b7a947fde4b03bdde7d493d\"},\"headline\":\"\u00a1Una bloguera nos cuenta su viaje a Braga con BuscoUnChollo.com!\",\"datePublished\":\"2013-06-28T09:03:44+00:00\",\"dateModified\":\"2021-09-07T12:19:54+00:00\",\"mainEntityOfPage\":{\"@id\":\"https:\/\/www.buscounchollo.com\/blog\/una-bloguera-nos-cuenta-su-viaje-a-braga-con-buscounchollo-com-2\/\"},\"wordCount\":434,\"commentCount\":0,\"publisher\":{\"@id\":\"https:\/\/www.buscounchollo.com\/blog\/#organization\"},\"image\":{\"@id\":\"https:\/\/www.buscounchollo.com\/blog\/una-bloguera-nos-cuenta-su-viaje-a-braga-con-buscounchollo-com-2\/#primaryimage\"},\"thumbnailUrl\":\"https:\/\/www.buscounchollo.com\/blog\/app\/uploads\/2013\/06\/Hotel-Melia-Braga-Ba\u00f1o.jpg\",\"keywords\":[\"braga\",\"destinos de viaje\",\"portugal\"],\"articleSection\":[\"Nuestras Experiencias de viajes\"],\"inLanguage\":\"en-US\",\"potentialAction\":[{\"@type\":\"CommentAction\",\"name\":\"Comment\",\"target\":[\"https:\/\/www.buscounchollo.com\/blog\/una-bloguera-nos-cuenta-su-viaje-a-braga-con-buscounchollo-com-2\/#respond\"]}]},{\"@type\":\"WebPage\",\"@id\":\"https:\/\/www.buscounchollo.com\/blog\/una-bloguera-nos-cuenta-su-viaje-a-braga-con-buscounchollo-com-2\/\",\"url\":\"https:\/\/www.buscounchollo.com\/blog\/una-bloguera-nos-cuenta-su-viaje-a-braga-con-buscounchollo-com-2\/\",\"name\":\"\u00a1Una bloguera nos cuenta su viaje a Braga con BuscoUnChollo.com! - BuscoUnChollo Blog\",\"isPartOf\":{\"@id\":\"https:\/\/www.buscounchollo.com\/blog\/#website\"},\"primaryImageOfPage\":{\"@id\":\"https:\/\/www.buscounchollo.com\/blog\/una-bloguera-nos-cuenta-su-viaje-a-braga-con-buscounchollo-com-2\/#primaryimage\"},\"image\":{\"@id\":\"https:\/\/www.buscounchollo.com\/blog\/una-bloguera-nos-cuenta-su-viaje-a-braga-con-buscounchollo-com-2\/#primaryimage\"},\"thumbnailUrl\":\"https:\/\/www.buscounchollo.com\/blog\/app\/uploads\/2013\/06\/Hotel-Melia-Braga-Ba\u00f1o.jpg\",\"datePublished\":\"2013-06-28T09:03:44+00:00\",\"dateModified\":\"2021-09-07T12:19:54+00:00\",\"breadcrumb\":{\"@id\":\"https:\/\/www.buscounchollo.com\/blog\/una-bloguera-nos-cuenta-su-viaje-a-braga-con-buscounchollo-com-2\/#breadcrumb\"},\"inLanguage\":\"en-US\",\"potentialAction\":[{\"@type\":\"ReadAction\",\"target\":[\"https:\/\/www.buscounchollo.com\/blog\/una-bloguera-nos-cuenta-su-viaje-a-braga-con-buscounchollo-com-2\/\"]}]},{\"@type\":\"ImageObject\",\"inLanguage\":\"en-US\",\"@id\":\"https:\/\/www.buscounchollo.com\/blog\/una-bloguera-nos-cuenta-su-viaje-a-braga-con-buscounchollo-com-2\/#primaryimage\",\"url\":\"https:\/\/www.buscounchollo.com\/blog\/app\/uploads\/2013\/06\/Hotel-Melia-Braga-Ba\u00f1o.jpg\",\"contentUrl\":\"https:\/\/www.buscounchollo.com\/blog\/app\/uploads\/2013\/06\/Hotel-Melia-Braga-Ba\u00f1o.jpg\",\"width\":480,\"height\":396,\"caption\":\"Habitaci\u00f3n de hotel en primer plano se ve una ba\u00f1era blanca y detr\u00e1s una cama y una ventana con cortinas abiertas\"},{\"@type\":\"BreadcrumbList\",\"@id\":\"https:\/\/www.buscounchollo.com\/blog\/una-bloguera-nos-cuenta-su-viaje-a-braga-con-buscounchollo-com-2\/#breadcrumb\",\"itemListElement\":[{\"@type\":\"ListItem\",\"position\":1,\"name\":\"Home\",\"item\":\"https:\/\/www.buscounchollo.com\/blog\/\"},{\"@type\":\"ListItem\",\"position\":2,\"name\":\"\u00a1Una bloguera nos cuenta su viaje a Braga con BuscoUnChollo.com!\"}]},{\"@type\":\"WebSite\",\"@id\":\"https:\/\/www.buscounchollo.com\/blog\/#website\",\"url\":\"https:\/\/www.buscounchollo.com\/blog\/\",\"name\":\"BuscoUnChollo Blog\",\"description\":\"Consejos Para Viajar Y Curiosidades\",\"publisher\":{\"@id\":\"https:\/\/www.buscounchollo.com\/blog\/#organization\"},\"potentialAction\":[{\"@type\":\"SearchAction\",\"target\":{\"@type\":\"EntryPoint\",\"urlTemplate\":\"https:\/\/www.buscounchollo.com\/blog\/?s={search_term_string}\"},\"query-input\":\"required name=search_term_string\"}],\"inLanguage\":\"en-US\"},{\"@type\":\"Organization\",\"@id\":\"https:\/\/www.buscounchollo.com\/blog\/#organization\",\"name\":\"BuscoUnChollo Blog\",\"url\":\"https:\/\/www.buscounchollo.com\/blog\/\",\"logo\":{\"@type\":\"ImageObject\",\"inLanguage\":\"en-US\",\"@id\":\"https:\/\/www.buscounchollo.com\/blog\/#\/schema\/logo\/image\/\",\"url\":\"https:\/\/www.buscounchollo.com\/blog\/app\/uploads\/2021\/05\/logo_lg-1.png\",\"contentUrl\":\"https:\/\/www.buscounchollo.com\/blog\/app\/uploads\/2021\/05\/logo_lg-1.png\",\"width\":600,\"height\":185,\"caption\":\"BuscoUnChollo Blog\"},\"image\":{\"@id\":\"https:\/\/www.buscounchollo.com\/blog\/#\/schema\/logo\/image\/\"}},{\"@type\":\"Person\",\"@id\":\"https:\/\/www.buscounchollo.com\/blog\/#\/schema\/person\/f1d358d56b7a947fde4b03bdde7d493d\",\"name\":\"BuscoUnChollo.com\",\"image\":{\"@type\":\"ImageObject\",\"inLanguage\":\"en-US\",\"@id\":\"https:\/\/www.buscounchollo.com\/blog\/#\/schema\/person\/image\/\",\"url\":\"https:\/\/secure.gravatar.com\/avatar\/?s=96&d=mm&r=g\",\"contentUrl\":\"https:\/\/secure.gravatar.com\/avatar\/?s=96&d=mm&r=g\",\"caption\":\"BuscoUnChollo.com\"},\"url\":\"https:\/\/www.buscounchollo.com\/blog\/author\/buscounchollo-com\/\"}]}<\/script>\n<!-- \/ Yoast SEO plugin. -->","yoast_head_json":{"title":"\u00a1Una bloguera nos cuenta su viaje a Braga con BuscoUnChollo.com! - BuscoUnChollo Blog","robots":{"index":"index","follow":"follow","max-snippet":"max-snippet:-1","max-image-preview":"max-image-preview:large","max-video-preview":"max-video-preview:-1"},"canonical":"https:\/\/www.buscounchollo.com\/blog\/una-bloguera-nos-cuenta-su-viaje-a-braga-con-buscounchollo-com-2\/","og_locale":"en_US","og_type":"article","og_title":"\u00a1Una bloguera nos cuenta su viaje a Braga con BuscoUnChollo.com! - BuscoUnChollo Blog","og_description":"Apreciad@ Buscador de Chollos,Hoy nos alegra mucho poder publicar en nuestro Blog una experiencia de una clienta de BuscoUnChollo.com, Rosario Rosendo, que viaj\u00f3 a Braga la pasada Semana Santa al espectacular Hotel Melia Braga 5* de Portugal. A continuaci\u00f3n, te&nbsp;dejamos con su experiencia de viaje con BuscoUnChollo.com, \u00a1no te&nbsp;perd\u00e1is las fotos que hizo de las...","og_url":"https:\/\/www.buscounchollo.com\/blog\/una-bloguera-nos-cuenta-su-viaje-a-braga-con-buscounchollo-com-2\/","og_site_name":"BuscoUnChollo Blog","article_published_time":"2013-06-28T09:03:44+00:00","article_modified_time":"2021-09-07T12:19:54+00:00","og_image":[{"width":480,"height":396,"url":"https:\/\/www.buscounchollo.com\/blog\/app\/uploads\/2013\/06\/Hotel-Melia-Braga-Ba\u00f1o.jpg","type":"image\/jpeg"}],"author":"BuscoUnChollo.com","twitter_card":"summary_large_image","twitter_misc":{"Written by":"BuscoUnChollo.com","Est. reading time":"2 minutes"},"schema":{"@context":"https:\/\/schema.org","@graph":[{"@type":"Article","@id":"https:\/\/www.buscounchollo.com\/blog\/una-bloguera-nos-cuenta-su-viaje-a-braga-con-buscounchollo-com-2\/#article","isPartOf":{"@id":"https:\/\/www.buscounchollo.com\/blog\/una-bloguera-nos-cuenta-su-viaje-a-braga-con-buscounchollo-com-2\/"},"author":{"name":"BuscoUnChollo.com","@id":"https:\/\/www.buscounchollo.com\/blog\/#\/schema\/person\/f1d358d56b7a947fde4b03bdde7d493d"},"headline":"\u00a1Una bloguera nos cuenta su viaje a Braga con BuscoUnChollo.com!","datePublished":"2013-06-28T09:03:44+00:00","dateModified":"2021-09-07T12:19:54+00:00","mainEntityOfPage":{"@id":"https:\/\/www.buscounchollo.com\/blog\/una-bloguera-nos-cuenta-su-viaje-a-braga-con-buscounchollo-com-2\/"},"wordCount":434,"commentCount":0,"publisher":{"@id":"https:\/\/www.buscounchollo.com\/blog\/#organization"},"image":{"@id":"https:\/\/www.buscounchollo.com\/blog\/una-bloguera-nos-cuenta-su-viaje-a-braga-con-buscounchollo-com-2\/#primaryimage"},"thumbnailUrl":"https:\/\/www.buscounchollo.com\/blog\/app\/uploads\/2013\/06\/Hotel-Melia-Braga-Ba\u00f1o.jpg","keywords":["braga","destinos de viaje","portugal"],"articleSection":["Nuestras Experiencias de viajes"],"inLanguage":"en-US","potentialAction":[{"@type":"CommentAction","name":"Comment","target":["https:\/\/www.buscounchollo.com\/blog\/una-bloguera-nos-cuenta-su-viaje-a-braga-con-buscounchollo-com-2\/#respond"]}]},{"@type":"WebPage","@id":"https:\/\/www.buscounchollo.com\/blog\/una-bloguera-nos-cuenta-su-viaje-a-braga-con-buscounchollo-com-2\/","url":"https:\/\/www.buscounchollo.com\/blog\/una-bloguera-nos-cuenta-su-viaje-a-braga-con-buscounchollo-com-2\/","name":"\u00a1Una bloguera nos cuenta su viaje a Braga con BuscoUnChollo.com! - BuscoUnChollo Blog","isPartOf":{"@id":"https:\/\/www.buscounchollo.com\/blog\/#website"},"primaryImageOfPage":{"@id":"https:\/\/www.buscounchollo.com\/blog\/una-bloguera-nos-cuenta-su-viaje-a-braga-con-buscounchollo-com-2\/#primaryimage"},"image":{"@id":"https:\/\/www.buscounchollo.com\/blog\/una-bloguera-nos-cuenta-su-viaje-a-braga-con-buscounchollo-com-2\/#primaryimage"},"thumbnailUrl":"https:\/\/www.buscounchollo.com\/blog\/app\/uploads\/2013\/06\/Hotel-Melia-Braga-Ba\u00f1o.jpg","datePublished":"2013-06-28T09:03:44+00:00","dateModified":"2021-09-07T12:19:54+00:00","breadcrumb":{"@id":"https:\/\/www.buscounchollo.com\/blog\/una-bloguera-nos-cuenta-su-viaje-a-braga-con-buscounchollo-com-2\/#breadcrumb"},"inLanguage":"en-US","potentialAction":[{"@type":"ReadAction","target":["https:\/\/www.buscounchollo.com\/blog\/una-bloguera-nos-cuenta-su-viaje-a-braga-con-buscounchollo-com-2\/"]}]},{"@type":"ImageObject","inLanguage":"en-US","@id":"https:\/\/www.buscounchollo.com\/blog\/una-bloguera-nos-cuenta-su-viaje-a-braga-con-buscounchollo-com-2\/#primaryimage","url":"https:\/\/www.buscounchollo.com\/blog\/app\/uploads\/2013\/06\/Hotel-Melia-Braga-Ba\u00f1o.jpg","contentUrl":"https:\/\/www.buscounchollo.com\/blog\/app\/uploads\/2013\/06\/Hotel-Melia-Braga-Ba\u00f1o.jpg","width":480,"height":396,"caption":"Habitaci\u00f3n de hotel en primer plano se ve una ba\u00f1era blanca y detr\u00e1s una cama y una ventana con cortinas abiertas"},{"@type":"BreadcrumbList","@id":"https:\/\/www.buscounchollo.com\/blog\/una-bloguera-nos-cuenta-su-viaje-a-braga-con-buscounchollo-com-2\/#breadcrumb","itemListElement":[{"@type":"ListItem","position":1,"name":"Home","item":"https:\/\/www.buscounchollo.com\/blog\/"},{"@type":"ListItem","position":2,"name":"\u00a1Una bloguera nos cuenta su viaje a Braga con BuscoUnChollo.com!"}]},{"@type":"WebSite","@id":"https:\/\/www.buscounchollo.com\/blog\/#website","url":"https:\/\/www.buscounchollo.com\/blog\/","name":"BuscoUnChollo Blog","description":"Consejos Para Viajar Y Curiosidades","publisher":{"@id":"https:\/\/www.buscounchollo.com\/blog\/#organization"},"potentialAction":[{"@type":"SearchAction","target":{"@type":"EntryPoint","urlTemplate":"https:\/\/www.buscounchollo.com\/blog\/?s={search_term_string}"},"query-input":"required name=search_term_string"}],"inLanguage":"en-US"},{"@type":"Organization","@id":"https:\/\/www.buscounchollo.com\/blog\/#organization","name":"BuscoUnChollo Blog","url":"https:\/\/www.buscounchollo.com\/blog\/","logo":{"@type":"ImageObject","inLanguage":"en-US","@id":"https:\/\/www.buscounchollo.com\/blog\/#\/schema\/logo\/image\/","url":"https:\/\/www.buscounchollo.com\/blog\/app\/uploads\/2021\/05\/logo_lg-1.png","contentUrl":"https:\/\/www.buscounchollo.com\/blog\/app\/uploads\/2021\/05\/logo_lg-1.png","width":600,"height":185,"caption":"BuscoUnChollo Blog"},"image":{"@id":"https:\/\/www.buscounchollo.com\/blog\/#\/schema\/logo\/image\/"}},{"@type":"Person","@id":"https:\/\/www.buscounchollo.com\/blog\/#\/schema\/person\/f1d358d56b7a947fde4b03bdde7d493d","name":"BuscoUnChollo.com","image":{"@type":"ImageObject","inLanguage":"en-US","@id":"https:\/\/www.buscounchollo.com\/blog\/#\/schema\/person\/image\/","url":"https:\/\/secure.gravatar.com\/avatar\/?s=96&d=mm&r=g","contentUrl":"https:\/\/secure.gravatar.com\/avatar\/?s=96&d=mm&r=g","caption":"BuscoUnChollo.com"},"url":"https:\/\/www.buscounchollo.com\/blog\/author\/buscounchollo-com\/"}]}},"_links":{"self":[{"href":"https:\/\/www.buscounchollo.com\/blog\/wp-json\/wp\/v2\/posts\/3191"}],"collection":[{"href":"https:\/\/www.buscounchollo.com\/blog\/wp-json\/wp\/v2\/posts"}],"about":[{"href":"https:\/\/www.buscounchollo.com\/blog\/wp-json\/wp\/v2\/types\/post"}],"author":[{"embeddable":true,"href":"https:\/\/www.buscounchollo.com\/blog\/wp-json\/wp\/v2\/users\/5"}],"replies":[{"embeddable":true,"href":"https:\/\/www.buscounchollo.com\/blog\/wp-json\/wp\/v2\/comments?post=3191"}],"version-history":[{"count":1,"href":"https:\/\/www.buscounchollo.com\/blog\/wp-json\/wp\/v2\/posts\/3191\/revisions"}],"predecessor-version":[{"id":13942,"href":"https:\/\/www.buscounchollo.com\/blog\/wp-json\/wp\/v2\/posts\/3191\/revisions\/13942"}],"wp:featuredmedia":[{"embeddable":true,"href":"https:\/\/www.buscounchollo.com\/blog\/wp-json\/wp\/v2\/media\/13944"}],"wp:attachment":[{"href":"https:\/\/www.buscounchollo.com\/blog\/wp-json\/wp\/v2\/media?parent=3191"}],"wp:term":[{"taxonomy":"category","embeddable":true,"href":"https:\/\/www.buscounchollo.com\/blog\/wp-json\/wp\/v2\/categories?post=3191"},{"taxonomy":"post_tag","embeddable":true,"href":"https:\/\/www.buscounchollo.com\/blog\/wp-json\/wp\/v2\/tags?post=3191"}],"curies":[{"name":"wp","href":"https:\/\/api.w.org\/{rel}","templated":true}]}}