{"id":9165,"date":"2021-06-16T13:58:30","date_gmt":"2021-06-16T11:58:30","guid":{"rendered":"https:\/\/www.buscounchollo.com\/blog\/?p=9165"},"modified":"2024-05-10T18:32:29","modified_gmt":"2024-05-10T16:32:29","slug":"cuaderno-de-viaje-nos-vamos-a-menorca-te-contamos-donde-hemos-dormido-y-que-hemos-hecho","status":"publish","type":"post","link":"https:\/\/www.buscounchollo.com\/blog\/cuaderno-de-viaje-nos-vamos-a-menorca-te-contamos-donde-hemos-dormido-y-que-hemos-hecho\/","title":{"rendered":"Cuaderno de viaje: \u00a1Nos vamos a Menorca! &#8211; Te contamos d\u00f3nde hemos dormido y qu\u00e9 hemos hecho"},"content":{"rendered":"<div id=\"toc_container\" class=\"no_bullets\"><p class=\"toc_title\">Contenido<\/p><ul class=\"toc_list\"><li><a href=\"#Antes_de_empezar8230_Como_hemos_viajado_a_Menorca\"><span class=\"toc_number toc_depth_1\">1<\/span> Antes de empezar&#8230; \u00bfC\u00f3mo hemos viajado a Menorca?<\/a><\/li><li><a href=\"#Nos_alojamos_en_el_Hotel_TRH_Tirant_Playa_en_Fornells\"><span class=\"toc_number toc_depth_1\">2<\/span> Nos alojamos en el Hotel TRH Tirant Playa, en Fornells<\/a><\/li><li><a href=\"#Calas_y_playas_de_Menorca_que_hemos_visitado_te_incluimos_trucos_y_consejos\"><span class=\"toc_number toc_depth_1\">3<\/span> Calas y playas de Menorca que hemos visitado (te incluimos trucos y consejos)<\/a><ul><li><a href=\"#Primera_parada_Cala_Galdana\"><span class=\"toc_number toc_depth_2\">3.1<\/span> Primera parada: Cala Galdana<\/a><\/li><li><a href=\"#Segunda_parada_Cala_Pilar\"><span class=\"toc_number toc_depth_2\">3.2<\/span> Segunda parada: Cala Pilar<\/a><\/li><li><a href=\"#Tercera_parada_Cala_En_Brut\"><span class=\"toc_number toc_depth_2\">3.3<\/span> Tercera parada: Cala En Brut<\/a><\/li><li><a href=\"#Cuarta_parada_Cala_Turqueta\"><span class=\"toc_number toc_depth_2\">3.4<\/span> Cuarta parada: Cala Turqueta<\/a><\/li><li><a href=\"#Quinta_parada_Cala_Mitjana_y_Mitjaneta\"><span class=\"toc_number toc_depth_2\">3.5<\/span> Quinta parada: Cala Mitjana y Mitjaneta<\/a><\/li><\/ul><\/li><li><a href=\"#Lugares_imprescindibles_que_tienes_que_visitar_en_Menorca_y_no_son_mas_playas_y_calas\"><span class=\"toc_number toc_depth_1\">4<\/span> Lugares imprescindibles que tienes que visitar en Menorca (y no son m\u00e1s playas y calas)<\/a><\/li><li><a href=\"#Donde_probar_la_mejor_gastronomia_menorquina_Los_mejores_restaurantes_que_hemos_visitado\"><span class=\"toc_number toc_depth_1\">5<\/span> \u00bfD\u00f3nde probar la mejor gastronom\u00eda menorquina? Los mejores restaurantes que hemos visitado<\/a><ul><li><a href=\"#Degusta_la_mejor_cocina_italiana_en_el_Restaurante_Opera\"><span class=\"toc_number toc_depth_2\">5.1<\/span> Degusta la mejor cocina italiana en el Restaurante Opera<\/a><\/li><li><a href=\"#Prueba_la_mejor_caldereta_de_langosta_en_El_Pescador\"><span class=\"toc_number toc_depth_2\">5.2<\/span> Prueba la mejor caldereta de langosta en El Pescador<\/a><\/li><li><a href=\"#La_cocina_mas_tradicional_de_Menorca_esta_en_Es_Tast_de_Na_Silva\"><span class=\"toc_number toc_depth_2\">5.3<\/span> La cocina m\u00e1s tradicional de Menorca est\u00e1 en Es Tast de Na Silva<\/a><\/li><\/ul><\/li><\/ul><\/div>\n\n<p><\/p>\n\n\n\n<p>\u00bfQu\u00e9 hay de nuevo chollero? \ud83d\udc4b<\/p>\n\n\n\n<p><\/p>\n\n\n\n<p>Una vez m\u00e1s estamos aqu\u00ed para traerte <strong>contenido MUY interesante<\/strong> \ud83d\ude0e Si ya has le\u00eddo el t\u00edtulo sabr\u00e1s de qu\u00e9 va el art\u00edculo de hoy jejeje \u00a1Nos hemos ido a Menorca! \u2708<\/p>\n\n\n\n<p><\/p>\n\n\n\n<p>Y como buenos viajeros hemos ido apuntando tooooodo lo que hemos hecho para explic\u00e1rtelo de primera mano \ud83d\ude17 \u00a1Sabemos que te encanta ver <strong>c\u00f3mo ser\u00e1 tu experiencia reservando con nosotros<\/strong>!<\/p>\n\n\n\n<p><\/p>\n\n\n\n<p>Dicho esto, ponte c\u00f3modo (o c\u00f3moda) y <strong>disfruta de una viaje totalmente virtual<\/strong> por la isla balear m\u00e1s bonita, Menorca \ud83e\udd70<\/p>\n\n\n\n<p><\/p>\n\n\n\n<p>En este art\u00edculo vas a encontrar:<\/p>\n\n\n\n<p><\/p>\n\n\n<p><a href=\"#texto-ancla1\">\u2708 \u00bfC\u00f3mo hemos viajado a Menorca?<\/a><br \/><a href=\"#texto-ancla2\">\ud83d\udecc D\u00f3nde dormimos en Menorca<\/a><br \/><a href=\"#texto-ancla3\">\ud83c\udfd6 Mejores playas y calas para descansar<\/a><br \/><a href=\"#texto-ancla4\">\ud83d\udccd Lugares imprescindibles si viajas a Menorca<\/a><br \/><a href=\"#texto-ancla5\">\ud83c\udf7d D\u00f3nde probar la mejor gastronom\u00eda de Menorca<\/a><\/p>\n<p>\u00a0<\/p>\n\n\n<div class=\"wp-block-image\"><figure class=\"aligncenter\"><img loading=\"lazy\" decoding=\"async\" width=\"1500\" height=\"629\" src=\"https:\/\/www.buscounchollo.com\/blog\/app\/uploads\/2024\/05\/1.jpg\" alt=\"\" class=\"wp-image-18608\"\/><\/figure><\/div>\n\n\n\n<p><a id=\"texto-ancla1\"><\/a><\/p>\n\n\n\n<h2 class=\"wp-block-heading\"><span id=\"Antes_de_empezar8230_Como_hemos_viajado_a_Menorca\"><strong>Antes de empezar&#8230; \u00bfC\u00f3mo hemos viajado a Menorca?<\/strong><\/span><\/h2>\n\n\n\n<p>Existen varias opciones: en <strong>avi\u00f3n <\/strong>o <strong>barco <\/strong>y con coche o sin \u00e9l.<\/p>\n\n\n\n<p><\/p>\n\n\n\n<p>Nosotros <strong>decidimos viajar en avi\u00f3n <\/strong>\u2708, es la forma m\u00e1s c\u00f3moda y r\u00e1pida para llegar a la isla balear \ud83d\ude09 Menorca cuenta con un <strong>aeropuerto (MAH)<\/strong> y un peque\u00f1o aer\u00f3dromo.<\/p>\n\n\n\n<p><\/p>\n\n\n\n<div class=\"wp-block-image\"><figure class=\"aligncenter\"><img loading=\"lazy\" decoding=\"async\" width=\"768\" height=\"1024\" src=\"https:\/\/www.buscounchollo.com\/blog\/app\/uploads\/2024\/05\/2-1.jpeg\" alt=\"\" class=\"wp-image-18609\"\/><\/figure><\/div>\n\n\n\n<p><em>Y no te preocupes por las distancias, el aeropuerto est\u00e1 a solo 4 km de Mah\u00f3n, la capital de la isla.<\/em><\/p>\n\n\n\n<p><\/p>\n\n\n\n<p>Para desplazarnos por la isla alquilamos un coche \ud83d\ude97 \u00a1Es la mejor opci\u00f3n para moverte! \ud83d\udc49 \u00bfSab\u00edas que <a rel=\"noreferrer noopener\" href=\"https:\/\/www.buscounchollo.com\/blog\/extra-extra-ya-puedes-anadir-un-coche-de-alquiler-a-tu-chollo\/\" target=\"_blank\">puedes a\u00f1adir como complemento en tu chollo un coche de alquiler<\/a>? Mira:<\/p>\n\n\n\n<p><\/p>\n\n\n\n<div class=\"wp-block-image\"><figure class=\"aligncenter\"><img loading=\"lazy\" decoding=\"async\" width=\"592\" height=\"332\" src=\"https:\/\/www.buscounchollo.com\/blog\/app\/uploads\/2024\/05\/3.png\" alt=\"\" class=\"wp-image-18610\"\/><\/figure><\/div>\n\n\n\n<p>Por otro lado, <strong>Menorca est\u00e1 muy bien comunicada por mar tanto con el resto de islas Baleares<\/strong>, como con la pen\u00ednsula. Desplazarse en barco es la opci\u00f3n m\u00e1s recomendable si quieres pasar una temporada larga en la isla y quieres llevarte tu propio coche \ud83d\udc4c<\/p>\n\n\n\n<p><\/p>\n\n\n\n<table class=\"wp-block-table\"><tbody><tr><td>En el caso de que no tengas coche o carnet de conducir, tambi\u00e9n puedes disfrutar de la isla movi\u00e9ndote en autob\u00fas.<\/td><\/tr><\/tbody><\/table>\n\n\n\n<p><\/p>\n\n\n\n<p><a id=\"texto-ancla2\"><\/a><\/p>\n\n\n\n<h2 class=\"wp-block-heading\"><span id=\"Nos_alojamos_en_el_Hotel_TRH_Tirant_Playa_en_Fornells\"><strong>Nos alojamos en el Hotel TRH Tirant Playa, en Fornells<\/strong><\/span><\/h2>\n\n\n\n<p><\/p>\n\n\n\n<p>Hace un tiempo nuestro equipo de producto nos avanz\u00f3 que estaba tratando de <strong>conseguir un hotelazo en Menorca<\/strong> \u00a1y cuando sali\u00f3 a la venta no pudimos resistirnos!<\/p>\n\n\n\n<p><\/p>\n\n\n\n<p>Lanzamos un chollazo incre\u00edble en el <a href=\"https:\/\/www.buscounchollo.com\/hoteles\/apartamentos-tirant-playa-beach\/990\">Hotel TRH Tirant Playa<\/a> \u2b50\u2b50\u2b50 Situado a <strong>2 min andando de la Playa de Fornells<\/strong> y a 10 min de Cala Tirant \ud83c\udf0a<\/p>\n\n\n\n<p><\/p>\n\n\n\n<div class=\"wp-block-image\"><figure class=\"aligncenter\"><img loading=\"lazy\" decoding=\"async\" width=\"768\" height=\"1024\" src=\"https:\/\/www.buscounchollo.com\/blog\/app\/uploads\/2024\/05\/4-1.jpeg\" alt=\"\" class=\"wp-image-18611\"\/><\/figure><\/div>\n\n\n\n<p><\/p>\n\n\n\n<p>Este complejo recuerda a una <strong>tranquila villa menorquina<\/strong>, pensada para el descanso y la intimidad en uno de los rincones de naturaleza m\u00e1s espectaculares del Mediterr\u00e1neo \ud83e\udd70<\/p>\n\n\n\n<p><\/p>\n\n\n\n<p>Mira, con este v\u00eddeo har\u00e1s un <strong>recorrido virtual por el complejo y entrar\u00e1s dentro de un apartamento<\/strong>:<\/p>\n\n\n\n<p><\/p>\n\n\n<p style=\"text-align: center;\"><iframe loading=\"lazy\" title=\"YouTube video player\" src=\"https:\/\/www.youtube.com\/embed\/YtWPWAEK0Tk\" allowfullscreen=\"allowfullscreen\" width=\"560\" height=\"315\" frameborder=\"0\"><\/iframe><\/p>\n\n\n<p>Como ves, <strong>todos los apartamentos<\/strong> <strong>cuentan <\/strong>con <strong>zona de estar <\/strong>amplia con sof\u00e1 cama <strong>TV <\/strong>v\u00eda sat\u00e9lite, zona de <strong>cocina<\/strong>, <strong>ba\u00f1o totalmente equipado<\/strong> y un amplio <strong>balc\u00f3n o terraza<\/strong> \ud83d\udc4c<\/p>\n\n\n\n<p><\/p>\n\n\n\n<p class=\"has-text-align-center\"><em>Y s\u00ed, en la cocina encontrar\u00e1s todos los utensilios para poder cocinar sin problema (aunque no hay horno para hacerse unas pizzas <\/em>\ud83c\udf55<em>).<\/em><\/p>\n\n\n\n<p>Tuvimos la suerte de que nos tocara un <strong>apartamento con vistas a la Cala Tirant<\/strong> \u00a1y alucinas con los amaneceres y atardeceres que vimos! \ud83e\udd29<\/p>\n\n\n\n<p>Por otro lado, aunque el chollo estaba disponible en <strong><em>Solo Alojamiento<\/em><\/strong> nosotros decidimos <strong>desayunar y cenar varias veces en el hotel<\/strong> \u00bfQuieres ver c\u00f3mo nos pusimos las botas?<\/p>\n\n\n\n<p><\/p>\n\n\n\n<table class=\"wp-block-table\"><tbody><tr><td>Tanto el desayuno como la cena eran de tipo buffet \u00a1y todo era comida casera! Les mandamos un besazo a Pedro (camarero) y Carmen (cocinera).<\/td><\/tr><\/tbody><\/table>\n\n\n\n<p><\/p>\n\n\n\n<p class=\"has-text-align-center\"><strong>SPOILER: viendo esto te va a entrar hambre.<\/strong><\/p>\n\n\n\n<div class=\"wp-block-image\"><figure class=\"aligncenter\"><img loading=\"lazy\" decoding=\"async\" width=\"1500\" height=\"1499\" src=\"https:\/\/www.buscounchollo.com\/blog\/app\/uploads\/2024\/05\/5-1.jpeg\" alt=\"\" class=\"wp-image-18612\"\/><\/figure><\/div>\n\n\n\n<p><\/p>\n\n\n\n<p>Nuestra zona favorita del Hotel TRH Tirant Playa 4* era la <strong>piscina<\/strong> \ud83d\ude0d Se agradec\u00eda much\u00edsimo tras estar todo un d\u00eda haciendo excursiones por la isla, o por la ma\u00f1ana para empezar el d\u00eda fresquitos \ud83e\udd70 Nos sorprendi\u00f3 ver que la piscina estaba la gran parte del tiempo vac\u00eda (sin gente) \u00a1Imaginamos que todos los viajeros aprovechan para ir a calas y playas! \ud83d\udc40<\/p>\n\n\n\n<p><\/p>\n\n\n\n<div class=\"wp-block-image\"><figure class=\"aligncenter\"><img loading=\"lazy\" decoding=\"async\" width=\"768\" height=\"1024\" src=\"https:\/\/www.buscounchollo.com\/blog\/app\/uploads\/2024\/05\/6.jpeg\" alt=\"\" class=\"wp-image-18613\"\/><\/figure><\/div>\n\n\n\n<p>\ud83d\udc99 En cuanto a las <strong>medidas de seguridad ante el COVID-19<\/strong> tenemos que informaros de que eran <strong>MUY completas<\/strong>; por ejemplo, el buffet era a la carta y servido en mesa. El apartamento se limpiaba cada 2 d\u00edas \ud83d\udc4d<\/p>\n\n\n\n<p><\/p>\n\n\n\n<p><a id=\"texto-ancla3\"><\/a><\/p>\n\n\n\n<h2 class=\"wp-block-heading\"><span id=\"Calas_y_playas_de_Menorca_que_hemos_visitado_te_incluimos_trucos_y_consejos\"><strong>Calas y playas de Menorca que hemos visitado (te incluimos trucos y consejos)<\/strong><\/span><\/h2>\n\n\n\n<p>Puede que esta sea tu <strong>parte favorita<\/strong>, aqu\u00ed vas a ver <strong>im\u00e1genes totalmente exclusivas<\/strong> y consejos que nos han brindado los isle\u00f1os \ud83d\ude0e<\/p>\n\n\n\n<p><\/p>\n\n\n\n<p class=\"has-text-align-center\"><em>Si todav\u00eda no has sacado tu bloc de notas, este es el momento de hacerlo.<\/em><\/p>\n\n\n\n<h3 class=\"wp-block-heading\"><span id=\"Primera_parada_Cala_Galdana\">Primera parada: Cala Galdana<\/span><\/h3>\n\n\n\n<p><\/p>\n\n\n\n<p>Tenemos que confesarte que antes de hacer nuestro viaje <strong>organizamos un mont\u00f3n de paradas obligatorias<\/strong>. La primera fue en <strong>Cala Galdana<\/strong>, todav\u00eda est\u00e1bamos cansados del viaje y quer\u00edamos empezar visitando una cala en la que no tuvieramos que caminar demasiado.<\/p>\n\n\n\n<p><\/p>\n\n\n\n<p>Esta cala se encuentra en la <strong>costa sur de Menorca<\/strong> y es una de las m\u00e1s familiares de la isla. A pesar de eso, es una playa espectacular. Su longitud es <strong>superior a los 400 m y tiene una zona de ba\u00f1o inmensa<\/strong>.<\/p>\n\n\n\n<p><\/p>\n\n\n\n<div class=\"wp-block-image\"><figure class=\"aligncenter\"><img loading=\"lazy\" decoding=\"async\" width=\"768\" height=\"1024\" src=\"https:\/\/www.buscounchollo.com\/blog\/app\/uploads\/2024\/05\/7-1.jpeg\" alt=\"\" class=\"wp-image-18615\"\/><\/figure><\/div>\n\n\n\n<p>Aqu\u00ed puedes encontrar <strong>todo tipo de servicios<\/strong>. Desde chiringuitos para beber un agua MUY FR\u00cdA o una cervecita, hasta hamacas, parasoles, alquiler de kayaks, centro de buceo, alquiler de barcas a motor, excursiones en barco.<\/p>\n\n\n\n<p><\/p>\n\n\n\n<p class=\"has-text-align-center\">\u00a1No faltan bares y restaurantes! (M\u00e1s abajo te hablaremos de ellos)<\/p>\n\n\n\n<h3 class=\"wp-block-heading\"><span id=\"Segunda_parada_Cala_Pilar\">Segunda parada: Cala Pilar<\/span><\/h3>\n\n\n\n<p><\/p>\n\n\n\n<p>\u00a1Esta sin duda <strong>fue nuestra favorit<\/strong>a! Esta cala <strong>es un poco diferente<\/strong> a las que se pueden encontrar en Menorca por el color de su arena (dorado o rojo).<\/p>\n\n\n\n<p><\/p>\n\n\n\n<figure class=\"wp-block-video aligncenter\"><video controls src=\"https:\/\/www.buscounchollo.com\/blog\/wp-content\/uploads\/2021\/06\/img-9755-1_4kuo4l4w-1.mov\"><\/video><\/figure>\n\n\n\n<p><em>Es una playa virgen de la costa norte de Menorca sin acceso en coche.<\/em><\/p>\n\n\n\n<p><\/p>\n\n\n\n<p><strong>Para llegar hasta ella <\/strong>deber\u00e1s aparcar en un parking gratuito que se encuentra en el <strong>Cam\u00ed del Pilar<\/strong>, a 2 km de la playa. Desde aqu\u00ed deber\u00e1s seguir las indicaciones, prep\u00e1rate \u00a1son <strong>45 min caminando<\/strong>! La ida hace bajada, pero la vuelta hace subida.<\/p>\n\n\n\n<p><\/p>\n\n\n\n<figure class=\"wp-block-video aligncenter\"><video controls src=\"https:\/\/www.buscounchollo.com\/blog\/wp-content\/uploads\/2021\/06\/img-9752_zzjljB8Z-1.mov\"><\/video><\/figure>\n\n\n\n<p>Esta playa tiene <strong>240 m de largo y 30 m de ancho<\/strong>; est\u00e1 muy expuesta a los vientos del norte por lo que t<strong>e recomendamos mirar el tiempo antes de ir<\/strong>. Con tramontana el oleaje no te dejar\u00e1 disfrutar de sus aguas transparentes.<\/p>\n\n\n\n<p><\/p>\n\n\n\n<p>Nosotros estuvimos en esta playa hasta que empez\u00f3 a atardecer, la explosi\u00f3n de colores fue preciosa.<\/p>\n\n\n\n<p><\/p>\n\n\n\n<div class=\"wp-block-image\"><figure class=\"aligncenter\"><img loading=\"lazy\" decoding=\"async\" width=\"720\" height=\"540\" src=\"https:\/\/www.buscounchollo.com\/blog\/app\/uploads\/2024\/05\/8.png\" alt=\"\" class=\"wp-image-18616\"\/><\/figure><\/div>\n\n\n\n<h3 class=\"wp-block-heading\"><span id=\"Tercera_parada_Cala_En_Brut\">Tercera parada: Cala En Brut<\/span><\/h3>\n\n\n\n<p><\/p>\n\n\n\n<p>\u00bfTe gusta la <strong>adrenalina<\/strong>? Qu\u00e9date aqu\u00ed, la <strong>Cala En Brut<\/strong> es perfecta para ti. Se trata de una cala peque\u00f1ita situada al oeste de la isla, cerca de Ciudadela.<\/p>\n\n\n\n<p><\/p>\n\n\n\n<p class=\"has-text-align-center\">Aviso &gt; Esta cala no tiene arena.<\/p>\n\n\n\n<figure class=\"wp-block-image size-large\"><img loading=\"lazy\" decoding=\"async\" width=\"768\" height=\"1024\" src=\"https:\/\/www.buscounchollo.com\/blog\/app\/uploads\/2021\/06\/9.jpeg\" alt=\"\" class=\"wp-image-18617\"\/><\/figure>\n\n\n\n<p>Este lugar<strong> es ideal para aquellos que no soportan la arena de la playa<\/strong> \u00a1y tambi\u00e9n para los que adoran <strong>saltar desde los acantilados<\/strong>! Los m\u00e1s valientes saltan por la conocida zona de \u201cLa Cueva\u201d, tiene una altura superior a los 10 metros.<\/p>\n\n\n\n<p><\/p>\n\n\n\n<table class=\"wp-block-table\"><tbody><tr><td>Nuestro consejo para saltar: entra de palillo o bien con los pu\u00f1os y las rodillas por delante (como si estuvieras gateando). En cualquier caso, nunca saltes con las gafas de bucear puestas.<\/td><\/tr><\/tbody><\/table>\n\n\n\n<p><\/p>\n\n\n\n<p>No te olvides coger tus gafas para hacer <strong>snorkel<\/strong>, aqu\u00ed es donde pudimos ver m\u00e1s peces \u00a1el agua estaba totalmente transparente!<\/p>\n\n\n\n<p><\/p>\n\n\n\n<h3 class=\"wp-block-heading\"><span id=\"Cuarta_parada_Cala_Turqueta\">Cuarta parada: Cala Turqueta<\/span><\/h3>\n\n\n\n<p><\/p>\n\n\n\n<p>Es el turno de hablar de la cala m\u00e1s famosa de Menorca, <strong>Cala Turqueta<\/strong>. Se trata de una playa virgen <strong>situada en la costa sur de la isla<\/strong>. Su arena es muuuuy blanca y fina, con aguas cristalinas y como su nombre indica\u2026 turquesa.<\/p>\n\n\n\n<p><\/p>\n\n\n\n<figure class=\"wp-block-image size-large\"><img loading=\"lazy\" decoding=\"async\" width=\"768\" height=\"1024\" src=\"https:\/\/www.buscounchollo.com\/blog\/app\/uploads\/2021\/06\/10.jpeg\" alt=\"\" class=\"wp-image-18618\"\/><\/figure>\n\n\n\n<p>Esta cala est\u00e1 <strong>rodeada de acantilados de poca altura y pinos<\/strong> que llegan hasta la misma playa. Cala Turqueta est\u00e1 formada por dos playas separadas por un peque\u00f1o saliente rocoso, la primera es la m\u00e1s grande y es la salida natural de un torrente.<\/p>\n\n\n\n<p><\/p>\n\n\n\n<p>Ojo, aunque sea una playa virgen <strong>durante los meses de verano est\u00e1 bastante masificada<\/strong>. Su afluencia est\u00e1 regulada mediante los parkings (todos gratuitos). Es decir, que si el parking est\u00e1 lleno tendr\u00e1s que dar media vuelta.<\/p>\n\n\n\n<p><\/p>\n\n\n\n<figure class=\"wp-block-image size-large\"><img loading=\"lazy\" decoding=\"async\" width=\"1024\" height=\"768\" src=\"https:\/\/www.buscounchollo.com\/blog\/app\/uploads\/2021\/06\/11.jpeg\" alt=\"\" class=\"wp-image-18619\"\/><\/figure>\n\n\n\n<h3 class=\"wp-block-heading\"><span id=\"Quinta_parada_Cala_Mitjana_y_Mitjaneta\">Quinta parada: Cala Mitjana y Mitjaneta<\/span><\/h3>\n\n\n\n<p><\/p>\n\n\n\n<p>Otra de las playas y calas <strong>imprescindibles en Menorca<\/strong> es Cala Mitjana y Mitjaneta, este conjunto no dejan indiferente a nadie y todos desean volver: playa virgen, rodeada de pinos, aguas turquesas\u2026<\/p>\n\n\n\n<p><\/p>\n\n\n\n<p class=\"has-text-align-center\"><em>Si vas entre julio y agosto te recomendamos ir muy temprano por la ma\u00f1ana para disfrutarla con tranquilidad.<\/em><\/p>\n\n\n\n<figure class=\"wp-block-image size-large\"><img loading=\"lazy\" decoding=\"async\" width=\"1024\" height=\"768\" src=\"https:\/\/www.buscounchollo.com\/blog\/app\/uploads\/2021\/06\/12.jpeg\" alt=\"\" class=\"wp-image-18620\"\/><\/figure>\n\n\n\n<p><strong>Cala Mitjana<\/strong> est\u00e1 encajonada entre acantilados, en la zona de la derecha se encuentra <strong>Cala Mitjaneta<\/strong>; una mini cala para pocas personas \u00a1no siempre dispone de arena!<\/p>\n\n\n\n<p><\/p>\n\n\n\n<p>Ambas se encuentran cerca de Cala Galdana y se accede a ellas por una <strong>pista forestal <\/strong>que sale desde un gran <strong>parking gratuito<\/strong>. La <strong>caminata <\/strong>tiene una duraci\u00f3n de <strong>20 minutos<\/strong>.<\/p>\n\n\n\n<p><\/p>\n\n\n\n<figure class=\"wp-block-image size-large\"><img loading=\"lazy\" decoding=\"async\" width=\"768\" height=\"1024\" src=\"https:\/\/www.buscounchollo.com\/blog\/app\/uploads\/2021\/06\/13.jpeg\" alt=\"\" class=\"wp-image-18621\"\/><\/figure>\n\n\n\n<p><a id=\"texto-ancla4\"><\/a><\/p>\n\n\n\n<h2 class=\"wp-block-heading\"><span id=\"Lugares_imprescindibles_que_tienes_que_visitar_en_Menorca_y_no_son_mas_playas_y_calas\"><strong>Lugares imprescindibles que tienes que visitar en Menorca (y no son m\u00e1s playas y calas)<\/strong><\/span><\/h2>\n\n\n\n<p><\/p>\n\n\n\n<p>Dejamos atr\u00e1s las playas, la arena y el agua para descubrir los rincones m\u00e1s bonitos de la isla. Menorca es mucho m\u00e1s \ud83d\udc40\u00a1Puedes hacer un mont\u00f3n de cosas sin pisar la arena!<\/p>\n\n\n\n<p><\/p>\n\n\n\n<p>Para empezar, una de las paradas obligatorias si viajar a Menorca es <strong>Mah\u00f3n<\/strong> (Ma\u00f3 o \u201cMo\u201d para los isle\u00f1os). Esta ciudad est\u00e1 instalada junto al segundo puerto natural m\u00e1s grande del mundo.<\/p>\n\n\n\n<p><\/p>\n\n\n\n<figure class=\"wp-block-video\"><video controls src=\"https:\/\/www.buscounchollo.com\/blog\/wp-content\/uploads\/2021\/06\/img-9905_IZ493snH.mov\"><\/video><\/figure>\n\n\n\n<p>Aqu\u00ed puedes pasear por el <strong>puerto de Mah\u00f3n<\/strong>; visitar el <strong>Mercado de Pescados<\/strong> para tomar algo a medio d\u00eda; visitar la <strong>Iglesia de Santa Mar\u00eda<\/strong> y la playa del Ayuntamiento; y pasar por debajo del \u00faltimo vestigio de la antigua muralla medieval de la ciudad, el <strong>Pont de Sant Roc<\/strong>.<\/p>\n\n\n\n<p><\/p>\n\n\n\n<figure class=\"wp-block-image size-large\"><img loading=\"lazy\" decoding=\"async\" width=\"768\" height=\"1024\" src=\"https:\/\/www.buscounchollo.com\/blog\/app\/uploads\/2021\/06\/14.jpeg\" alt=\"\" class=\"wp-image-18622\"\/><\/figure>\n\n\n\n<p>Uno de los pueblos m\u00e1s bonitos de Menorca es <strong>Ciutadella<\/strong>, antigua capital de la isla (ahora lo es Mah\u00f3n). Cuando recorres sus calles notas su <strong>aire se\u00f1orial<\/strong> y la <strong>riqueza cultural<\/strong> de la ciudad.<\/p>\n\n\n\n<p><\/p>\n\n\n\n<figure class=\"wp-block-image size-large\"><img loading=\"lazy\" decoding=\"async\" width=\"768\" height=\"1024\" src=\"https:\/\/www.buscounchollo.com\/blog\/app\/uploads\/2021\/06\/15.jpeg\" alt=\"\" class=\"wp-image-18623\"\/><\/figure>\n\n\n\n<p class=\"has-text-align-center\">\u00a1Fue fundada por romanos, agasajada por los bizantinos y dominada por los musulmanes!<\/p>\n\n\n\n<p>A nosotros nos encant\u00f3 pasear por el <strong>casco hist\u00f3rico de Ciutadella<\/strong> \ud83d\ude0d\u00bfQuieres descubrir un <strong>lugar secreto<\/strong> con unas <strong>vistas privilegiadas<\/strong> de su puerto? Te recomendamos ir al <strong>Burger King situado en Pla\u00e7a des Born<\/strong>, si accedes a su terraza situada en la \u00faltima planta del edificio alucinar\u00e1s \ud83e\udd29 Mira:<\/p>\n\n\n\n<p><\/p>\n\n\n\n<figure class=\"wp-block-image size-large\"><img loading=\"lazy\" decoding=\"async\" width=\"1024\" height=\"679\" src=\"https:\/\/www.buscounchollo.com\/blog\/app\/uploads\/2019\/04\/DSC_7237-1024x679.jpg\" alt=\"\" class=\"wp-image-9183\" srcset=\"https:\/\/www.buscounchollo.com\/blog\/app\/uploads\/2019\/04\/DSC_7237-1024x679.jpg 1024w, https:\/\/www.buscounchollo.com\/blog\/app\/uploads\/2019\/04\/DSC_7237-300x199.jpg 300w, https:\/\/www.buscounchollo.com\/blog\/app\/uploads\/2019\/04\/DSC_7237-768x509.jpg 768w, https:\/\/www.buscounchollo.com\/blog\/app\/uploads\/2019\/04\/DSC_7237.jpg 2048w\" sizes=\"(max-width: 1024px) 100vw, 1024px\" \/><\/figure>\n\n\n\n<p>Si eres un \u201c#<em>sunsetlover<\/em>\u201d y te flipa <strong>ver atardeceres<\/strong>, tenemos la localizaci\u00f3n perfecta para ti \ud83d\ude0f Te recomendamos ir al <strong>Faro de Fav\u00e0ritx<\/strong>, situado en el extremo noreste de la isla, a poco m\u00e1s de 17 km de Mah\u00f3n.<\/p>\n\n\n\n<p><\/p>\n\n\n\n<p>Su torre tiene 28 m de altura, es de color blanca y con una banda negra en espiral \u00a1Es uno de los faros m\u00e1s visitados de la isla! \ud83c\udfee<\/p>\n\n\n\n<p><\/p>\n\n\n\n<figure class=\"wp-block-image size-large\"><img loading=\"lazy\" decoding=\"async\" width=\"768\" height=\"1024\" src=\"https:\/\/www.buscounchollo.com\/blog\/app\/uploads\/2021\/06\/17.jpeg\" alt=\"\" class=\"wp-image-18624\"\/><\/figure>\n\n\n\n<p>Este faro se encuentra dentro del <strong>Parque Natural de S\u2019Albufera des Grau<\/strong>, un lugar que destaca por la coloraci\u00f3n negruzca de sus rocas y la escasa vegetaci\u00f3n \u00a1Nos record\u00f3 a las abruptas islas Canarias!<\/p>\n\n\n\n<p><\/p>\n\n\n\n<figure class=\"wp-block-video\"><video controls src=\"https:\/\/www.buscounchollo.com\/blog\/wp-content\/uploads\/2021\/06\/img-0246_rWPwJ9Eg.mov\"><\/video><\/figure>\n\n\n\n<p>Otra de las localizaciones en las que vimos uno de los mejores atardeceres del mundo fue en el <strong>Faro de Cavalleria<\/strong>, el extremo m\u00e1s septentrional de Menorca \ud83d\ude31<\/p>\n\n\n\n<p><\/p>\n\n\n\n<p>Te aconsejamos<strong> ir con tiempo y buscar un buen rinc\u00f3n<\/strong> en el que apalancarse a esperar el inicio del espect\u00e1culo solar. Al pie del mismo faro hay un peque\u00f1o bar para tomar algo, nosotros decidimos <strong>llevar nuestro propio picoteo<\/strong> \u270c\ud83c\udffdVenga, te compartimos la ubicaci\u00f3n exacta desde donde vimos este IMPRESIONANTE atardecer:<\/p>\n\n\n\n<p><\/p>\n\n\n\n<p class=\"has-text-align-center\"><strong>40.088016,4.087557<\/strong><\/p>\n\n\n\n<figure class=\"wp-block-video\"><video controls src=\"https:\/\/www.buscounchollo.com\/blog\/wp-content\/uploads\/2021\/06\/img-0551_p3JjKgaZ.mp4\"><\/video><\/figure>\n\n\n\n<p>Y por \u00faltimo, no podemos despedirnos de la isla menorquina sin visitar el pueblecito de <strong>Binibeca<\/strong> \u2764\ufe0fLa primera impresi\u00f3n visitarlo es de ser un parque tem\u00e1tico, sigue leyendo para saber porqu\u00e9 \ud83d\ude09<\/p>\n\n\n\n<p><\/p>\n\n\n\n<p>Se encuentra en el ser, concretamente en el municipio de Sant Lu\u00eds. Todas sus edificaciones son blancas, las callejuelas muy estrechas\u2026 Una \u201cmaqueta\u201d a tama\u00f1o real que <strong>recrea la belleza de las villas marineras de anta\u00f1o<\/strong> \ud83d\ude0d<\/p>\n\n\n\n<p><\/p>\n\n\n\n<div class=\"wp-block-image\"><figure class=\"aligncenter\"><img loading=\"lazy\" decoding=\"async\" width=\"1500\" height=\"1499\" src=\"https:\/\/www.buscounchollo.com\/blog\/app\/uploads\/2024\/05\/18.jpeg\" alt=\"\" class=\"wp-image-18625\"\/><\/figure><\/div>\n\n\n\n<p class=\"has-text-align-center\">La mejor forma de disfrutar de este lugar es perderse por sus calles empedradas y caminar sin rumbo.<\/p>\n\n\n\n<p><\/p>\n\n\n\n<p><a id=\"texto-ancla5\"><\/a><\/p>\n\n\n\n<h2 class=\"wp-block-heading\"><span id=\"Donde_probar_la_mejor_gastronomia_menorquina_Los_mejores_restaurantes_que_hemos_visitado\"><strong>\u00bfD\u00f3nde probar la mejor gastronom\u00eda menorquina? Los mejores restaurantes que hemos visitado<\/strong><\/span><\/h2>\n\n\n\n<p>Para que un viaje sea perfecto hay que acompa\u00f1arlo s\u00ed o s\u00ed con buena gastronom\u00eda \u00bfcoincidimos? \ud83d\udc40 En <a rel=\"noreferrer noopener\" href=\"http:\/\/www.buscounchollo.com\" target=\"_blank\">BuscoUnChollo<\/a> somos amantes de los viajes, pero tambi\u00e9n somos amantes de la gastronom\u00eda \ud83d\ude0a Es por eso que este punto tambi\u00e9n es muuuuuy importante para nosotros y hemos querido compartir nuestra experiencia contigo \u2764\ufe0f<\/p>\n\n\n\n<p><\/p>\n\n\n\n<h3 class=\"wp-block-heading\"><span id=\"Degusta_la_mejor_cocina_italiana_en_el_Restaurante_Opera\">Degusta la mejor cocina italiana en el Restaurante Opera<\/span><\/h3>\n\n\n\n<p><\/p>\n\n\n\n<p>Con m\u00e1s de 20 a\u00f1os de experiencia, el Restaurante Opera se encuentra en el Puerto de Mah\u00f3n. Aqu\u00ed fusionan los sabores t\u00edpicos menorquines con la tierra italiana \u00a1nos sorprendi\u00f3 gratamente!<\/p>\n\n\n\n<p><\/p>\n\n\n\n<p>De entrante nos pedimos unas olivas fritas rellenas de carne y de primeros: unos deliciosas <strong>spaghetti all\u2019astice <\/strong>elaborados con gambas, tomate fresco, ajo, perejil y vino blanco \ud83e\udd24; y una <strong>pizza llamada Menorquina<\/strong> con mozzarella, queso de Mah\u00f3n, sobrasada y or\u00e9gano \u00a1buen\u00edsimo! \ud83d\udc4c\ud83c\udffd<\/p>\n\n\n\n<p><\/p>\n\n\n\n<div class=\"wp-block-image\"><figure class=\"aligncenter\"><img loading=\"lazy\" decoding=\"async\" width=\"1500\" height=\"1499\" src=\"https:\/\/www.buscounchollo.com\/blog\/app\/uploads\/2024\/05\/19.jpeg\" alt=\"\" class=\"wp-image-18626\"\/><\/figure><\/div>\n\n\n\n<h3 class=\"wp-block-heading\"><span id=\"Prueba_la_mejor_caldereta_de_langosta_en_El_Pescador\">Prueba la mejor caldereta de langosta en El Pescador<\/span><\/h3>\n\n\n\n<p><\/p>\n\n\n\n<p>\u00a1Se nos hace la boca agua de recordar este lugar! \ud83e\udd24El <strong>Restaurante El Pescador<\/strong> se encuentra en el precioso puerto de Fornells \ud83d\udccd Es un restaurante especializado en pescados, carnes y arroces.<\/p>\n\n\n\n<p><\/p>\n\n\n\n<p>Aqu\u00ed es sin duda uno de los mejores lugares de Menorca para probar la <strong>Caldereta de Langosta <\/strong>(aunque podr\u00eda llamarse \u201cEl plato de los dioses\u201d) \ud83e\udd29<\/p>\n\n\n\n<p><\/p>\n\n\n\n<p class=\"has-text-align-center\"><em>\u00a1Oye! Justo en la mesa de al lado ten\u00edamos sentado al jugador de f\u00fatbol argentino Ezequiel Garay y su mujer Tamara Gorro, tertuliana y modelo espa\u00f1ola <\/em>\ud83e\udd2d<\/p>\n\n\n\n<div class=\"wp-block-image\"><figure class=\"aligncenter\"><img loading=\"lazy\" decoding=\"async\" width=\"768\" height=\"1024\" src=\"https:\/\/www.buscounchollo.com\/blog\/app\/uploads\/2024\/05\/20.jpeg\" alt=\"\" class=\"wp-image-18627\"\/><\/figure><\/div>\n\n\n\n<h3 class=\"wp-block-heading\"><span id=\"La_cocina_mas_tradicional_de_Menorca_esta_en_Es_Tast_de_Na_Silva\">La cocina m\u00e1s tradicional de Menorca est\u00e1 en Es Tast de Na Silva<\/span><\/h3>\n\n\n\n<p><\/p>\n\n\n\n<p>Para nosotros fue uno de los sitios m\u00e1s especiales que estuvimos, fue como comer en familia \u2728 <strong>Es Tast de Na Silva<\/strong> consigue crear una atm\u00f3sfera m\u00e1gica, su principal objetivo es: degustar, saborear, oler y explicarte con mucho mimo c\u00f3mo se han elaborado los platos \ud83d\ude0d<\/p>\n\n\n\n<p class=\"has-text-align-center\"><em>Todos los ingredientes provienen de productores locales, cuenta con certificado Slow Food y Km.0<\/em><\/p>\n\n\n\n<p><\/p>\n\n\n\n<p>\u00bfCu\u00e1les son los mejores platos para pedir? \ud83e\uddd0 Aunque el men\u00fa y la carta se dise\u00f1an cada d\u00eda seg\u00fan los productos\u2026 Si est\u00e1n disponibles te recomendamos pedir <strong>Oliaigu<\/strong> (una sopa tradicional menorquina) con higos, el <strong>arroz meloso de sepia con un toque de alioli<\/strong>, la <strong>Pilota<\/strong> (alb\u00f3ndiga) de ternera roja con salsa de almendra, y de postre\u2026 \u00a1frutos del bosque con merengue! \ud83d\udc4c\ud83c\udffd<\/p>\n\n\n\n<p><\/p>\n\n\n\n<div class=\"wp-block-image\"><figure class=\"aligncenter\"><img loading=\"lazy\" decoding=\"async\" width=\"1500\" height=\"1499\" src=\"https:\/\/www.buscounchollo.com\/blog\/app\/uploads\/2024\/05\/21.jpeg\" alt=\"\" class=\"wp-image-18628\"\/><\/figure><\/div>\n\n\n\n<p><strong>\u00a1Hasta aqu\u00ed nuestro cuaderno de viaje sobre Menorca! \ud83c\udf89 Esta fue la primera vez que fuimos y te aseguramos que no ser\u00e1 la \u00faltima, hemos quedado totalmente prendados de la isla \ud83d\ude0d\u00bfTe apuntas a descubrir Menorca? \ud83d\ude0f Sea cu\u00e1l sea tu respuesta, esperamos tu comentario con muuuchas ganas \u2764\ufe0f<\/strong><\/p>\n\n\n\n<p><\/p>\n","protected":false},"excerpt":{"rendered":"<p>Contenido1 Antes de empezar&#8230; \u00bfC\u00f3mo hemos viajado a Menorca?2 Nos alojamos en el Hotel TRH Tirant Playa, en Fornells3 Calas y playas de Menorca que hemos visitado (te incluimos trucos y consejos)3.1 Primera parada: Cala Galdana3.2 Segunda parada: Cala Pilar3.3 Tercera parada: Cala En Brut3.4 Cuarta parada: Cala Turqueta3.5 Quinta parada: Cala Mitjana y Mitjaneta4&#8230;<\/p>\n","protected":false},"author":5,"featured_media":12552,"comment_status":"open","ping_status":"open","sticky":false,"template":"","format":"standard","meta":{"footnotes":""},"categories":[1],"tags":[],"class_list":["post-9165","post","type-post","status-publish","format-standard","has-post-thumbnail","hentry","category-sin-categoria"],"yoast_head":"<!-- This site is optimized with the Yoast SEO plugin v23.1 - https:\/\/yoast.com\/wordpress\/plugins\/seo\/ -->\n<title>Cuaderno de viaje: \u00a1Nos vamos a Menorca! - Te contamos d\u00f3nde hemos dormido y qu\u00e9 hemos hecho - BuscoUnChollo Blog<\/title>\n<meta name=\"robots\" content=\"index, follow, max-snippet:-1, max-image-preview:large, max-video-preview:-1\" \/>\n<link rel=\"canonical\" href=\"https:\/\/www.buscounchollo.com\/blog\/cuaderno-de-viaje-nos-vamos-a-menorca-te-contamos-donde-hemos-dormido-y-que-hemos-hecho\/\" \/>\n<meta property=\"og:locale\" content=\"en_US\" \/>\n<meta property=\"og:type\" content=\"article\" \/>\n<meta property=\"og:title\" content=\"Cuaderno de viaje: \u00a1Nos vamos a Menorca! - Te contamos d\u00f3nde hemos dormido y qu\u00e9 hemos hecho - BuscoUnChollo Blog\" \/>\n<meta property=\"og:description\" content=\"Contenido1 Antes de empezar&#8230; \u00bfC\u00f3mo hemos viajado a Menorca?2 Nos alojamos en el Hotel TRH Tirant Playa, en Fornells3 Calas y playas de Menorca que hemos visitado (te incluimos trucos y consejos)3.1 Primera parada: Cala Galdana3.2 Segunda parada: Cala Pilar3.3 Tercera parada: Cala En Brut3.4 Cuarta parada: Cala Turqueta3.5 Quinta parada: Cala Mitjana y Mitjaneta4...\" \/>\n<meta property=\"og:url\" content=\"https:\/\/www.buscounchollo.com\/blog\/cuaderno-de-viaje-nos-vamos-a-menorca-te-contamos-donde-hemos-dormido-y-que-hemos-hecho\/\" \/>\n<meta property=\"og:site_name\" content=\"BuscoUnChollo Blog\" \/>\n<meta property=\"article:published_time\" content=\"2021-06-16T11:58:30+00:00\" \/>\n<meta property=\"article:modified_time\" content=\"2024-05-10T16:32:29+00:00\" \/>\n<meta property=\"og:image\" content=\"https:\/\/www.buscounchollo.com\/blog\/app\/uploads\/2021\/06\/1AA527EF-2DFC-4F37-932B-B06590E059C6_1_105_c1.jpeg\" \/>\n\t<meta property=\"og:image:width\" content=\"1024\" \/>\n\t<meta property=\"og:image:height\" content=\"768\" \/>\n\t<meta property=\"og:image:type\" content=\"image\/jpeg\" \/>\n<meta name=\"author\" content=\"BuscoUnChollo.com\" \/>\n<meta name=\"twitter:card\" content=\"summary_large_image\" \/>\n<meta name=\"twitter:label1\" content=\"Written by\" \/>\n\t<meta name=\"twitter:data1\" content=\"BuscoUnChollo.com\" \/>\n\t<meta name=\"twitter:label2\" content=\"Est. reading time\" \/>\n\t<meta name=\"twitter:data2\" content=\"12 minutes\" \/>\n<script type=\"application\/ld+json\" class=\"yoast-schema-graph\">{\"@context\":\"https:\/\/schema.org\",\"@graph\":[{\"@type\":\"Article\",\"@id\":\"https:\/\/www.buscounchollo.com\/blog\/cuaderno-de-viaje-nos-vamos-a-menorca-te-contamos-donde-hemos-dormido-y-que-hemos-hecho\/#article\",\"isPartOf\":{\"@id\":\"https:\/\/www.buscounchollo.com\/blog\/cuaderno-de-viaje-nos-vamos-a-menorca-te-contamos-donde-hemos-dormido-y-que-hemos-hecho\/\"},\"author\":{\"name\":\"BuscoUnChollo.com\",\"@id\":\"https:\/\/www.buscounchollo.com\/blog\/#\/schema\/person\/f1d358d56b7a947fde4b03bdde7d493d\"},\"headline\":\"Cuaderno de viaje: \u00a1Nos vamos a Menorca! &#8211; Te contamos d\u00f3nde hemos dormido y qu\u00e9 hemos hecho\",\"datePublished\":\"2021-06-16T11:58:30+00:00\",\"dateModified\":\"2024-05-10T16:32:29+00:00\",\"mainEntityOfPage\":{\"@id\":\"https:\/\/www.buscounchollo.com\/blog\/cuaderno-de-viaje-nos-vamos-a-menorca-te-contamos-donde-hemos-dormido-y-que-hemos-hecho\/\"},\"wordCount\":2379,\"commentCount\":17,\"publisher\":{\"@id\":\"https:\/\/www.buscounchollo.com\/blog\/#organization\"},\"image\":{\"@id\":\"https:\/\/www.buscounchollo.com\/blog\/cuaderno-de-viaje-nos-vamos-a-menorca-te-contamos-donde-hemos-dormido-y-que-hemos-hecho\/#primaryimage\"},\"thumbnailUrl\":\"https:\/\/www.buscounchollo.com\/blog\/app\/uploads\/2021\/06\/1AA527EF-2DFC-4F37-932B-B06590E059C6_1_105_c1.jpeg\",\"articleSection\":[\"Sin categor\u00eda\"],\"inLanguage\":\"en-US\",\"potentialAction\":[{\"@type\":\"CommentAction\",\"name\":\"Comment\",\"target\":[\"https:\/\/www.buscounchollo.com\/blog\/cuaderno-de-viaje-nos-vamos-a-menorca-te-contamos-donde-hemos-dormido-y-que-hemos-hecho\/#respond\"]}]},{\"@type\":\"WebPage\",\"@id\":\"https:\/\/www.buscounchollo.com\/blog\/cuaderno-de-viaje-nos-vamos-a-menorca-te-contamos-donde-hemos-dormido-y-que-hemos-hecho\/\",\"url\":\"https:\/\/www.buscounchollo.com\/blog\/cuaderno-de-viaje-nos-vamos-a-menorca-te-contamos-donde-hemos-dormido-y-que-hemos-hecho\/\",\"name\":\"Cuaderno de viaje: \u00a1Nos vamos a Menorca! - Te contamos d\u00f3nde hemos dormido y qu\u00e9 hemos hecho - BuscoUnChollo Blog\",\"isPartOf\":{\"@id\":\"https:\/\/www.buscounchollo.com\/blog\/#website\"},\"primaryImageOfPage\":{\"@id\":\"https:\/\/www.buscounchollo.com\/blog\/cuaderno-de-viaje-nos-vamos-a-menorca-te-contamos-donde-hemos-dormido-y-que-hemos-hecho\/#primaryimage\"},\"image\":{\"@id\":\"https:\/\/www.buscounchollo.com\/blog\/cuaderno-de-viaje-nos-vamos-a-menorca-te-contamos-donde-hemos-dormido-y-que-hemos-hecho\/#primaryimage\"},\"thumbnailUrl\":\"https:\/\/www.buscounchollo.com\/blog\/app\/uploads\/2021\/06\/1AA527EF-2DFC-4F37-932B-B06590E059C6_1_105_c1.jpeg\",\"datePublished\":\"2021-06-16T11:58:30+00:00\",\"dateModified\":\"2024-05-10T16:32:29+00:00\",\"breadcrumb\":{\"@id\":\"https:\/\/www.buscounchollo.com\/blog\/cuaderno-de-viaje-nos-vamos-a-menorca-te-contamos-donde-hemos-dormido-y-que-hemos-hecho\/#breadcrumb\"},\"inLanguage\":\"en-US\",\"potentialAction\":[{\"@type\":\"ReadAction\",\"target\":[\"https:\/\/www.buscounchollo.com\/blog\/cuaderno-de-viaje-nos-vamos-a-menorca-te-contamos-donde-hemos-dormido-y-que-hemos-hecho\/\"]}]},{\"@type\":\"ImageObject\",\"inLanguage\":\"en-US\",\"@id\":\"https:\/\/www.buscounchollo.com\/blog\/cuaderno-de-viaje-nos-vamos-a-menorca-te-contamos-donde-hemos-dormido-y-que-hemos-hecho\/#primaryimage\",\"url\":\"https:\/\/www.buscounchollo.com\/blog\/app\/uploads\/2021\/06\/1AA527EF-2DFC-4F37-932B-B06590E059C6_1_105_c1.jpeg\",\"contentUrl\":\"https:\/\/www.buscounchollo.com\/blog\/app\/uploads\/2021\/06\/1AA527EF-2DFC-4F37-932B-B06590E059C6_1_105_c1.jpeg\",\"width\":1024,\"height\":768},{\"@type\":\"BreadcrumbList\",\"@id\":\"https:\/\/www.buscounchollo.com\/blog\/cuaderno-de-viaje-nos-vamos-a-menorca-te-contamos-donde-hemos-dormido-y-que-hemos-hecho\/#breadcrumb\",\"itemListElement\":[{\"@type\":\"ListItem\",\"position\":1,\"name\":\"Home\",\"item\":\"https:\/\/www.buscounchollo.com\/blog\/\"},{\"@type\":\"ListItem\",\"position\":2,\"name\":\"Cuaderno de viaje: \u00a1Nos vamos a Menorca! &#8211; Te contamos d\u00f3nde hemos dormido y qu\u00e9 hemos hecho\"}]},{\"@type\":\"WebSite\",\"@id\":\"https:\/\/www.buscounchollo.com\/blog\/#website\",\"url\":\"https:\/\/www.buscounchollo.com\/blog\/\",\"name\":\"BuscoUnChollo Blog\",\"description\":\"Consejos Para Viajar Y Curiosidades\",\"publisher\":{\"@id\":\"https:\/\/www.buscounchollo.com\/blog\/#organization\"},\"potentialAction\":[{\"@type\":\"SearchAction\",\"target\":{\"@type\":\"EntryPoint\",\"urlTemplate\":\"https:\/\/www.buscounchollo.com\/blog\/?s={search_term_string}\"},\"query-input\":\"required name=search_term_string\"}],\"inLanguage\":\"en-US\"},{\"@type\":\"Organization\",\"@id\":\"https:\/\/www.buscounchollo.com\/blog\/#organization\",\"name\":\"BuscoUnChollo Blog\",\"url\":\"https:\/\/www.buscounchollo.com\/blog\/\",\"logo\":{\"@type\":\"ImageObject\",\"inLanguage\":\"en-US\",\"@id\":\"https:\/\/www.buscounchollo.com\/blog\/#\/schema\/logo\/image\/\",\"url\":\"https:\/\/www.buscounchollo.com\/blog\/app\/uploads\/2021\/05\/logo_lg-1.png\",\"contentUrl\":\"https:\/\/www.buscounchollo.com\/blog\/app\/uploads\/2021\/05\/logo_lg-1.png\",\"width\":600,\"height\":185,\"caption\":\"BuscoUnChollo Blog\"},\"image\":{\"@id\":\"https:\/\/www.buscounchollo.com\/blog\/#\/schema\/logo\/image\/\"}},{\"@type\":\"Person\",\"@id\":\"https:\/\/www.buscounchollo.com\/blog\/#\/schema\/person\/f1d358d56b7a947fde4b03bdde7d493d\",\"name\":\"BuscoUnChollo.com\",\"image\":{\"@type\":\"ImageObject\",\"inLanguage\":\"en-US\",\"@id\":\"https:\/\/www.buscounchollo.com\/blog\/#\/schema\/person\/image\/\",\"url\":\"https:\/\/secure.gravatar.com\/avatar\/?s=96&d=mm&r=g\",\"contentUrl\":\"https:\/\/secure.gravatar.com\/avatar\/?s=96&d=mm&r=g\",\"caption\":\"BuscoUnChollo.com\"},\"url\":\"https:\/\/www.buscounchollo.com\/blog\/author\/buscounchollo-com\/\"}]}<\/script>\n<!-- \/ Yoast SEO plugin. -->","yoast_head_json":{"title":"Cuaderno de viaje: \u00a1Nos vamos a Menorca! - Te contamos d\u00f3nde hemos dormido y qu\u00e9 hemos hecho - BuscoUnChollo Blog","robots":{"index":"index","follow":"follow","max-snippet":"max-snippet:-1","max-image-preview":"max-image-preview:large","max-video-preview":"max-video-preview:-1"},"canonical":"https:\/\/www.buscounchollo.com\/blog\/cuaderno-de-viaje-nos-vamos-a-menorca-te-contamos-donde-hemos-dormido-y-que-hemos-hecho\/","og_locale":"en_US","og_type":"article","og_title":"Cuaderno de viaje: \u00a1Nos vamos a Menorca! - Te contamos d\u00f3nde hemos dormido y qu\u00e9 hemos hecho - BuscoUnChollo Blog","og_description":"Contenido1 Antes de empezar&#8230; \u00bfC\u00f3mo hemos viajado a Menorca?2 Nos alojamos en el Hotel TRH Tirant Playa, en Fornells3 Calas y playas de Menorca que hemos visitado (te incluimos trucos y consejos)3.1 Primera parada: Cala Galdana3.2 Segunda parada: Cala Pilar3.3 Tercera parada: Cala En Brut3.4 Cuarta parada: Cala Turqueta3.5 Quinta parada: Cala Mitjana y Mitjaneta4...","og_url":"https:\/\/www.buscounchollo.com\/blog\/cuaderno-de-viaje-nos-vamos-a-menorca-te-contamos-donde-hemos-dormido-y-que-hemos-hecho\/","og_site_name":"BuscoUnChollo Blog","article_published_time":"2021-06-16T11:58:30+00:00","article_modified_time":"2024-05-10T16:32:29+00:00","og_image":[{"width":1024,"height":768,"url":"https:\/\/www.buscounchollo.com\/blog\/app\/uploads\/2021\/06\/1AA527EF-2DFC-4F37-932B-B06590E059C6_1_105_c1.jpeg","type":"image\/jpeg"}],"author":"BuscoUnChollo.com","twitter_card":"summary_large_image","twitter_misc":{"Written by":"BuscoUnChollo.com","Est. reading time":"12 minutes"},"schema":{"@context":"https:\/\/schema.org","@graph":[{"@type":"Article","@id":"https:\/\/www.buscounchollo.com\/blog\/cuaderno-de-viaje-nos-vamos-a-menorca-te-contamos-donde-hemos-dormido-y-que-hemos-hecho\/#article","isPartOf":{"@id":"https:\/\/www.buscounchollo.com\/blog\/cuaderno-de-viaje-nos-vamos-a-menorca-te-contamos-donde-hemos-dormido-y-que-hemos-hecho\/"},"author":{"name":"BuscoUnChollo.com","@id":"https:\/\/www.buscounchollo.com\/blog\/#\/schema\/person\/f1d358d56b7a947fde4b03bdde7d493d"},"headline":"Cuaderno de viaje: \u00a1Nos vamos a Menorca! &#8211; Te contamos d\u00f3nde hemos dormido y qu\u00e9 hemos hecho","datePublished":"2021-06-16T11:58:30+00:00","dateModified":"2024-05-10T16:32:29+00:00","mainEntityOfPage":{"@id":"https:\/\/www.buscounchollo.com\/blog\/cuaderno-de-viaje-nos-vamos-a-menorca-te-contamos-donde-hemos-dormido-y-que-hemos-hecho\/"},"wordCount":2379,"commentCount":17,"publisher":{"@id":"https:\/\/www.buscounchollo.com\/blog\/#organization"},"image":{"@id":"https:\/\/www.buscounchollo.com\/blog\/cuaderno-de-viaje-nos-vamos-a-menorca-te-contamos-donde-hemos-dormido-y-que-hemos-hecho\/#primaryimage"},"thumbnailUrl":"https:\/\/www.buscounchollo.com\/blog\/app\/uploads\/2021\/06\/1AA527EF-2DFC-4F37-932B-B06590E059C6_1_105_c1.jpeg","articleSection":["Sin categor\u00eda"],"inLanguage":"en-US","potentialAction":[{"@type":"CommentAction","name":"Comment","target":["https:\/\/www.buscounchollo.com\/blog\/cuaderno-de-viaje-nos-vamos-a-menorca-te-contamos-donde-hemos-dormido-y-que-hemos-hecho\/#respond"]}]},{"@type":"WebPage","@id":"https:\/\/www.buscounchollo.com\/blog\/cuaderno-de-viaje-nos-vamos-a-menorca-te-contamos-donde-hemos-dormido-y-que-hemos-hecho\/","url":"https:\/\/www.buscounchollo.com\/blog\/cuaderno-de-viaje-nos-vamos-a-menorca-te-contamos-donde-hemos-dormido-y-que-hemos-hecho\/","name":"Cuaderno de viaje: \u00a1Nos vamos a Menorca! - Te contamos d\u00f3nde hemos dormido y qu\u00e9 hemos hecho - BuscoUnChollo Blog","isPartOf":{"@id":"https:\/\/www.buscounchollo.com\/blog\/#website"},"primaryImageOfPage":{"@id":"https:\/\/www.buscounchollo.com\/blog\/cuaderno-de-viaje-nos-vamos-a-menorca-te-contamos-donde-hemos-dormido-y-que-hemos-hecho\/#primaryimage"},"image":{"@id":"https:\/\/www.buscounchollo.com\/blog\/cuaderno-de-viaje-nos-vamos-a-menorca-te-contamos-donde-hemos-dormido-y-que-hemos-hecho\/#primaryimage"},"thumbnailUrl":"https:\/\/www.buscounchollo.com\/blog\/app\/uploads\/2021\/06\/1AA527EF-2DFC-4F37-932B-B06590E059C6_1_105_c1.jpeg","datePublished":"2021-06-16T11:58:30+00:00","dateModified":"2024-05-10T16:32:29+00:00","breadcrumb":{"@id":"https:\/\/www.buscounchollo.com\/blog\/cuaderno-de-viaje-nos-vamos-a-menorca-te-contamos-donde-hemos-dormido-y-que-hemos-hecho\/#breadcrumb"},"inLanguage":"en-US","potentialAction":[{"@type":"ReadAction","target":["https:\/\/www.buscounchollo.com\/blog\/cuaderno-de-viaje-nos-vamos-a-menorca-te-contamos-donde-hemos-dormido-y-que-hemos-hecho\/"]}]},{"@type":"ImageObject","inLanguage":"en-US","@id":"https:\/\/www.buscounchollo.com\/blog\/cuaderno-de-viaje-nos-vamos-a-menorca-te-contamos-donde-hemos-dormido-y-que-hemos-hecho\/#primaryimage","url":"https:\/\/www.buscounchollo.com\/blog\/app\/uploads\/2021\/06\/1AA527EF-2DFC-4F37-932B-B06590E059C6_1_105_c1.jpeg","contentUrl":"https:\/\/www.buscounchollo.com\/blog\/app\/uploads\/2021\/06\/1AA527EF-2DFC-4F37-932B-B06590E059C6_1_105_c1.jpeg","width":1024,"height":768},{"@type":"BreadcrumbList","@id":"https:\/\/www.buscounchollo.com\/blog\/cuaderno-de-viaje-nos-vamos-a-menorca-te-contamos-donde-hemos-dormido-y-que-hemos-hecho\/#breadcrumb","itemListElement":[{"@type":"ListItem","position":1,"name":"Home","item":"https:\/\/www.buscounchollo.com\/blog\/"},{"@type":"ListItem","position":2,"name":"Cuaderno de viaje: \u00a1Nos vamos a Menorca! &#8211; Te contamos d\u00f3nde hemos dormido y qu\u00e9 hemos hecho"}]},{"@type":"WebSite","@id":"https:\/\/www.buscounchollo.com\/blog\/#website","url":"https:\/\/www.buscounchollo.com\/blog\/","name":"BuscoUnChollo Blog","description":"Consejos Para Viajar Y Curiosidades","publisher":{"@id":"https:\/\/www.buscounchollo.com\/blog\/#organization"},"potentialAction":[{"@type":"SearchAction","target":{"@type":"EntryPoint","urlTemplate":"https:\/\/www.buscounchollo.com\/blog\/?s={search_term_string}"},"query-input":"required name=search_term_string"}],"inLanguage":"en-US"},{"@type":"Organization","@id":"https:\/\/www.buscounchollo.com\/blog\/#organization","name":"BuscoUnChollo Blog","url":"https:\/\/www.buscounchollo.com\/blog\/","logo":{"@type":"ImageObject","inLanguage":"en-US","@id":"https:\/\/www.buscounchollo.com\/blog\/#\/schema\/logo\/image\/","url":"https:\/\/www.buscounchollo.com\/blog\/app\/uploads\/2021\/05\/logo_lg-1.png","contentUrl":"https:\/\/www.buscounchollo.com\/blog\/app\/uploads\/2021\/05\/logo_lg-1.png","width":600,"height":185,"caption":"BuscoUnChollo Blog"},"image":{"@id":"https:\/\/www.buscounchollo.com\/blog\/#\/schema\/logo\/image\/"}},{"@type":"Person","@id":"https:\/\/www.buscounchollo.com\/blog\/#\/schema\/person\/f1d358d56b7a947fde4b03bdde7d493d","name":"BuscoUnChollo.com","image":{"@type":"ImageObject","inLanguage":"en-US","@id":"https:\/\/www.buscounchollo.com\/blog\/#\/schema\/person\/image\/","url":"https:\/\/secure.gravatar.com\/avatar\/?s=96&d=mm&r=g","contentUrl":"https:\/\/secure.gravatar.com\/avatar\/?s=96&d=mm&r=g","caption":"BuscoUnChollo.com"},"url":"https:\/\/www.buscounchollo.com\/blog\/author\/buscounchollo-com\/"}]}},"_links":{"self":[{"href":"https:\/\/www.buscounchollo.com\/blog\/wp-json\/wp\/v2\/posts\/9165"}],"collection":[{"href":"https:\/\/www.buscounchollo.com\/blog\/wp-json\/wp\/v2\/posts"}],"about":[{"href":"https:\/\/www.buscounchollo.com\/blog\/wp-json\/wp\/v2\/types\/post"}],"author":[{"embeddable":true,"href":"https:\/\/www.buscounchollo.com\/blog\/wp-json\/wp\/v2\/users\/5"}],"replies":[{"embeddable":true,"href":"https:\/\/www.buscounchollo.com\/blog\/wp-json\/wp\/v2\/comments?post=9165"}],"version-history":[{"count":3,"href":"https:\/\/www.buscounchollo.com\/blog\/wp-json\/wp\/v2\/posts\/9165\/revisions"}],"predecessor-version":[{"id":18629,"href":"https:\/\/www.buscounchollo.com\/blog\/wp-json\/wp\/v2\/posts\/9165\/revisions\/18629"}],"wp:featuredmedia":[{"embeddable":true,"href":"https:\/\/www.buscounchollo.com\/blog\/wp-json\/wp\/v2\/media\/12552"}],"wp:attachment":[{"href":"https:\/\/www.buscounchollo.com\/blog\/wp-json\/wp\/v2\/media?parent=9165"}],"wp:term":[{"taxonomy":"category","embeddable":true,"href":"https:\/\/www.buscounchollo.com\/blog\/wp-json\/wp\/v2\/categories?post=9165"},{"taxonomy":"post_tag","embeddable":true,"href":"https:\/\/www.buscounchollo.com\/blog\/wp-json\/wp\/v2\/tags?post=9165"}],"curies":[{"name":"wp","href":"https:\/\/api.w.org\/{rel}","templated":true}]}}